{"id":15692,"date":"2019-02-19T21:18:03","date_gmt":"2019-02-20T02:18:03","guid":{"rendered":"https:\/\/linitiative.ca\/International\/900-exposants-au-7eme-salon-promote-du-cameroun\/"},"modified":"2019-02-19T21:18:03","modified_gmt":"2019-02-20T02:18:03","slug":"900-exposants-au-7eme-salon-promote-du-cameroun","status":"publish","type":"post","link":"https:\/\/linitiative.ca\/International\/900-exposants-au-7eme-salon-promote-du-cameroun\/","title":{"rendered":"900 exposants au 7\u00e8me salon PROMOTE du Cameroun"},"content":{"rendered":"<div readability=\"32\">\n<p>Publi\u00e9 le 20.02.2019 \u00e0 03h18 par APA News<\/p>\n<\/div>\n<div readability=\"76\">\n<p>Plus de 900 entreprises et organisations exposent leur savoir-faire \u00e0 l\u2019occasion de la 7\u00e8me \u00e9dition du Salon PROMOTE, dont l\u2019innovation fait partie des axes majeurs cette ann\u00e9e, a appris APA aupr\u00e8s de la Fondation Inter-progress, organisatrice de cet \u00e9v\u00e9nement.Du 16 au 24 f\u00e9vrier 2019 se d\u00e9roule \u00e0 Yaound\u00e9, la septi\u00e8me \u00e9dition du Salon international de l\u2019entreprise, de la PME et du partenariat (PROMOTE) o\u00f9 pr\u00e8s d\u2019un millier d\u2019exposants sont pr\u00e9sents \u00e0 ce rendez-vous du monde des affaires.<\/p>\n<p>Dans un environnement \u00e9conomique difficile o\u00f9 des initiatives visant \u00e0 booster la production nationale et les activit\u00e9s g\u00e9n\u00e9ratrices de revenus sont les bienvenues, le gouvernement camerounais s\u2019est dit d\u00e9termin\u00e9 \u00e0 accompagner l\u2019entrepreneuriat local et \u00e9tranger en vue de susciter et d\u2019encourager des investissements.<\/p>\n<p>En proc\u00e9dant \u00e0 l\u2019ouverture officielle du Salon, le Premier ministre Joseph Dion Ngute a salu\u00e9 cette initiative rappelant qu\u2019\u00ab en six \u00e9ditions, le Cameroun a accueilli environ 5000 entreprises participantes venues de tous horizons\u00bb.<\/p>\n<p>Selon la Fondation Inter-progress dirig\u00e9e par Pierre Zumbach, organisatrice de cet \u00e9v\u00e9nement pour le compte du gouvernement camerounais, plus de 900 entreprises et organisations prennent part \u00e0 cet \u00e9v\u00e8nement, pr\u00e9sent\u00e9 comme \u00e9tant l\u2019un des plus grands rendez-vous des affaires en Afrique au Sud du Sahara au cours duquel plus d\u2019un million de visiteurs sont attendus.<\/p>\n<p><ins data-revive-zoneid=\"9\" data-revive-id=\"10111e19d28d19d031742ee3b0b33eb0\"\/> <\/p>\n<p>L\u2019\u00e9dition de cette ann\u00e9e est plac\u00e9e sous le th\u00e8me \u00abclimat des affaires et d\u00e9veloppement durable de l\u2019\u00e9conomie, l\u2019\u00e9nergie et le soci\u00e9tal\u00bb.<\/p>\n<p>Une rencontre \u00e9conomique qui regroupe des exposants \u00e9voluant dans divers secteurs d\u2019activit\u00e9 provenant du Cameroun, d\u2019Afrique, d\u2019Am\u00e9rique, d\u2019Asie et d\u2019Europe.<\/p>\n<p>Outre des activit\u00e9s purement commerciales men\u00e9es par des exposants, des rencontres B to B, des visites d\u2019entreprises, des conf\u00e9rences-d\u00e9bats sur des th\u00e9matiques \u00e0 caract\u00e8re \u00e9conomique.<\/p>\n<\/div>\n<p>Auteur: APA News<br \/>\n<a href=\"https:\/\/www.journalducameroun.com\/900-exposants-au-7eme-salon-promote-du-cameroun\/\">Cliquez ici pour lire l&rsquo;article depuis sa source.<\/a><\/p>\n","protected":false},"excerpt":{"rendered":"<p>Publi\u00e9 le 20.02.2019 \u00e0 03h18 par APA News Plus de 900 entreprises et organisations exposent leur savoir-faire \u00e0 l\u2019occasion de la 7\u00e8me \u00e9dition du Salon PROMOTE, dont l\u2019innovation fait partie des axes majeurs cette ann\u00e9e, a appris APA aupr\u00e8s de la Fondation Inter-progress, organisatrice de cet \u00e9v\u00e9nement.Du 16 au 24 f\u00e9vrier 2019 se d\u00e9roule \u00e0 [&hellip;]<\/p>\n","protected":false},"author":1965,"featured_media":0,"comment_status":"closed","ping_status":"closed","sticky":false,"template":"","format":"standard","meta":{"fifu_image_url":"","fifu_image_alt":"","footnotes":""},"categories":[73,82],"tags":[],"class_list":["post-15692","post","type-post","status-publish","format-standard","hentry","category-actualite","category-cameroun"],"_links":{"self":[{"href":"https:\/\/linitiative.ca\/International\/wp-json\/wp\/v2\/posts\/15692","targetHints":{"allow":["GET"]}}],"collection":[{"href":"https:\/\/linitiative.ca\/International\/wp-json\/wp\/v2\/posts"}],"about":[{"href":"https:\/\/linitiative.ca\/International\/wp-json\/wp\/v2\/types\/post"}],"author":[{"embeddable":true,"href":"https:\/\/linitiative.ca\/International\/wp-json\/wp\/v2\/users\/1965"}],"replies":[{"embeddable":true,"href":"https:\/\/linitiative.ca\/International\/wp-json\/wp\/v2\/comments?post=15692"}],"version-history":[{"count":0,"href":"https:\/\/linitiative.ca\/International\/wp-json\/wp\/v2\/posts\/15692\/revisions"}],"wp:attachment":[{"href":"https:\/\/linitiative.ca\/International\/wp-json\/wp\/v2\/media?parent=15692"}],"wp:term":[{"taxonomy":"category","embeddable":true,"href":"https:\/\/linitiative.ca\/International\/wp-json\/wp\/v2\/categories?post=15692"},{"taxonomy":"post_tag","embeddable":true,"href":"https:\/\/linitiative.ca\/International\/wp-json\/wp\/v2\/tags?post=15692"}],"curies":[{"name":"wp","href":"https:\/\/api.w.org\/{rel}","templated":true}]}}