{"id":15770,"date":"2019-02-20T05:00:00","date_gmt":"2019-02-20T10:00:00","guid":{"rendered":"https:\/\/linitiative.ca\/International\/hmida-layachi-claque-la-porte\/"},"modified":"2019-02-20T05:00:00","modified_gmt":"2019-02-20T10:00:00","slug":"hmida-layachi-claque-la-porte","status":"publish","type":"post","link":"https:\/\/linitiative.ca\/International\/hmida-layachi-claque-la-porte\/","title":{"rendered":"H\u2019mida Layachi claque la porte"},"content":{"rendered":"<div id=\"originalText\" readability=\"45\">\n<p>\u00a0Le candidat \u00e0 l\u2019\u00e9lection pr\u00e9sidentielle, Ali Ghediri, enregistre une premi\u00e8re d\u00e9fection dans sa direction de campagne. Le journaliste H\u2019mida Layachi, qui occupait le poste de directeur de la communication, a annonc\u00e9 s\u2019\u00eatre retir\u00e9 de la campagne. H\u2019mida Layachi reproche \u00e0 Ali Ghediri \u201cun manque de professionnalisme\u201d dans ses sorties m\u00e9diatiques. Il \u00e9voque un entretien accord\u00e9 par Ali Ghediri, sans son accord, \u00e0 un m\u00e9dia \u201camateur\u201d dans lequel, il aurait formul\u00e9 des propos \u201cqui ne servent ni sa candidature ni celle de ses soutiens\u201d. Il est question d\u2019un message o\u00f9 Ali Ghediri a indiqu\u00e9 qu\u2019il allait \u201clib\u00e9rer les jeunes\u201d du fardeau de l\u2019Ansej. \u201cCe message est m\u00e9diocre ; c\u2019est le m\u00eame que celui du pouvoir\u201d, a accus\u00e9 Layachi. La direction de campagne de Ghediri a affirm\u00e9 que \u201cses propos ont \u00e9t\u00e9 mal interpr\u00e9t\u00e9s. Il n\u2019a jamais \u00e9t\u00e9 question d\u2019effacer les dettes des jeunes promoteurs. Aux promesses du pouvoir de lever les contraintes judiciaires tout en maintenant l\u2019obligation de rembourser dans les d\u00e9lais impartis, Ali Ghediri pr\u00e9conise l\u2019\u00e9talement du remboursement sur une dur\u00e9e plus longue, non contraignante\u201d. \u00a0\u00a0 \u00a0\u00a0\u00a0<\/p>\n<p class=\"c10\"><strong>\u00a0Ali Boukhlef<\/strong><\/p>\n<\/div>\n<div id=\"text_core\" readability=\"45\">\n<p>\u00a0Le candidat \u00e0 l\u2019\u00e9lection pr\u00e9sidentielle, Ali Ghediri, enregistre une premi\u00e8re d\u00e9fection dans sa direction de campagne. Le journaliste H\u2019mida Layachi, qui occupait le poste de directeur de la communication, a annonc\u00e9 s\u2019\u00eatre retir\u00e9 de la campagne. H\u2019mida Layachi reproche \u00e0 Ali Ghediri \u201cun manque de professionnalisme\u201d dans ses sorties m\u00e9diatiques. Il \u00e9voque un entretien accord\u00e9 par Ali Ghediri, sans son accord, \u00e0 un m\u00e9dia \u201camateur\u201d dans lequel, il aurait formul\u00e9 des propos \u201cqui ne servent ni sa candidature ni celle de ses soutiens\u201d. Il est question d\u2019un message o\u00f9 Ali Ghediri a indiqu\u00e9 qu\u2019il allait \u201clib\u00e9rer les jeunes\u201d du fardeau de l\u2019Ansej. \u201cCe message est m\u00e9diocre ; c\u2019est le m\u00eame que celui du pouvoir\u201d, a accus\u00e9 Layachi. La direction de campagne de Ghediri a affirm\u00e9 que \u201cses propos ont \u00e9t\u00e9 mal interpr\u00e9t\u00e9s. Il n\u2019a jamais \u00e9t\u00e9 question d\u2019effacer les dettes des jeunes promoteurs. Aux promesses du pouvoir de lever les contraintes judiciaires tout en maintenant l\u2019obligation de rembourser dans les d\u00e9lais impartis, Ali Ghediri pr\u00e9conise l\u2019\u00e9talement du remboursement sur une dur\u00e9e plus longue, non contraignante\u201d. \u00a0\u00a0 \u00a0\u00a0\u00a0<\/p>\n<p class=\"c10\"><strong>\u00a0Ali Boukhlef<\/strong><\/p>\n<\/div>\n<p>Auteur:<br \/>\n<a href=\"https:\/\/www.liberte-algerie.com\/actualite\/hmida-layachi-claque-la-porte-309846\">Cliquez ici pour lire l&rsquo;article depuis sa source.<\/a><\/p>\n","protected":false},"excerpt":{"rendered":"<p>\u00a0Le candidat \u00e0 l\u2019\u00e9lection pr\u00e9sidentielle, Ali Ghediri, enregistre une premi\u00e8re d\u00e9fection dans sa direction de campagne. Le journaliste H\u2019mida Layachi, qui occupait le poste de directeur de la communication, a annonc\u00e9 s\u2019\u00eatre retir\u00e9 de la campagne. H\u2019mida Layachi reproche \u00e0 Ali Ghediri \u201cun manque de professionnalisme\u201d dans ses sorties m\u00e9diatiques. Il \u00e9voque un entretien accord\u00e9 [&hellip;]<\/p>\n","protected":false},"author":1742,"featured_media":0,"comment_status":"closed","ping_status":"closed","sticky":false,"template":"","format":"standard","meta":{"fifu_image_url":"","fifu_image_alt":"","footnotes":""},"categories":[73,53],"tags":[],"class_list":["post-15770","post","type-post","status-publish","format-standard","hentry","category-actualite","category-algerie"],"_links":{"self":[{"href":"https:\/\/linitiative.ca\/International\/wp-json\/wp\/v2\/posts\/15770","targetHints":{"allow":["GET"]}}],"collection":[{"href":"https:\/\/linitiative.ca\/International\/wp-json\/wp\/v2\/posts"}],"about":[{"href":"https:\/\/linitiative.ca\/International\/wp-json\/wp\/v2\/types\/post"}],"author":[{"embeddable":true,"href":"https:\/\/linitiative.ca\/International\/wp-json\/wp\/v2\/users\/1742"}],"replies":[{"embeddable":true,"href":"https:\/\/linitiative.ca\/International\/wp-json\/wp\/v2\/comments?post=15770"}],"version-history":[{"count":0,"href":"https:\/\/linitiative.ca\/International\/wp-json\/wp\/v2\/posts\/15770\/revisions"}],"wp:attachment":[{"href":"https:\/\/linitiative.ca\/International\/wp-json\/wp\/v2\/media?parent=15770"}],"wp:term":[{"taxonomy":"category","embeddable":true,"href":"https:\/\/linitiative.ca\/International\/wp-json\/wp\/v2\/categories?post=15770"},{"taxonomy":"post_tag","embeddable":true,"href":"https:\/\/linitiative.ca\/International\/wp-json\/wp\/v2\/tags?post=15770"}],"curies":[{"name":"wp","href":"https:\/\/api.w.org\/{rel}","templated":true}]}}