{"id":15806,"date":"2019-02-20T11:20:56","date_gmt":"2019-02-20T16:20:56","guid":{"rendered":"https:\/\/linitiative.ca\/International\/notre-environnement-au-coeur-de-nos-preoccupations-theme-des-journees-environnementales-a-safi\/"},"modified":"2019-02-20T11:20:56","modified_gmt":"2019-02-20T16:20:56","slug":"notre-environnement-au-coeur-de-nos-preoccupations-theme-des-journees-environnementales-a-safi","status":"publish","type":"post","link":"https:\/\/linitiative.ca\/International\/notre-environnement-au-coeur-de-nos-preoccupations-theme-des-journees-environnementales-a-safi\/","title":{"rendered":"\u00ab\u00a0Notre environnement, au c\u0153ur de nos pr\u00e9occupations\u00a0\u00bb, th\u00e8me des Journ\u00e9es environnementales \u00e0 Safi"},"content":{"rendered":"<div class=\"single-featured\"><img alt=\"\" data-src=\"http:\/\/www.mapmarrakech.ma\/map\/uploads\/2019\/02\/journ\u00e9esenvirsafi-copier.jpg\"\/><\/div>\n<div class=\"single-post-excerpt post-excerpt-bc\" readability=\"39\">\n<p>Safi, 20\/02\/2019 (MAP)-L\u2019Association Chouala pour l\u2019\u00e9ducation et la culture, section de Safi, a organis\u00e9 du 13 au 17 f\u00e9vrier \u00e0 la Maison de la jeunesse \u00e0 la M\u00e9dina de Safi, les Journ\u00e9es environnementales sous le th\u00e8me \u00ab\u00a0Notre environnement, au c\u0153ur de nos pr\u00e9occupations\u00a0\u00bb.<\/p>\n<\/div>\n<div class=\"entry-content clearfix single-post-content\" readability=\"47\">\n<p>Cette initiative ciblant les enfants, les jeunes, les cadres des associations \u0153uvrant dans les domaines environnemental et \u00e9ducatif et les populations de la m\u00e9dina, vise \u00e0 encourager les acteurs environnementaux \u00e0 s\u2019impliquer dans les activit\u00e9s environnementales et \u00e9duquer les enfants et les jeunes sur l\u2019importance de la protection de l\u2019environnement.<\/p>\n<p>Organis\u00e9es avec le soutien du Conseil municipal de Safi, la D\u00e9l\u00e9gation de l\u2019environnement et les associations \u0153uvrant dans le domaine de l\u2019environnement, ces journ\u00e9es comportent des ateliers, des campagnes de propret\u00e9, des fresques, des op\u00e9rations de plantation d\u2019arbres.<\/p>\n<\/div>\n<p>Auteur: Meriem IGASS<br \/>\n<a href=\"http:\/\/www.mapmarrakech.ma\/fr\/notre-environnement-au-coeur-de-nos-preoccupations-theme-des-journees-environnementales-a-safi\/\">Cliquez ici pour lire l&rsquo;article depuis sa source.<\/a><\/p>\n","protected":false},"excerpt":{"rendered":"<p>Safi, 20\/02\/2019 (MAP)-L\u2019Association Chouala pour l\u2019\u00e9ducation et la culture, section de Safi, a organis\u00e9 du 13 au 17 f\u00e9vrier \u00e0 la Maison de la jeunesse \u00e0 la M\u00e9dina de Safi, les Journ\u00e9es environnementales sous le th\u00e8me \u00ab\u00a0Notre environnement, au c\u0153ur de nos pr\u00e9occupations\u00a0\u00bb. Cette initiative ciblant les enfants, les jeunes, les cadres des associations \u0153uvrant [&hellip;]<\/p>\n","protected":false},"author":1788,"featured_media":15807,"comment_status":"closed","ping_status":"closed","sticky":false,"template":"","format":"standard","meta":{"fifu_image_url":"","fifu_image_alt":"","footnotes":""},"categories":[54,76],"tags":[],"class_list":["post-15806","post","type-post","status-publish","format-standard","has-post-thumbnail","hentry","category-maroc","category-regions"],"_links":{"self":[{"href":"https:\/\/linitiative.ca\/International\/wp-json\/wp\/v2\/posts\/15806","targetHints":{"allow":["GET"]}}],"collection":[{"href":"https:\/\/linitiative.ca\/International\/wp-json\/wp\/v2\/posts"}],"about":[{"href":"https:\/\/linitiative.ca\/International\/wp-json\/wp\/v2\/types\/post"}],"author":[{"embeddable":true,"href":"https:\/\/linitiative.ca\/International\/wp-json\/wp\/v2\/users\/1788"}],"replies":[{"embeddable":true,"href":"https:\/\/linitiative.ca\/International\/wp-json\/wp\/v2\/comments?post=15806"}],"version-history":[{"count":0,"href":"https:\/\/linitiative.ca\/International\/wp-json\/wp\/v2\/posts\/15806\/revisions"}],"wp:featuredmedia":[{"embeddable":true,"href":"https:\/\/linitiative.ca\/International\/wp-json\/"}],"wp:attachment":[{"href":"https:\/\/linitiative.ca\/International\/wp-json\/wp\/v2\/media?parent=15806"}],"wp:term":[{"taxonomy":"category","embeddable":true,"href":"https:\/\/linitiative.ca\/International\/wp-json\/wp\/v2\/categories?post=15806"},{"taxonomy":"post_tag","embeddable":true,"href":"https:\/\/linitiative.ca\/International\/wp-json\/wp\/v2\/tags?post=15806"}],"curies":[{"name":"wp","href":"https:\/\/api.w.org\/{rel}","templated":true}]}}