{"id":15808,"date":"2019-02-20T04:58:21","date_gmt":"2019-02-20T09:58:21","guid":{"rendered":"https:\/\/linitiative.ca\/International\/tizi-ouzou-realisation-dune-stele-a-la-memoire-du-chahid-didouche-mourad-a-aghribs\/"},"modified":"2019-02-20T04:58:21","modified_gmt":"2019-02-20T09:58:21","slug":"tizi-ouzou-realisation-dune-stele-a-la-memoire-du-chahid-didouche-mourad-a-aghribs","status":"publish","type":"post","link":"https:\/\/linitiative.ca\/International\/tizi-ouzou-realisation-dune-stele-a-la-memoire-du-chahid-didouche-mourad-a-aghribs\/","title":{"rendered":"Tizi-Ouzou: r\u00e9alisation d&rsquo;une st\u00e8le \u00e0 la m\u00e9moire du chahid Didouche Mourad\u00a0\u00e0 Aghribs"},"content":{"rendered":"<div>\n<div class=\"K2FeedImage\"><img decoding=\"async\" src=\"http:\/\/www.aps.dz\/media\/k2\/items\/cache\/e5bcd1ecfb414a8c516b1db81c42bdd7_S.jpg\" alt=\"Tizi-Ouzou: r\u00e9alisation d'une st\u00e8le \u00e0 la m\u00e9moire du chahid Didouche Mourad\u00a0\u00e0 Aghribs\"><\/div>\n<div class=\"K2FeedIntroText\">\n<p>TIZI-OUZOU &#8211; Une st\u00e8le \u00e0 l&rsquo;effigie du chahid Didouche Mourad, tomb\u00e9 au champ d&rsquo;honneur le 18 janvier 1955, sera r\u00e9alis\u00e9e \u00e0 Iguer-Oucherki, commune d&rsquo;Aghribs (40 km au nord-est de Tizi Ouzou), a-t-on appris mardi de Messis Amirouche, pr\u00e9sident de l&rsquo;Assembl\u00e9e populaire de cette commune.<\/p>\n<\/div>\n<div class=\"K2FeedFullText\">\n<blockquote>\n<p><em><strong>Les travaux de la statue, qui sera r\u00e9alis\u00e9e au croisement des routes nationales N 73 et 71, \u00ab\u00a0ont d\u00e9j\u00e0 \u00e9t\u00e9 entam\u00e9s par la commune\u00a0\u00bb, a-t-il indiqu\u00e9, ajoutant que l&rsquo;ensemble des habitants de la localit\u00e9 sont mobilis\u00e9s pour \u00ab\u00a0achever la r\u00e9alisation de cette st\u00e8le dans les plus brefs d\u00e9lais afin qu&rsquo;elle soit inaugur\u00e9e lors d&rsquo;une des dates comm\u00e9moratives de la Guerre de lib\u00e9ration, 5 juillet ou 1 novembre, pour peu que les moyens financiers soient disponibles\u00a0\u00bb.<\/strong><\/em><\/p>\n<\/blockquote>\n<p>En visite de travail dans cette commune, co\u00efncidant avec les festivit\u00e9s de c\u00e9l\u00e9bration de la journ\u00e9e du Chahid, le wali Abdelhakim Chater, a octroy\u00e9 une subvention financi\u00e8re de 02 millions de DA pour la construction de cette st\u00e8le comm\u00e9morative \u00e0 la m\u00e9moire du h\u00e9ros de la Guerre de lib\u00e9ration nationale, en r\u00e9ponse \u00e0 une requ\u00eate des citoyens qu&rsquo;il avait rencontr\u00e9s lors de sa visite.<\/p>\n<hr>\n<p><a href=\"http:\/\/www.aps.dz\/algerie\/68588-le-chahid-didouche-mourad-portait-un-projet-national-d-emancipation\">Lire aussi: Le chahid Didouche Mourad portait un projet national d\u2019\u00e9mancipation<\/a><\/p>\n<hr>\n<p>Originaire de cette r\u00e9gion, plus exactement du village Ibeskri\u00e8ne, Didouche Mourad, n\u00e9 le 13 juillet 1927 \u00e0 Alger et tomb\u00e9 au champ d&rsquo;honneur le 18 janvier 1955 dans l&rsquo;actuelle Zighoud Youcef, dans la wilaya de Constantine, \u00e9tait un militant nationaliste de la premi\u00e8re heure et l&rsquo;un des six fondateurs du Front de lib\u00e9ration nationale (FLN).<\/p>\n<p>Lors de cette visite, le chef de l&rsquo;ex\u00e9cutif local a, \u00e9galement, instruit la direction locale de la Culture pour l&rsquo;organisation d&rsquo;un grand hommage aux artistes issus de la r\u00e9gion \u00e0 l&rsquo;instar de la diva de la chanson kabyle, Hnifa (n\u00e9e en 1924 \u00e0 Ighil-Larbaa et d\u00e9c\u00e9d\u00e9e en 1981), le peintre M&rsquo;hamed Issiakhem (n\u00e9 en 1928 \u00e0 Taboudoucht, d\u00e9c\u00e9d\u00e9 le 1?? d\u00e9cembre 1985) et le musicien Mohamed Iguerbouch\u00e8ne (n\u00e9 en 1907 \u00e0 A\u00eft Ouch\u00e8ne et d\u00e9c\u00e9d\u00e9 le 23 ao\u00fbt 1966).<\/p>\n<\/div>\n<\/div>\n<p>Auteur:<br \/>\n<a href=\"http:\/\/www.aps.dz\/regions\/85832-tizi-ouzou-realisation-d-une-stele-a-la-memoire-du-chahid-didouche-mourad-a-aghribs\">Cliquez ici pour lire l&rsquo;article depuis sa source.<\/a><\/p>\n","protected":false},"excerpt":{"rendered":"<p>TIZI-OUZOU &#8211; Une st\u00e8le \u00e0 l&rsquo;effigie du chahid Didouche Mourad, tomb\u00e9 au champ d&rsquo;honneur le 18 janvier 1955, sera r\u00e9alis\u00e9e \u00e0 Iguer-Oucherki, commune d&rsquo;Aghribs (40 km au nord-est de Tizi Ouzou), a-t-on appris mardi de Messis Amirouche, pr\u00e9sident de l&rsquo;Assembl\u00e9e populaire de cette commune. Les travaux de la statue, qui sera r\u00e9alis\u00e9e au croisement des [&hellip;]<\/p>\n","protected":false},"author":1790,"featured_media":15809,"comment_status":"closed","ping_status":"closed","sticky":false,"template":"","format":"standard","meta":{"fifu_image_url":"","fifu_image_alt":"","footnotes":""},"categories":[53,76],"tags":[],"class_list":["post-15808","post","type-post","status-publish","format-standard","has-post-thumbnail","hentry","category-algerie","category-regions"],"_links":{"self":[{"href":"https:\/\/linitiative.ca\/International\/wp-json\/wp\/v2\/posts\/15808","targetHints":{"allow":["GET"]}}],"collection":[{"href":"https:\/\/linitiative.ca\/International\/wp-json\/wp\/v2\/posts"}],"about":[{"href":"https:\/\/linitiative.ca\/International\/wp-json\/wp\/v2\/types\/post"}],"author":[{"embeddable":true,"href":"https:\/\/linitiative.ca\/International\/wp-json\/wp\/v2\/users\/1790"}],"replies":[{"embeddable":true,"href":"https:\/\/linitiative.ca\/International\/wp-json\/wp\/v2\/comments?post=15808"}],"version-history":[{"count":0,"href":"https:\/\/linitiative.ca\/International\/wp-json\/wp\/v2\/posts\/15808\/revisions"}],"wp:featuredmedia":[{"embeddable":true,"href":"https:\/\/linitiative.ca\/International\/wp-json\/"}],"wp:attachment":[{"href":"https:\/\/linitiative.ca\/International\/wp-json\/wp\/v2\/media?parent=15808"}],"wp:term":[{"taxonomy":"category","embeddable":true,"href":"https:\/\/linitiative.ca\/International\/wp-json\/wp\/v2\/categories?post=15808"},{"taxonomy":"post_tag","embeddable":true,"href":"https:\/\/linitiative.ca\/International\/wp-json\/wp\/v2\/tags?post=15808"}],"curies":[{"name":"wp","href":"https:\/\/api.w.org\/{rel}","templated":true}]}}