{"id":15810,"date":"2019-02-20T05:40:01","date_gmt":"2019-02-20T10:40:01","guid":{"rendered":"https:\/\/linitiative.ca\/International\/djelfa-des-stations-depuration-des-eaux-usees-au-profit-de-trois-communes\/"},"modified":"2019-02-20T05:40:01","modified_gmt":"2019-02-20T10:40:01","slug":"djelfa-des-stations-depuration-des-eaux-usees-au-profit-de-trois-communes","status":"publish","type":"post","link":"https:\/\/linitiative.ca\/International\/djelfa-des-stations-depuration-des-eaux-usees-au-profit-de-trois-communes\/","title":{"rendered":"Djelfa : des stations d&rsquo;\u00e9puration des eaux us\u00e9es au profit de trois communes"},"content":{"rendered":"<div>\n<div class=\"K2FeedImage\"><img decoding=\"async\" src=\"http:\/\/www.aps.dz\/media\/k2\/items\/cache\/6f7092f56882f6c25723e1ff5bbc810d_S.jpg\" alt=\"Djelfa : des stations d'\u00e9puration des eaux us\u00e9es au profit de trois communes\"><\/div>\n<div class=\"K2FeedIntroText\">\n<div>\n<p>DJELFA &#8211; Le ministre des Ressources en eau, Hocine Necib, a indiqu\u00e9, mardi \u00e0 Djelfa, que les communes de Birine, Messaad et Ain Oussara avaient b\u00e9n\u00e9fici\u00e9 de projets de r\u00e9alisation de stations d&rsquo;\u00e9puration des eaux us\u00e9es.<\/p>\n<\/div>\n<div class=\"K2FeedFullText\">\n<p>\u00ab\u00a0La r\u00e9alisation de ces acquis (les stations) sera lanc\u00e9e prochainement notamment que les \u00e9tudes y aff\u00e9rentes ont \u00e9t\u00e9 d\u00e9j\u00e0 finalis\u00e9es\u00a0\u00bb, a fait savoir M. Necib en marge de sa visite dans la wilaya de Djelfa avec les ministres de l&rsquo;Int\u00e9rieur, des collectivit\u00e9s locales et de l&rsquo;am\u00e9nagement du territoire, Noureddine Bedoui, et des transports et des travaux publics, Abdelghani Zaalane.<\/p>\n<p>Pour sa part, M. Bedoui s&rsquo;est enquis \u00e0 Hassi Bahbah du probl\u00e8me de l&rsquo;assainissement sanitaire qui requiert de tel projet auquel il accorde un int\u00e9r\u00eat particulier. Dans le cadre de cette visite, la d\u00e9l\u00e9gation minist\u00e9rielle s&rsquo;est enquise du projet d&rsquo;alimentation en eau potable au niveau du chef lieu de la wilaya o\u00f9 un r\u00e9servoir d&rsquo;une capacit\u00e9 de 10000 m3 a \u00e9t\u00e9 r\u00e9alis\u00e9 dans la localit\u00e9 de Ras Rih (Sdar).<\/p>\n<p>Le ministre a instruit les responsables de son secteur \u00e0 l&rsquo;imp\u00e9ratif de r\u00e9ceptionner, mi mars, le projet du champ de Dzira \u00e0 la commune d&rsquo;Ain El Ibel (30 km au sud de la wilaya) pour qu&rsquo;il soit une valeur qualitative dans la hausse des capacit\u00e9s d&rsquo;approvisionnement.<\/p>\n<hr>\n<p><em><strong>Lire aussi :\u00a0<a href=\"http:\/\/www.aps.dz\/regions\/85796-bechar-la-problematique-d-exploitation-distribution-et-de-traitement-de-l-eau-en-voie-de-resolution\" target=\"_blank\" rel=\"noopener noreferrer\">La probl\u00e9matique d&rsquo;eau potable \u00e0 Bechar en voie de r\u00e9solution<\/a><\/strong><\/em><\/p>\n<hr>\n<p>Il a insist\u00e9, par ailleurs, sur la n\u00e9cessit\u00e9 d&rsquo;acc\u00e9l\u00e9rer la r\u00e9ception et le suivi des projets, mettant en avant que la wilaya de Djelfa b\u00e9n\u00e9ficiera, \u00e0 l&rsquo;avenir, d&rsquo;un projet de transfert d&rsquo;eau du sud vers les Hauts plateaux.<\/p>\n<p>Le d\u00e9gel des projets du secteur a concern\u00e9 11 op\u00e9rations dans cette wilayas, \u00e0 savoir l&rsquo;assainissement et la protection des villes contre les inondations, soit d&rsquo;une valeur de plus de 4 milliards de DA, a fait savoir le ministre. Une enveloppe financi\u00e8re de 2,3 milliards de DA a \u00e9t\u00e9 allou\u00e9e \u00e0 cette wilaya pour l&rsquo;alimentation en eau potable au profit de 6 communes, a ajout\u00e9 le ministre des Ressources en eau.<\/p>\n<\/div>\n<\/div>\n<\/div>\n<p>Auteur:<br \/>\n<a href=\"http:\/\/www.aps.dz\/regions\/85837-djelfa-des-stations-d-epuration-des-eaux-usees-au-profit-de-trois-communes\">Cliquez ici pour lire l&rsquo;article depuis sa source.<\/a><\/p>\n","protected":false},"excerpt":{"rendered":"<p>DJELFA &#8211; Le ministre des Ressources en eau, Hocine Necib, a indiqu\u00e9, mardi \u00e0 Djelfa, que les communes de Birine, Messaad et Ain Oussara avaient b\u00e9n\u00e9fici\u00e9 de projets de r\u00e9alisation de stations d&rsquo;\u00e9puration des eaux us\u00e9es. \u00ab\u00a0La r\u00e9alisation de ces acquis (les stations) sera lanc\u00e9e prochainement notamment que les \u00e9tudes y aff\u00e9rentes ont \u00e9t\u00e9 d\u00e9j\u00e0 [&hellip;]<\/p>\n","protected":false},"author":1790,"featured_media":15811,"comment_status":"closed","ping_status":"closed","sticky":false,"template":"","format":"standard","meta":{"fifu_image_url":"","fifu_image_alt":"","footnotes":""},"categories":[53,76],"tags":[],"class_list":["post-15810","post","type-post","status-publish","format-standard","has-post-thumbnail","hentry","category-algerie","category-regions"],"_links":{"self":[{"href":"https:\/\/linitiative.ca\/International\/wp-json\/wp\/v2\/posts\/15810","targetHints":{"allow":["GET"]}}],"collection":[{"href":"https:\/\/linitiative.ca\/International\/wp-json\/wp\/v2\/posts"}],"about":[{"href":"https:\/\/linitiative.ca\/International\/wp-json\/wp\/v2\/types\/post"}],"author":[{"embeddable":true,"href":"https:\/\/linitiative.ca\/International\/wp-json\/wp\/v2\/users\/1790"}],"replies":[{"embeddable":true,"href":"https:\/\/linitiative.ca\/International\/wp-json\/wp\/v2\/comments?post=15810"}],"version-history":[{"count":0,"href":"https:\/\/linitiative.ca\/International\/wp-json\/wp\/v2\/posts\/15810\/revisions"}],"wp:featuredmedia":[{"embeddable":true,"href":"https:\/\/linitiative.ca\/International\/wp-json\/"}],"wp:attachment":[{"href":"https:\/\/linitiative.ca\/International\/wp-json\/wp\/v2\/media?parent=15810"}],"wp:term":[{"taxonomy":"category","embeddable":true,"href":"https:\/\/linitiative.ca\/International\/wp-json\/wp\/v2\/categories?post=15810"},{"taxonomy":"post_tag","embeddable":true,"href":"https:\/\/linitiative.ca\/International\/wp-json\/wp\/v2\/tags?post=15810"}],"curies":[{"name":"wp","href":"https:\/\/api.w.org\/{rel}","templated":true}]}}