{"id":15816,"date":"2019-02-20T09:57:48","date_gmt":"2019-02-20T14:57:48","guid":{"rendered":"https:\/\/linitiative.ca\/International\/suivre-la-voie-du-defunt-cheikh-belkebir-dans-la-diffusion-des-sciences-de-lislam\/"},"modified":"2019-02-20T09:57:48","modified_gmt":"2019-02-20T14:57:48","slug":"suivre-la-voie-du-defunt-cheikh-belkebir-dans-la-diffusion-des-sciences-de-lislam","status":"publish","type":"post","link":"https:\/\/linitiative.ca\/International\/suivre-la-voie-du-defunt-cheikh-belkebir-dans-la-diffusion-des-sciences-de-lislam\/","title":{"rendered":"Suivre la voie du d\u00e9funt Cheikh Belkebir dans la diffusion des sciences de l\u2019Islam\u00a0"},"content":{"rendered":"<div>\n<div class=\"K2FeedImage\"><img decoding=\"async\" src=\"http:\/\/www.aps.dz\/media\/k2\/items\/cache\/4f5d7470bf996a50d7a3e73b3606f01d_S.jpg\" alt=\"Suivre la voie du d\u00e9funt Cheikh Belkebir dans la diffusion des sciences de l\u2019Islam\u00a0\"><\/div>\n<div class=\"K2FeedIntroText\">\n<p>\u00a0<\/p>\n<p>ADRAR- Le pr\u00e9sident du Haut Conseil Islamique (HCI), Bouabdallah Ghlamallah, a plaid\u00e9, mercredi depuis Adrar, \u00e0 suivre la voie du d\u00e9funt Cheikh Sidi Mohamed Belkebir dans la diffusion des sciences de l\u2019Islam dans les mosqu\u00e9es et \u00e9coles coraniques.<\/p>\n<\/div>\n<div class=\"K2FeedFullText\">\n<blockquote>\n<p><em><strong>\u00ab\u00a0L\u2019imamat n\u2019est pas une simple fonction source de revenu, mais une voie spirituelle de formation et d\u2019immunisation de la Nation, de rayonnement scientifique et d\u2019\u00e9veil des consciences pour promouvoir les bonnes actions et raffermir la coh\u00e9sion sociale\u00a0\u00bb, a indiqu\u00e9 M. Ghlamallah, en ouverture des travaux d\u2019un colloque annuel de comm\u00e9moration de la mort de Cheikh Sidi Mohamed Belkebir.<\/strong><\/em><\/p>\n<\/blockquote>\n<p>Saluant les efforts et le parcours scientifique et religieux des Chouyoukh et \u00e9minentes personnalit\u00e9s de la r\u00e9gion, le pr\u00e9sident du HCI a indiqu\u00e9 qu\u2019il constitue \u00ab\u00a0un message de ceux qui ont vou\u00e9 leur vie au service de la nation et sa cimentation, loin des tracas de la vie quotidienne, leur conf\u00e9rant une place de choix dans le c\u0153ur de leurs disciples et des citoyens venus se recueillir \u00e0 leur m\u00e9moire\u00a0\u00bb.<\/p>\n<p>Cet \u00e9v\u00e8nement comm\u00e9moratif, qui a regroup\u00e9 de nombreux Chouyoukh, imams et apprenants, a \u00e9t\u00e9 mis \u00e0 profit pour rendre hommage \u00e0 la personnalit\u00e9 de cette \u00e9dition, en l\u2019occurrence Cheikh Hadj Ahmed El-Maghili, en reconnaissance \u00e0 ses efforts dans l\u2019enseignement des sciences Islamiques au niveau de l\u2019\u00e9cole coranique \u00ab\u00a0El-Amra\u00a0\u00bb au ksar d\u2019Anzedjmir (Sud d\u2019Adrar).<\/p>\n<p>Encadr\u00e9e par des Chouyoukh, des imams et des universitaires, la rencontre a permis d\u2019\u00e9voquer des manuscrits, dont \u00ab\u00a0El-Mourchid El-Mouin\u00a0\u00bb de l\u2019auteur Ibn-Acher, source d\u2019enseignement dans les programmes didactiques religieux du d\u00e9funt Cheikh Sidi Mohamed Belkebir.<\/p>\n<blockquote>\n<p><em><strong>Selon les intervenants, ce manuscrit, appel\u00e9 \u00ab\u00a0Metn Ibn Acher\u00a0\u00bb dans les \u00e9coles coraniques de la r\u00e9gion, pr\u00e9serve encore sa notori\u00e9t\u00e9 didactique, comme source principale dans l\u2019enseignement des sciences religieuses, eu \u00e9gard \u00e0 sa consistance et \u00e0 la simplicit\u00e9 d\u2019explications des concepts religieux islamiques.<\/strong><\/em><\/p>\n<\/blockquote>\n<p>Ce manuscrit constitue \u00e9galement un lien civilisationnel, culturel et g\u00e9ographique pour la nation musulmane de par le monde, notamment pour les adeptes de la doctrine Mal\u00e9kite.<\/p>\n<p>La wilaya d\u2019Adrar constitue ces jours-ci la destination de nombreux visiteurs venus de diff\u00e9rentes r\u00e9gions du pays pour assister \u00e0 la c\u00e9r\u00e9monie de lecture du Saint Coran \u00e0 la m\u00e9moire du d\u00e9funt cheikh Sidi Mohamed Belkebir, dans la cadre de la comm\u00e9moration du 19\u00e8me anniversaire de sa mort.<\/p>\n<\/div>\n<\/div>\n<p>Auteur:<br \/>\n<a href=\"http:\/\/www.aps.dz\/regions\/85864-suivre-la-voie-du-defunt-cheikh-belkebir-dans-la-diffusion-des-sciences-de-l-islam\">Cliquez ici pour lire l&rsquo;article depuis sa source.<\/a><\/p>\n","protected":false},"excerpt":{"rendered":"<p>\u00a0 ADRAR- Le pr\u00e9sident du Haut Conseil Islamique (HCI), Bouabdallah Ghlamallah, a plaid\u00e9, mercredi depuis Adrar, \u00e0 suivre la voie du d\u00e9funt Cheikh Sidi Mohamed Belkebir dans la diffusion des sciences de l\u2019Islam dans les mosqu\u00e9es et \u00e9coles coraniques. \u00ab\u00a0L\u2019imamat n\u2019est pas une simple fonction source de revenu, mais une voie spirituelle de formation et [&hellip;]<\/p>\n","protected":false},"author":1790,"featured_media":15817,"comment_status":"closed","ping_status":"closed","sticky":false,"template":"","format":"standard","meta":{"fifu_image_url":"","fifu_image_alt":"","footnotes":""},"categories":[53,76],"tags":[],"class_list":["post-15816","post","type-post","status-publish","format-standard","has-post-thumbnail","hentry","category-algerie","category-regions"],"_links":{"self":[{"href":"https:\/\/linitiative.ca\/International\/wp-json\/wp\/v2\/posts\/15816","targetHints":{"allow":["GET"]}}],"collection":[{"href":"https:\/\/linitiative.ca\/International\/wp-json\/wp\/v2\/posts"}],"about":[{"href":"https:\/\/linitiative.ca\/International\/wp-json\/wp\/v2\/types\/post"}],"author":[{"embeddable":true,"href":"https:\/\/linitiative.ca\/International\/wp-json\/wp\/v2\/users\/1790"}],"replies":[{"embeddable":true,"href":"https:\/\/linitiative.ca\/International\/wp-json\/wp\/v2\/comments?post=15816"}],"version-history":[{"count":0,"href":"https:\/\/linitiative.ca\/International\/wp-json\/wp\/v2\/posts\/15816\/revisions"}],"wp:featuredmedia":[{"embeddable":true,"href":"https:\/\/linitiative.ca\/International\/wp-json\/"}],"wp:attachment":[{"href":"https:\/\/linitiative.ca\/International\/wp-json\/wp\/v2\/media?parent=15816"}],"wp:term":[{"taxonomy":"category","embeddable":true,"href":"https:\/\/linitiative.ca\/International\/wp-json\/wp\/v2\/categories?post=15816"},{"taxonomy":"post_tag","embeddable":true,"href":"https:\/\/linitiative.ca\/International\/wp-json\/wp\/v2\/tags?post=15816"}],"curies":[{"name":"wp","href":"https:\/\/api.w.org\/{rel}","templated":true}]}}