{"id":15818,"date":"2019-02-20T12:09:05","date_gmt":"2019-02-20T17:09:05","guid":{"rendered":"https:\/\/linitiative.ca\/International\/oran-saisie-de-plus-de-31-tonnes-de-denrees-alimentaires-perimees\/"},"modified":"2019-02-20T12:09:05","modified_gmt":"2019-02-20T17:09:05","slug":"oran-saisie-de-plus-de-31-tonnes-de-denrees-alimentaires-perimees","status":"publish","type":"post","link":"https:\/\/linitiative.ca\/International\/oran-saisie-de-plus-de-31-tonnes-de-denrees-alimentaires-perimees\/","title":{"rendered":"Oran : saisie de plus de 31 tonnes de denr\u00e9es alimentaires p\u00e9rim\u00e9es"},"content":{"rendered":"<div>\n<div class=\"K2FeedImage\"><img decoding=\"async\" src=\"http:\/\/www.aps.dz\/media\/k2\/items\/cache\/bb96179a0a8ca466dd6a65e361b47275_S.jpg\" alt=\"Oran : saisie de plus de 31 tonnes de denr\u00e9es alimentaires p\u00e9rim\u00e9es\"><\/div>\n<div class=\"K2FeedIntroText\">\n<p>ORAN &#8211; Pas moins de 31,6 tonnes de denr\u00e9es alimentaires p\u00e9rim\u00e9es ont \u00e9t\u00e9 saisies, mardi \u00e0 Oran, par les services de contr\u00f4le de la direction du commerce de la wilaya, a-t-on appris mercredi d\u2019une source responsable de cette administration.<\/p>\n<\/div>\n<div class=\"K2FeedFullText\">\n<p>Les denr\u00e9es alimentaires saisies dont la date de p\u00e9remption est arriv\u00e9e \u00e0 \u00e9ch\u00e9ance, \u00e9taient constitu\u00e9es pour l\u2019essentiel de farine, semoule, riz blanc, couscous, pois chiches, a indiqu\u00e9, \u00e0 l\u2019APS, le chef de service protection du consommateur et de la r\u00e9pression des fraudes \u00e0 la direction du commerce de la wilaya d\u2019Oran, Malika Staali.<\/p>\n<p>Elle a expliqu\u00e9 que la quantit\u00e9 de marchandises saisie, qui se trouvait en stock dans les locaux d\u2019un grossiste sis \u00e0 ha\u00ef Es-sedikia (Oran), \u00e9tait destin\u00e9e \u00e0 \u00eatre reconditionn\u00e9e pour \u00eatre \u00e9coul\u00e9e \u00e0 nouveau avec d\u2019autres nouvelles \u00e9tiquettes.<\/p>\n<p>Les denr\u00e9es alimentaires en question ont \u00e9t\u00e9 saisies et d\u00e9truites au niveau de la d\u00e9charge publique de Hassi Bounif au Sud-est d\u2019Oran, en pr\u00e9sence des services comp\u00e9tents, a-t-elle fait savoir . Le commer\u00e7ant contrevenant a \u00e9t\u00e9 verbalis\u00e9 pour tromperie sur la qualit\u00e9 du produit avec poursuite judiciaire, a-t-on ajout\u00e9.<\/p>\n<hr>\n<p><em><strong>Lire aussi :\u00a0<a href=\"http:\/\/www.aps.dz\/regions\/84548-medea-pres-de-trois-tonnes-de-viande-blanche-d-origine-douteuse-saisies-a-el-haoudine\" target=\"_blank\" rel=\"noopener noreferrer\">M\u00e9d\u00e9a : pr\u00e8s de trois tonnes de\u00a0<span class=\"highlight\">viande<\/span>\u00a0<span class=\"highlight\">blanche<\/span>\u00a0d&rsquo;origine douteuse saisies \u00e0 El-Haoudine<\/a><\/strong><\/em><\/p>\n<hr>\n<p>Selon la m\u00eame source, les services de contr\u00f4le de la direction du commerce ont op\u00e9r\u00e9, r\u00e9cemment \u00e0 Boutl\u00e9lis, la saisie de 10 kilogrammes d\u2019herbes anonymes ainsi qu\u2019un lot de pommade (20 kilogrammes), conditionn\u00e9s dans des bouchons en plastique, pour non-respect de mentions obligatoires d\u2019\u00e9tiquetage.<\/p>\n<p>Un proc\u00e8s-verbal de d\u00e9lit et de cessation d\u2019activit\u00e9 a \u00e9t\u00e9 dress\u00e9 \u00e0 l\u2019encontre du contrevenant, a-t-on indiqu\u00e9. Pour rappel, une saisie de 20 tonnes de denr\u00e9es impropres \u00e0 la consommation a \u00e9t\u00e9 op\u00e9r\u00e9e par les brigades de contr\u00f4le de la direction du commerce de la wilaya d\u2019Oran en d\u00e9but f\u00e9vrier en cours au niveau d\u2019un local commercial \u00e0 Gdyel, dont le d\u00e9tenteur ne disposait pas d\u2019un registre de commerce.<\/p>\n<\/div>\n<\/div>\n<p>Auteur:<br \/>\n<a href=\"http:\/\/www.aps.dz\/regions\/85874-oran-saisie-de-plus-de-31-tonnes-de-denrees-alimentaires-perimees\">Cliquez ici pour lire l&rsquo;article depuis sa source.<\/a><\/p>\n","protected":false},"excerpt":{"rendered":"<p>ORAN &#8211; Pas moins de 31,6 tonnes de denr\u00e9es alimentaires p\u00e9rim\u00e9es ont \u00e9t\u00e9 saisies, mardi \u00e0 Oran, par les services de contr\u00f4le de la direction du commerce de la wilaya, a-t-on appris mercredi d\u2019une source responsable de cette administration. Les denr\u00e9es alimentaires saisies dont la date de p\u00e9remption est arriv\u00e9e \u00e0 \u00e9ch\u00e9ance, \u00e9taient constitu\u00e9es pour [&hellip;]<\/p>\n","protected":false},"author":1790,"featured_media":15819,"comment_status":"closed","ping_status":"closed","sticky":false,"template":"","format":"standard","meta":{"fifu_image_url":"","fifu_image_alt":"","footnotes":""},"categories":[53,76],"tags":[],"class_list":["post-15818","post","type-post","status-publish","format-standard","has-post-thumbnail","hentry","category-algerie","category-regions"],"_links":{"self":[{"href":"https:\/\/linitiative.ca\/International\/wp-json\/wp\/v2\/posts\/15818","targetHints":{"allow":["GET"]}}],"collection":[{"href":"https:\/\/linitiative.ca\/International\/wp-json\/wp\/v2\/posts"}],"about":[{"href":"https:\/\/linitiative.ca\/International\/wp-json\/wp\/v2\/types\/post"}],"author":[{"embeddable":true,"href":"https:\/\/linitiative.ca\/International\/wp-json\/wp\/v2\/users\/1790"}],"replies":[{"embeddable":true,"href":"https:\/\/linitiative.ca\/International\/wp-json\/wp\/v2\/comments?post=15818"}],"version-history":[{"count":0,"href":"https:\/\/linitiative.ca\/International\/wp-json\/wp\/v2\/posts\/15818\/revisions"}],"wp:featuredmedia":[{"embeddable":true,"href":"https:\/\/linitiative.ca\/International\/wp-json\/"}],"wp:attachment":[{"href":"https:\/\/linitiative.ca\/International\/wp-json\/wp\/v2\/media?parent=15818"}],"wp:term":[{"taxonomy":"category","embeddable":true,"href":"https:\/\/linitiative.ca\/International\/wp-json\/wp\/v2\/categories?post=15818"},{"taxonomy":"post_tag","embeddable":true,"href":"https:\/\/linitiative.ca\/International\/wp-json\/wp\/v2\/tags?post=15818"}],"curies":[{"name":"wp","href":"https:\/\/api.w.org\/{rel}","templated":true}]}}