{"id":15894,"date":"2019-02-20T10:12:00","date_gmt":"2019-02-20T15:12:00","guid":{"rendered":"https:\/\/linitiative.ca\/International\/utica-laugmentation-du-tmm-aggravera-la-situation-de-lentreprise\/"},"modified":"2019-02-20T10:12:00","modified_gmt":"2019-02-20T15:12:00","slug":"utica-laugmentation-du-tmm-aggravera-la-situation-de-lentreprise","status":"publish","type":"post","link":"https:\/\/linitiative.ca\/International\/utica-laugmentation-du-tmm-aggravera-la-situation-de-lentreprise\/","title":{"rendered":"UTICA : l&rsquo;augmentation du TMM aggravera la situation de l&rsquo;entreprise"},"content":{"rendered":"<p class=\"c3\">L\u2019Utica estime que la d\u00e9cision de la banque Centrale de porter le TMM \u00e0 7,75% rel\u00e8ve de la fuite en avant et non d\u2019une recherche de solutions s\u00e9rieuses pour ma\u00eetriser l\u2019inflation.<\/p>\n<p class=\"c3\">Pour le patronat centrale cette mesure engendrera une augmentation du co\u00fbt de financement pour les entreprises du fait qu&rsquo;elle entra\u00eenera un accroissement de 15% du co\u00fbt des cr\u00e9dits, qui viendra s&rsquo;ajouter au co\u00fbt des autres hausses successives, rappelant qu&rsquo;il s&rsquo;agit de la troisi\u00e8me augmentation du taux directeur en moins d&rsquo;une ann\u00e9e et demi.<\/p>\n<p class=\"c3\">Et de poursuivre que ce nouveau taux emp\u00eachera \u00e9galement les entreprises de remplir leurs engagements envers les institutions bancaires et financi\u00e8res et alourdira leurs charges.<\/p>\n<p class=\"c3\">Pour sa part, le gouverneur de la Banque centrale, Marwan Abassi a d\u00e9clar\u00e9 mercredi que l&rsquo;augmentaion du TMM va permettre de baisser le laux d\u00a0\u00bbinflation \u00e0 moins de 7% \u00e0 la fin de l&rsquo;ann\u00e9e 2019, soit entre 6,8 et 6,9%.<\/p>\n<p class=\"c3\"><strong>Lire aussi:<\/strong><\/p>\n<p class=\"c3\"><a href=\"http:\/\/www.leaders.com.tn\/article\/26547-communique-du-conseil-d-administration-de-la-bct-reuni-les-16-et-19-fevrier-2019\" target=\"_blank\">La Banque Centrale rel\u00e8ve son taux directeur de 100 points de base : le Taux directeur passe \u00e0 7,75 par an<\/a><\/p>\n<p>Auteur:<br \/>\n<a href=\"http:\/\/www.leaders.com.tn\/article\/26550-utica-l-augmentation-du-tmm-portera-aggravera-la-situation-de-l-entreprise\">Cliquez ici pour lire l&rsquo;article depuis sa source.<\/a><\/p>\n","protected":false},"excerpt":{"rendered":"<p>L\u2019Utica estime que la d\u00e9cision de la banque Centrale de porter le TMM \u00e0 7,75% rel\u00e8ve de la fuite en avant et non d\u2019une recherche de solutions s\u00e9rieuses pour ma\u00eetriser l\u2019inflation. Pour le patronat centrale cette mesure engendrera une augmentation du co\u00fbt de financement pour les entreprises du fait qu&rsquo;elle entra\u00eenera un accroissement de 15% [&hellip;]<\/p>\n","protected":false},"author":1772,"featured_media":0,"comment_status":"closed","ping_status":"closed","sticky":false,"template":"","format":"standard","meta":{"fifu_image_url":"","fifu_image_alt":"","footnotes":""},"categories":[73,55],"tags":[],"class_list":["post-15894","post","type-post","status-publish","format-standard","hentry","category-actualite","category-tunisie"],"_links":{"self":[{"href":"https:\/\/linitiative.ca\/International\/wp-json\/wp\/v2\/posts\/15894","targetHints":{"allow":["GET"]}}],"collection":[{"href":"https:\/\/linitiative.ca\/International\/wp-json\/wp\/v2\/posts"}],"about":[{"href":"https:\/\/linitiative.ca\/International\/wp-json\/wp\/v2\/types\/post"}],"author":[{"embeddable":true,"href":"https:\/\/linitiative.ca\/International\/wp-json\/wp\/v2\/users\/1772"}],"replies":[{"embeddable":true,"href":"https:\/\/linitiative.ca\/International\/wp-json\/wp\/v2\/comments?post=15894"}],"version-history":[{"count":0,"href":"https:\/\/linitiative.ca\/International\/wp-json\/wp\/v2\/posts\/15894\/revisions"}],"wp:attachment":[{"href":"https:\/\/linitiative.ca\/International\/wp-json\/wp\/v2\/media?parent=15894"}],"wp:term":[{"taxonomy":"category","embeddable":true,"href":"https:\/\/linitiative.ca\/International\/wp-json\/wp\/v2\/categories?post=15894"},{"taxonomy":"post_tag","embeddable":true,"href":"https:\/\/linitiative.ca\/International\/wp-json\/wp\/v2\/tags?post=15894"}],"curies":[{"name":"wp","href":"https:\/\/api.w.org\/{rel}","templated":true}]}}