{"id":15896,"date":"2019-02-20T11:27:00","date_gmt":"2019-02-20T16:27:00","guid":{"rendered":"https:\/\/linitiative.ca\/International\/relevement-du-tmm-les-credits-immobiliers-ne-sont-pas-concernes\/"},"modified":"2019-02-20T11:27:00","modified_gmt":"2019-02-20T16:27:00","slug":"relevement-du-tmm-les-credits-immobiliers-ne-sont-pas-concernes","status":"publish","type":"post","link":"https:\/\/linitiative.ca\/International\/relevement-du-tmm-les-credits-immobiliers-ne-sont-pas-concernes\/","title":{"rendered":"Rel\u00e8vement du  TMM : les cr\u00e9dits immobiliers ne sont pas concern\u00e9s"},"content":{"rendered":"<p>La hausse du taux d&rsquo;int\u00e9r\u00eat directeur de 100 points par la Banque Centrale, ne concernera pas les cr\u00e9dits immobiliers. C\u2019est ce qu&rsquo;a annonc\u00e9 le minist\u00e8re des Finances qui a pr\u00e9cis\u00e9 que la d\u00e9cision a \u00e9t\u00e9 prise conform\u00e9ment \u00e0 l&rsquo;article 75 de la loi de Finances 2019 qui accorde une exon\u00e9ration fiscale aux banques leur permettent de r\u00e9duire le taux d&rsquo;int\u00e9r\u00eat impos\u00e9 aux cr\u00e9dits-logement.<\/p>\n<p>Auteur:<br \/>\n<a href=\"http:\/\/www.leaders.com.tn\/article\/26551-relevement-du-tmm\">Cliquez ici pour lire l&rsquo;article depuis sa source.<\/a><\/p>\n","protected":false},"excerpt":{"rendered":"<p>La hausse du taux d&rsquo;int\u00e9r\u00eat directeur de 100 points par la Banque Centrale, ne concernera pas les cr\u00e9dits immobiliers. C\u2019est ce qu&rsquo;a annonc\u00e9 le minist\u00e8re des Finances qui a pr\u00e9cis\u00e9 que la d\u00e9cision a \u00e9t\u00e9 prise conform\u00e9ment \u00e0 l&rsquo;article 75 de la loi de Finances 2019 qui accorde une exon\u00e9ration fiscale aux banques leur permettent [&hellip;]<\/p>\n","protected":false},"author":1772,"featured_media":0,"comment_status":"closed","ping_status":"closed","sticky":false,"template":"","format":"standard","meta":{"fifu_image_url":"","fifu_image_alt":"","footnotes":""},"categories":[73,55],"tags":[],"class_list":["post-15896","post","type-post","status-publish","format-standard","hentry","category-actualite","category-tunisie"],"_links":{"self":[{"href":"https:\/\/linitiative.ca\/International\/wp-json\/wp\/v2\/posts\/15896","targetHints":{"allow":["GET"]}}],"collection":[{"href":"https:\/\/linitiative.ca\/International\/wp-json\/wp\/v2\/posts"}],"about":[{"href":"https:\/\/linitiative.ca\/International\/wp-json\/wp\/v2\/types\/post"}],"author":[{"embeddable":true,"href":"https:\/\/linitiative.ca\/International\/wp-json\/wp\/v2\/users\/1772"}],"replies":[{"embeddable":true,"href":"https:\/\/linitiative.ca\/International\/wp-json\/wp\/v2\/comments?post=15896"}],"version-history":[{"count":0,"href":"https:\/\/linitiative.ca\/International\/wp-json\/wp\/v2\/posts\/15896\/revisions"}],"wp:attachment":[{"href":"https:\/\/linitiative.ca\/International\/wp-json\/wp\/v2\/media?parent=15896"}],"wp:term":[{"taxonomy":"category","embeddable":true,"href":"https:\/\/linitiative.ca\/International\/wp-json\/wp\/v2\/categories?post=15896"},{"taxonomy":"post_tag","embeddable":true,"href":"https:\/\/linitiative.ca\/International\/wp-json\/wp\/v2\/tags?post=15896"}],"curies":[{"name":"wp","href":"https:\/\/api.w.org\/{rel}","templated":true}]}}