{"id":15897,"date":"2019-02-20T13:17:00","date_gmt":"2019-02-20T18:17:00","guid":{"rendered":"https:\/\/linitiative.ca\/International\/mohamed-ali-ben-khaled-nouveau-directeur-general-commandant-de-la-garde-nationale-et-khelifa-harroum-directeur-general-de-la-surete-publique\/"},"modified":"2019-02-20T13:17:00","modified_gmt":"2019-02-20T18:17:00","slug":"mohamed-ali-ben-khaled-nouveau-directeur-general-commandant-de-la-garde-nationale-et-khelifa-harroum-directeur-general-de-la-surete-publique","status":"publish","type":"post","link":"https:\/\/linitiative.ca\/International\/mohamed-ali-ben-khaled-nouveau-directeur-general-commandant-de-la-garde-nationale-et-khelifa-harroum-directeur-general-de-la-surete-publique\/","title":{"rendered":"Mohamed Ali Ben Khaled, nouveau directeur g\u00e9n\u00e9ral, commandant de la Garde Nationale et Khelifa Harroum, directeur g\u00e9n\u00e9ral de la Suret\u00e9 publique"},"content":{"rendered":"<p>Trois nouvelles nominations significatives \u00e0 des postes importants au minist\u00e8re de l\u2019Int\u00e9rieur.<\/p>\n<ul>\n<li>C\u2019est ainsi que <span class=\"c3\"><strong>Mohamed Ali Ben Khaled<\/strong><\/span>, nouveau directeur g\u00e9n\u00e9ral, commandant de la Garde Nationale. Il succ\u00e8de dans ces fonctions \u00e0 Chokri Rahali. Ben Khaled avait \u00e9t\u00e9 notamment directeur g\u00e9n\u00e9ral des unit\u00e9s d\u2019intervention et de la Salle d\u2019op\u00e9rations centrale, de la Garde nationale.<\/li>\n<li><span class=\"c3\"><strong>Adel Chouchane<\/strong><\/span>, jusque-l\u00e0 directeur g\u00e9n\u00e9ral de la Suret\u00e9 publique, est d\u00e9sign\u00e9 Inspecteur g\u00e9n\u00e9ral de la Suret\u00e9 nationale.<\/li>\n<li><span class=\"c3\"><strong>C\u2019est Khelifa Harroum<\/strong><\/span>, longtemps directeur g\u00e9n\u00e9ral de la Police judiciaire, qui lui succ\u00e8de \u00e0 la t\u00eate de la direction g\u00e9n\u00e9rale de la Suret\u00e9 publique.<\/li>\n<\/ul>\n<p>A noter que <span class=\"c3\"><strong>Rached Bettaieb<\/strong><\/span><strong>,<\/strong> nomm\u00e9 en mars dernier directeur g\u00e9n\u00e9ral de la Suret\u00e9 nationale et maintenu dans ses fonctions, coiffe l\u2019ensemble des directions g\u00e9n\u00e9rales, entre autres, celle de la s\u00e9curit\u00e9 publique.<\/p>\n<p>Auteur:<br \/>\n<a href=\"http:\/\/www.leaders.com.tn\/article\/26553-mohamed-ali-ben-khaled-nouveau-directeur-general-commandant-de-la-garde-nationale-et-khelifa-harroum-directeur-general-de-la-surete-publique\">Cliquez ici pour lire l&rsquo;article depuis sa source.<\/a><\/p>\n","protected":false},"excerpt":{"rendered":"<p>Trois nouvelles nominations significatives \u00e0 des postes importants au minist\u00e8re de l\u2019Int\u00e9rieur. C\u2019est ainsi que Mohamed Ali Ben Khaled, nouveau directeur g\u00e9n\u00e9ral, commandant de la Garde Nationale. Il succ\u00e8de dans ces fonctions \u00e0 Chokri Rahali. Ben Khaled avait \u00e9t\u00e9 notamment directeur g\u00e9n\u00e9ral des unit\u00e9s d\u2019intervention et de la Salle d\u2019op\u00e9rations centrale, de la Garde nationale. [&hellip;]<\/p>\n","protected":false},"author":1772,"featured_media":0,"comment_status":"closed","ping_status":"closed","sticky":false,"template":"","format":"standard","meta":{"fifu_image_url":"","fifu_image_alt":"","footnotes":""},"categories":[73,55],"tags":[],"class_list":["post-15897","post","type-post","status-publish","format-standard","hentry","category-actualite","category-tunisie"],"_links":{"self":[{"href":"https:\/\/linitiative.ca\/International\/wp-json\/wp\/v2\/posts\/15897","targetHints":{"allow":["GET"]}}],"collection":[{"href":"https:\/\/linitiative.ca\/International\/wp-json\/wp\/v2\/posts"}],"about":[{"href":"https:\/\/linitiative.ca\/International\/wp-json\/wp\/v2\/types\/post"}],"author":[{"embeddable":true,"href":"https:\/\/linitiative.ca\/International\/wp-json\/wp\/v2\/users\/1772"}],"replies":[{"embeddable":true,"href":"https:\/\/linitiative.ca\/International\/wp-json\/wp\/v2\/comments?post=15897"}],"version-history":[{"count":0,"href":"https:\/\/linitiative.ca\/International\/wp-json\/wp\/v2\/posts\/15897\/revisions"}],"wp:attachment":[{"href":"https:\/\/linitiative.ca\/International\/wp-json\/wp\/v2\/media?parent=15897"}],"wp:term":[{"taxonomy":"category","embeddable":true,"href":"https:\/\/linitiative.ca\/International\/wp-json\/wp\/v2\/categories?post=15897"},{"taxonomy":"post_tag","embeddable":true,"href":"https:\/\/linitiative.ca\/International\/wp-json\/wp\/v2\/tags?post=15897"}],"curies":[{"name":"wp","href":"https:\/\/api.w.org\/{rel}","templated":true}]}}