{"id":15898,"date":"2019-02-20T13:37:00","date_gmt":"2019-02-20T18:37:00","guid":{"rendered":"https:\/\/linitiative.ca\/International\/albert-memmi-livre-son-journal-de-guerre-1939-1943-a-tunis\/"},"modified":"2019-02-20T13:37:00","modified_gmt":"2019-02-20T18:37:00","slug":"albert-memmi-livre-son-journal-de-guerre-1939-1943-a-tunis","status":"publish","type":"post","link":"https:\/\/linitiative.ca\/International\/albert-memmi-livre-son-journal-de-guerre-1939-1943-a-tunis\/","title":{"rendered":"Albert Memmi livre son Journal de guerre 1939-1943 \u00e0 Tunis"},"content":{"rendered":"<p><img loading=\"lazy\" decoding=\"async\" src=\"\/uploads\/FCK_files\/Memmi456.jpg\" alt=\"\" width=\"200\" vspace=\"5\" hspace=\"5\" height=\"329\" align=\"left\"\/>A 98 ans, l\u2019\u00e9crivain d\u2019origine tunisienne publie cette semaine \u00e0 Paris, son \u00ab Journal de guerre. 1939 &#8211; 1943 \u00bb, r\u00e9cit personnel de la situation \u00e0 Tunis, durant cette \u00e9poque. Il est \u00e9dit\u00e9 et annont\u00e9 par Guy Dugas. \u00a0\u00bbProclamation du statut des Juifs en 1940, occupation italo-allemande, th\u00e9\u00e2tre de l\u2019affrontement entre les forces de l&rsquo;Axe et celles des Alli\u00e9s, lit-on dans la pr\u00e9sentation : la Tunisie a \u00e9t\u00e9 m\u00eal\u00e9e de pr\u00e8s aux convulsions de la Seconde Guerre mondiale.\u00a0\u00bb<\/p>\n<p>\u00a0\u00bbAu jour le jour, Albert Memmi revient sur ces \u00e9v\u00e9nements, commentant le conflit, la d\u00e9faite fran\u00e7aise, les lois antis\u00e9mites de Vichy, la soci\u00e9t\u00e9 coloniale contemporaine et la mont\u00e9e des discriminations en Tunisie.<\/p>\n<p>\u00ab Apprenti-philosophe \u00bb \u00e2g\u00e9 d\u2019\u00e0 peine vingt ans et farouchement pacifiste, l\u2019auteur se trouve d\u2019abord affect\u00e9 dans un bureau de recrutement de la main-d\u2019oeuvre juive, puis s\u2019engage volontairement dans un camp de travail forc\u00e9, pour vivre au contact \u00ab des souffrances physiques et des d\u00e9tresses morales \u00bb inflig\u00e9es \u00e0 sa communaut\u00e9.<\/p>\n<p>N\u00e9 d\u2019une rude \u00e9preuve personnelle, le Journal d\u2019un travailleur forc\u00e9 constitue un t\u00e9moignage rare sur les camps de travail sous tutelle italienne ou allemande, mais c\u2019est aussi un texte litt\u00e9raire dans lequel bien des engagements de l\u2019\u0153uvre future d\u2019Albert Memmi trouvent leur origine. Pour ce jeune auteur, c\u2019est dans cette \u00e9criture exp\u00e9rimentale du r\u00e9el, \u00e0 la premi\u00e8re personne et sans compromis, que s\u2019est jou\u00e9e l\u2019exp\u00e9rience fondatrice : celle de sa future vocation d\u2019\u00e9crivain.\u00a0\u00bb<\/p>\n<p>Auteur:<br \/>\n<a href=\"http:\/\/www.leaders.com.tn\/article\/26556-albert-memmi-livre-son-journal-de-guerre-1939-1943-a-tunis\">Cliquez ici pour lire l&rsquo;article depuis sa source.<\/a><\/p>\n","protected":false},"excerpt":{"rendered":"<p>A 98 ans, l\u2019\u00e9crivain d\u2019origine tunisienne publie cette semaine \u00e0 Paris, son \u00ab Journal de guerre. 1939 &#8211; 1943 \u00bb, r\u00e9cit personnel de la situation \u00e0 Tunis, durant cette \u00e9poque. Il est \u00e9dit\u00e9 et annont\u00e9 par Guy Dugas. \u00a0\u00bbProclamation du statut des Juifs en 1940, occupation italo-allemande, th\u00e9\u00e2tre de l\u2019affrontement entre les forces de l&rsquo;Axe [&hellip;]<\/p>\n","protected":false},"author":1772,"featured_media":15899,"comment_status":"closed","ping_status":"closed","sticky":false,"template":"","format":"standard","meta":{"fifu_image_url":"","fifu_image_alt":"","footnotes":""},"categories":[73,55],"tags":[],"class_list":["post-15898","post","type-post","status-publish","format-standard","has-post-thumbnail","hentry","category-actualite","category-tunisie"],"_links":{"self":[{"href":"https:\/\/linitiative.ca\/International\/wp-json\/wp\/v2\/posts\/15898","targetHints":{"allow":["GET"]}}],"collection":[{"href":"https:\/\/linitiative.ca\/International\/wp-json\/wp\/v2\/posts"}],"about":[{"href":"https:\/\/linitiative.ca\/International\/wp-json\/wp\/v2\/types\/post"}],"author":[{"embeddable":true,"href":"https:\/\/linitiative.ca\/International\/wp-json\/wp\/v2\/users\/1772"}],"replies":[{"embeddable":true,"href":"https:\/\/linitiative.ca\/International\/wp-json\/wp\/v2\/comments?post=15898"}],"version-history":[{"count":0,"href":"https:\/\/linitiative.ca\/International\/wp-json\/wp\/v2\/posts\/15898\/revisions"}],"wp:featuredmedia":[{"embeddable":true,"href":"https:\/\/linitiative.ca\/International\/wp-json\/"}],"wp:attachment":[{"href":"https:\/\/linitiative.ca\/International\/wp-json\/wp\/v2\/media?parent=15898"}],"wp:term":[{"taxonomy":"category","embeddable":true,"href":"https:\/\/linitiative.ca\/International\/wp-json\/wp\/v2\/categories?post=15898"},{"taxonomy":"post_tag","embeddable":true,"href":"https:\/\/linitiative.ca\/International\/wp-json\/wp\/v2\/tags?post=15898"}],"curies":[{"name":"wp","href":"https:\/\/api.w.org\/{rel}","templated":true}]}}