{"id":15905,"date":"2019-02-20T05:00:00","date_gmt":"2019-02-20T10:00:00","guid":{"rendered":"https:\/\/linitiative.ca\/International\/57-ans-ca-fait-pas-un-peu-beaucoup\/"},"modified":"2019-02-20T05:00:00","modified_gmt":"2019-02-20T10:00:00","slug":"57-ans-ca-fait-pas-un-peu-beaucoup","status":"publish","type":"post","link":"https:\/\/linitiative.ca\/International\/57-ans-ca-fait-pas-un-peu-beaucoup\/","title":{"rendered":"57 ans, \u00e7a fait pas un peu beaucoup ?"},"content":{"rendered":"<p class=\"c3\">&#8211; Et toi \u00e0 la maison, c\u2019est aussi Parent 1 et Parent 2 ?<br \/>&#8211; Pas exactement ! Moi, j\u2019ai Papa 1 et Maman 1, Maman 2, Maman 3, Maman 4 \u2026<br \/>&#8211; ???<\/p>\n<p class=\"c3\">Je dois dire que j\u2019\u00e9tais pass\u00e9 rapidement sur l\u2019information publi\u00e9e presque en entrefilet. Puis, j\u2019y suis revenu aussi vite. Car elle m\u2019a litt\u00e9ralement gifl\u00e9 ! D\u00e9claration du ministre de l\u2019Energie : \u00abL\u2019Alg\u00e9rie parviendra \u00e0 l\u2019autosuffisance en carburant en 2022.\u00bb Aw ! Re-aw ! J\u2019ai aussit\u00f4t arrach\u00e9 de mon mur le calendrier pour l\u2019avoir bien en face des mirettes et y v\u00e9rifier les dates. Nous sommes en 2019. Saha ! D\u2019accord ! Et dans les dates officielles \u00e0 c\u00e9l\u00e9brer, le 5 Juillet 1962 est toujours l\u00e0, al-hamdoulillah ! Donc, une fois ces v\u00e9rifications faites, je remets le calendrier \u00e0 sa place, puis me saisis de la calculatrice de ma fifille. Op\u00e9ration de soustraction. 2019-1962=57. Cinquante-sept ans que nous sommes, nous, pays p\u00e9trolier et gazier, ind\u00e9pendants. Plus d\u2019un demi-si\u00e8cle de libert\u00e9 ch\u00e8rement acquise, merci nos parents ! Et \u00e0 la frange des parents qui a surv\u00e9cu, qu\u2019ils me permettent tout de m\u00eame cette ch\u2019tite question : en 57 ans, c\u2019est seulement maintenant, en 2019, dans un pays gorg\u00e9 de carburant, que vous venez nous annoncer qu\u2019en 2022, nous serons autosuffisants en benzine ? Sans animosit\u00e9 aucune, avec tout le respect que je dois \u00e0 cette g\u00e9n\u00e9ration, \u00e0 votre g\u00e9n\u00e9ration tellement, tellement, tellement l\u00e9gitime, vous ne croyez pas que \u00e7a fait un peu longuet ? Un demi-si\u00e8cle et des poussi\u00e8res d\u2019interrogations pour peut-\u00eatre voir enfin, en 2022, le produit de notre sous-sol arriver en litres de carburant autosuffisants dans nos r\u00e9servoirs ! Je savais le Sud p\u00e9trolier et gazier \u00e9loign\u00e9, mais au point de mettre 57 ans pour cheminer, chouia sahbi ! Mais bon ! Je ne suis pas sp\u00e9cialiste en carburants. Et pas bricoleur sur ma voiture. Je ne sais m\u00eame pas comment m\u2019y prendre pour siphonner le r\u00e9servoir du voisin, c\u2019est dire ! Je suppose qu\u2019il doit bien y avoir une explication \u00e0 ce \u00abd\u00e9calage horaire\u00bb de 57 ans. En l\u2019attendant, afin qu\u2019elle \u00e9claire sereinement ma lampe \u00e0 p\u00e9trole, je fume du th\u00e9 et je reste \u00e9veill\u00e9, le cauchemar continue.<br \/><em><strong>H. L.<\/strong><\/em><\/p>\n<p>Auteur:<br \/>\n<a href=\"https:\/\/www.lesoirdalgerie.com\/pousse-avec-eux\/57-ans-ca-fait-pas-un-peu-beaucoup-19314\">Cliquez ici pour lire l&rsquo;article depuis sa source.<\/a><\/p>\n","protected":false},"excerpt":{"rendered":"<p>&#8211; Et toi \u00e0 la maison, c\u2019est aussi Parent 1 et Parent 2 ?&#8211; Pas exactement ! Moi, j\u2019ai Papa 1 et Maman 1, Maman 2, Maman 3, Maman 4 \u2026&#8211; ??? Je dois dire que j\u2019\u00e9tais pass\u00e9 rapidement sur l\u2019information publi\u00e9e presque en entrefilet. Puis, j\u2019y suis revenu aussi vite. Car elle m\u2019a litt\u00e9ralement [&hellip;]<\/p>\n","protected":false},"author":1741,"featured_media":0,"comment_status":"closed","ping_status":"closed","sticky":false,"template":"","format":"standard","meta":{"fifu_image_url":"","fifu_image_alt":"","footnotes":""},"categories":[73,53],"tags":[],"class_list":["post-15905","post","type-post","status-publish","format-standard","hentry","category-actualite","category-algerie"],"_links":{"self":[{"href":"https:\/\/linitiative.ca\/International\/wp-json\/wp\/v2\/posts\/15905","targetHints":{"allow":["GET"]}}],"collection":[{"href":"https:\/\/linitiative.ca\/International\/wp-json\/wp\/v2\/posts"}],"about":[{"href":"https:\/\/linitiative.ca\/International\/wp-json\/wp\/v2\/types\/post"}],"author":[{"embeddable":true,"href":"https:\/\/linitiative.ca\/International\/wp-json\/wp\/v2\/users\/1741"}],"replies":[{"embeddable":true,"href":"https:\/\/linitiative.ca\/International\/wp-json\/wp\/v2\/comments?post=15905"}],"version-history":[{"count":0,"href":"https:\/\/linitiative.ca\/International\/wp-json\/wp\/v2\/posts\/15905\/revisions"}],"wp:attachment":[{"href":"https:\/\/linitiative.ca\/International\/wp-json\/wp\/v2\/media?parent=15905"}],"wp:term":[{"taxonomy":"category","embeddable":true,"href":"https:\/\/linitiative.ca\/International\/wp-json\/wp\/v2\/categories?post=15905"},{"taxonomy":"post_tag","embeddable":true,"href":"https:\/\/linitiative.ca\/International\/wp-json\/wp\/v2\/tags?post=15905"}],"curies":[{"name":"wp","href":"https:\/\/api.w.org\/{rel}","templated":true}]}}