{"id":15914,"date":"2019-02-20T11:30:22","date_gmt":"2019-02-20T16:30:22","guid":{"rendered":"https:\/\/linitiative.ca\/International\/lespagnol-you-first-debarque-au-maroc\/"},"modified":"2019-02-20T11:30:22","modified_gmt":"2019-02-20T16:30:22","slug":"lespagnol-you-first-debarque-au-maroc","status":"publish","type":"post","link":"https:\/\/linitiative.ca\/International\/lespagnol-you-first-debarque-au-maroc\/","title":{"rendered":"L\u2019espagnol You First d\u00e9barque au Maroc"},"content":{"rendered":"<p>La multinationale espagnole de repr\u00e9sentation et marketing sportif, You First, s\u2019implante au <strong>Maroc<\/strong>. Elle vient d\u2019ouvrir une filiale \u00e0 Rabat.<\/p>\n<div class=\"c10\"\/>\n<p>L\u2019implantation You First au Maroc s\u2019inscrit dans le cadre\u00a0du plan d\u00e9j\u00e0 consolid\u00e9 d\u2019expansion mondial\u00a0de a multinationale espagnole. Ainsi, avec cette ouverture ce sont d\u00e9j\u00e0 20 bureaux du r\u00e9seau international de l\u2019entreprise, qui est pr\u00e9sente dans 12 pays sur 4 continents.<\/p>\n<p>Le nouveau si\u00e8ge de You First Sports au Maroc sera dirig\u00e9 par Hassan Baraka, jusqu\u2019\u00e0 maintenant Business Director \u00e0 <strong>You First<\/strong> Madrid. Pour le management de la multinationale espagnole, le Maroc est devenu, ces derni\u00e8res ann\u00e9es, une r\u00e9f\u00e9rence du continent africain dans le domaine sportif.<\/p>\n<p>Selon Hassan Baraka, \u00ab\u00a0le Maroc est en train de s\u2019ouvrir \u00e0 l\u2019\u00e9conomie du <strong>sport<\/strong> et le secteur est en train de se professionnaliser \u00e0 pas de g\u00e9ant\u00a0\u00bb. Aventurier n\u00e9, le patron de la filiale marocaine de You First est le plus jeune nageur au monde \u00e0 avoir ralli\u00e9 les 5 continents \u00e0 la nage et premier marocain \u00e0 finaliser le World Marathon Challenge (courir 7 marathons en 7 jours cons\u00e9cutifs sur 7 diff\u00e9rents continents).<\/p>\n<p>En 2018, Baraka a \u00e9t\u00e9 l\u2019ambassadeur de la premi\u00e8re course d\u2019obstacle internationale associ\u00e9e \u00e0 l\u2019\u00e9cologie et aux \u00e9nergies renouvelables en Afrique, la Morocco Obstacle Race, qui verra cette ann\u00e9e sa deuxi\u00e8me \u00e9dition.<\/p>\n<div class=\"c17\">\n<fieldset class=\"c16\">\n<legend><strong><span class=\"c11\">Challenge<\/span><span class=\"c12\">news<\/span><\/strong><\/legend>\n<div class=\"c15\">Le meilleur de la r\u00e9daction s\u00e9lectionn\u00e9 par Challenge :<\/p>\n<\/div>\n<\/fieldset>\n<\/div>\n<p>Auteur: Adama Sylla<br \/>\n<a href=\"https:\/\/www.challenge.ma\/lespagnol-you-first-debarque-au-maroc-105129\/\">Cliquez ici pour lire l&rsquo;article depuis sa source.<\/a><\/p>\n","protected":false},"excerpt":{"rendered":"<p>La multinationale espagnole de repr\u00e9sentation et marketing sportif, You First, s\u2019implante au Maroc. Elle vient d\u2019ouvrir une filiale \u00e0 Rabat. L\u2019implantation You First au Maroc s\u2019inscrit dans le cadre\u00a0du plan d\u00e9j\u00e0 consolid\u00e9 d\u2019expansion mondial\u00a0de a multinationale espagnole. Ainsi, avec cette ouverture ce sont d\u00e9j\u00e0 20 bureaux du r\u00e9seau international de l\u2019entreprise, qui est pr\u00e9sente dans [&hellip;]<\/p>\n","protected":false},"author":1787,"featured_media":0,"comment_status":"closed","ping_status":"closed","sticky":false,"template":"","format":"standard","meta":{"fifu_image_url":"","fifu_image_alt":"","footnotes":""},"categories":[78,54],"tags":[],"class_list":["post-15914","post","type-post","status-publish","format-standard","hentry","category-economie","category-maroc"],"_links":{"self":[{"href":"https:\/\/linitiative.ca\/International\/wp-json\/wp\/v2\/posts\/15914","targetHints":{"allow":["GET"]}}],"collection":[{"href":"https:\/\/linitiative.ca\/International\/wp-json\/wp\/v2\/posts"}],"about":[{"href":"https:\/\/linitiative.ca\/International\/wp-json\/wp\/v2\/types\/post"}],"author":[{"embeddable":true,"href":"https:\/\/linitiative.ca\/International\/wp-json\/wp\/v2\/users\/1787"}],"replies":[{"embeddable":true,"href":"https:\/\/linitiative.ca\/International\/wp-json\/wp\/v2\/comments?post=15914"}],"version-history":[{"count":0,"href":"https:\/\/linitiative.ca\/International\/wp-json\/wp\/v2\/posts\/15914\/revisions"}],"wp:attachment":[{"href":"https:\/\/linitiative.ca\/International\/wp-json\/wp\/v2\/media?parent=15914"}],"wp:term":[{"taxonomy":"category","embeddable":true,"href":"https:\/\/linitiative.ca\/International\/wp-json\/wp\/v2\/categories?post=15914"},{"taxonomy":"post_tag","embeddable":true,"href":"https:\/\/linitiative.ca\/International\/wp-json\/wp\/v2\/tags?post=15914"}],"curies":[{"name":"wp","href":"https:\/\/api.w.org\/{rel}","templated":true}]}}