{"id":15929,"date":"2019-02-20T16:26:20","date_gmt":"2019-02-20T21:26:20","guid":{"rendered":"https:\/\/linitiative.ca\/International\/tunisie-chahed-est-il-devenu-trop-ou-assez-fort-pour-ennahdha\/"},"modified":"2019-02-20T16:26:20","modified_gmt":"2019-02-20T21:26:20","slug":"tunisie-chahed-est-il-devenu-trop-ou-assez-fort-pour-ennahdha","status":"publish","type":"post","link":"https:\/\/linitiative.ca\/International\/tunisie-chahed-est-il-devenu-trop-ou-assez-fort-pour-ennahdha\/","title":{"rendered":"Tunisie \u2013 Chahed est-il devenu trop, ou assez, fort pour Ennahdha\u00a0?"},"content":{"rendered":"<div class=\"post-cont-in left relative\">\n<div class=\"nc_socialPanel swp_flatFresh swp_d_fullColor swp_i_fullColor swp_o_fullColor scale-100 scale-fullWidth\" data-position=\"none\" data-float=\"floatNone\" data-count=\"5\" data-floatcolor=\"#ffffff\" data-emphasize=\"0\">\n<div class=\"nc_tweetContainer totes totesalt\" data-id=\"6\"><span class=\"swp_count\"><span class=\"swp_label\">Partages<\/span> 20<\/span><\/div>\n<\/div>\n<p>Qu\u2019est ce qui a fait virer Ennahdha par rapport \u00e0 son prot\u00e9g\u00e9, d\u2019il y a quelques jours, Youssef Chahed\u00a0? Car les derni\u00e8res d\u00e9clarations du Cheikh Ghannouchi, suivies du communiqu\u00e9 du bureau ex\u00e9cutif du parti ne laissent point de doute quant \u00e0 leur sens, et ont le m\u00e9rite d\u2019\u00eatre clairs\u00a0: Youssef Chahed n\u2019a, d\u00e9sormais, pas d\u2019autres alternatives aux yeux des islamistes d\u2019Ennahdha\u00a0: Soit il pr\u00e9sente la d\u00e9mission de son gouvernement, ou, alors, il annonce officiellement qu\u2019il renonce \u00e0 une \u00e9ventuelle candidature aux prochaines pr\u00e9sidentielles.<\/p>\n<p>Cette nouvelle position d\u2019Ennahdha vis-\u00e0-vis de Youssef Chahed ne pourrait s\u2019expliquer que d\u2019une de deux fa\u00e7ons\u00a0: Soit que Chahed est devenu trop fort pour Ennahdha, soit qu\u2019il est devenu assez fort pour elle\u00a0!<\/p>\n<div class=\"code-block code-block-1 c4\"><ins class=\"adsbygoogle c3\" data-ad-layout=\"in-article\" data-ad-format=\"fluid\" data-ad-client=\"ca-pub-2102118777505746\" data-ad-slot=\"7301775417\"\/> <\/div>\n<p>En effet, si Ennahdha trouve que son jeune prot\u00e9g\u00e9 est devenu trop fort, et, surtout, qu\u2019il est capable de f\u00e9d\u00e9rer autour de lui et de son \u00e9quipe, une frange assez large de politiciens centristes, elle va commencer \u00e0 paniquer et \u00e0 penser qu\u2019il pourrait avoir la tentation de voler de ses propres ailes, et de se passer du soutien, assez g\u00eanant, du reste, des islamistes\u00a0; dans ce cas, Ennahdha aurait tout int\u00e9r\u00eat \u00e0 le surveiller de plus pr\u00e8s, en commen\u00e7ant, par exemple, par lui retirer la possibilit\u00e9 de disposer des outils de l\u2019Etat qui sont \u00e0 sa disposition, en attendant de le mettre dans son collimateur, en vue de saper son projet.<\/p>\n<p>Comme il se pourrait qu\u2019Ennahdha trouve que son \u00ab\u00a0prot\u00e9g\u00e9\u00a0\u00bb est devenu assez fort, pour pouvoir compter sur lui, dans son souci habituel de vouloir r\u00e9gner de derri\u00e8re une vitrine, et le pousser vers les \u00e9lections pr\u00e9sidentielles, et l\u2019y soutenir. Dans lequel cas, elle le pousse \u00e0 quitter le gouvernement, pour se consacrer \u00e0 son projet politique et pr\u00e9parer sa campagne, et le garder \u00e0 l\u2019\u0153il, au cas o\u00f9\u2026 Tout en laissant aux islamistes les coud\u00e9es libres pour une mainmise totale et d\u00e9finitive sur les rouages de l\u2019Etat.<\/p>\n<div class=\"mvp-org-wrap mvp-org-logo\" itemprop=\"publisher\" itemscope=\"\" itemtype=\"https:\/\/schema.org\/Organization\"><img decoding=\"async\" src=\"https:\/\/www.tunisienumerique.com\/wp-content\/uploads\/2017\/02\/logo_tunisie_numerique.png\"\/><\/div>\n<div class=\"nc_socialPanel swp_flatFresh swp_d_fullColor swp_i_fullColor swp_o_fullColor scale-100 scale-fullWidth\" data-position=\"none\" data-float=\"floatNone\" data-count=\"5\" data-floatcolor=\"#ffffff\" data-emphasize=\"0\">\n<div class=\"nc_tweetContainer totes totesalt\" data-id=\"6\"><span class=\"swp_count\"><span class=\"swp_label\">Partages<\/span> 20<\/span><\/div>\n<\/div>\n<div class=\"mvp-related-posts left relative\">\n<h4 class=\"post-header\"><span class=\"post-header\">Lire aussi<\/span><\/h4>\n<\/div>\n<\/div>\n<p>Auteur: Ramsis<br \/>\n<a href=\"https:\/\/www.tunisienumerique.com\/tunisie-chahed-est-il-devenu-trop-ou-assez-fort-pour-ennahdha\/\">Cliquez ici pour lire l&rsquo;article depuis sa source.<\/a><\/p>\n","protected":false},"excerpt":{"rendered":"<p>Partages 20 Qu\u2019est ce qui a fait virer Ennahdha par rapport \u00e0 son prot\u00e9g\u00e9, d\u2019il y a quelques jours, Youssef Chahed\u00a0? Car les derni\u00e8res d\u00e9clarations du Cheikh Ghannouchi, suivies du communiqu\u00e9 du bureau ex\u00e9cutif du parti ne laissent point de doute quant \u00e0 leur sens, et ont le m\u00e9rite d\u2019\u00eatre clairs\u00a0: Youssef Chahed n\u2019a, d\u00e9sormais, [&hellip;]<\/p>\n","protected":false},"author":1789,"featured_media":15930,"comment_status":"closed","ping_status":"closed","sticky":false,"template":"","format":"standard","meta":{"fifu_image_url":"","fifu_image_alt":"","footnotes":""},"categories":[73,55],"tags":[],"class_list":["post-15929","post","type-post","status-publish","format-standard","has-post-thumbnail","hentry","category-actualite","category-tunisie"],"_links":{"self":[{"href":"https:\/\/linitiative.ca\/International\/wp-json\/wp\/v2\/posts\/15929","targetHints":{"allow":["GET"]}}],"collection":[{"href":"https:\/\/linitiative.ca\/International\/wp-json\/wp\/v2\/posts"}],"about":[{"href":"https:\/\/linitiative.ca\/International\/wp-json\/wp\/v2\/types\/post"}],"author":[{"embeddable":true,"href":"https:\/\/linitiative.ca\/International\/wp-json\/wp\/v2\/users\/1789"}],"replies":[{"embeddable":true,"href":"https:\/\/linitiative.ca\/International\/wp-json\/wp\/v2\/comments?post=15929"}],"version-history":[{"count":0,"href":"https:\/\/linitiative.ca\/International\/wp-json\/wp\/v2\/posts\/15929\/revisions"}],"wp:featuredmedia":[{"embeddable":true,"href":"https:\/\/linitiative.ca\/International\/wp-json\/"}],"wp:attachment":[{"href":"https:\/\/linitiative.ca\/International\/wp-json\/wp\/v2\/media?parent=15929"}],"wp:term":[{"taxonomy":"category","embeddable":true,"href":"https:\/\/linitiative.ca\/International\/wp-json\/wp\/v2\/categories?post=15929"},{"taxonomy":"post_tag","embeddable":true,"href":"https:\/\/linitiative.ca\/International\/wp-json\/wp\/v2\/tags?post=15929"}],"curies":[{"name":"wp","href":"https:\/\/api.w.org\/{rel}","templated":true}]}}