{"id":15933,"date":"2019-02-20T16:51:44","date_gmt":"2019-02-20T21:51:44","guid":{"rendered":"https:\/\/linitiative.ca\/International\/tunisie-raoued-un-eleve-serait-decede-suite-a-son-agression-par-son-instituteur\/"},"modified":"2019-02-20T16:51:44","modified_gmt":"2019-02-20T21:51:44","slug":"tunisie-raoued-un-eleve-serait-decede-suite-a-son-agression-par-son-instituteur","status":"publish","type":"post","link":"https:\/\/linitiative.ca\/International\/tunisie-raoued-un-eleve-serait-decede-suite-a-son-agression-par-son-instituteur\/","title":{"rendered":"Tunisie \u2013 Raoued\u00a0: Un \u00e9l\u00e8ve serait d\u00e9c\u00e9d\u00e9 suite \u00e0 son agression par son instituteur"},"content":{"rendered":"<div class=\"post-cont-in left relative\">\n<div class=\"nc_socialPanel swp_flatFresh swp_d_fullColor swp_i_fullColor swp_o_fullColor scale-100 scale-fullWidth\" data-position=\"none\" data-float=\"floatNone\" data-count=\"5\" data-floatcolor=\"#ffffff\" data-emphasize=\"0\">\n<div class=\"nc_tweetContainer totes totesalt\" data-id=\"6\"><span class=\"swp_count\"><span class=\"swp_label\">Partages<\/span> 9<\/span><\/div>\n<\/div>\n<p>La localit\u00e9 de Raued Plage a v\u00e9cu, ce mercredi, un drame avec le d\u00e9c\u00e8s subit d\u2019un \u00e9l\u00e8ve de l\u2019\u00e9cole primaire \u00ab\u00a0Al Yamama\u00a0\u00bb.<\/p>\n<p>L\u2019enfant aurait \u00e9t\u00e9 violemment puni par son instituteur, hier, avant de rentrer chez ses parents, dans un \u00e9tat lamentable. L\u2019enfant est d\u00e9c\u00e9d\u00e9 ce matin chez lui, et ses parents ont li\u00e9 ce d\u00e9c\u00e8s subit \u00e0 son agression par son instituteur, la veille.<\/p>\n<div class=\"code-block code-block-1 c3\"><ins class=\"adsbygoogle c2\" data-ad-layout=\"in-article\" data-ad-format=\"fluid\" data-ad-client=\"ca-pub-2102118777505746\" data-ad-slot=\"7301775417\"\/> <\/div>\n<p>Les forces de l\u2019ordre charg\u00e9es de l\u2019enqu\u00eate ont arr\u00eat\u00e9, ce matin l\u2019instituteur en question, et proc\u00e9d\u00e9 \u00e0 l\u2019interrogatoire des cadres de l\u2019administration et des \u00e9l\u00e8ves t\u00e9moins de l\u2019agression.<\/p>\n<p>Source: Al Jarida<\/p>\n<div class=\"mvp-org-wrap mvp-org-logo\" itemprop=\"publisher\" itemscope=\"\" itemtype=\"https:\/\/schema.org\/Organization\"><img decoding=\"async\" src=\"https:\/\/www.tunisienumerique.com\/wp-content\/uploads\/2017\/02\/logo_tunisie_numerique.png\"\/><\/div>\n<div class=\"nc_socialPanel swp_flatFresh swp_d_fullColor swp_i_fullColor swp_o_fullColor scale-100 scale-fullWidth\" data-position=\"none\" data-float=\"floatNone\" data-count=\"5\" data-floatcolor=\"#ffffff\" data-emphasize=\"0\">\n<div class=\"nc_tweetContainer totes totesalt\" data-id=\"6\"><span class=\"swp_count\"><span class=\"swp_label\">Partages<\/span> 9<\/span><\/div>\n<\/div>\n<div class=\"mvp-related-posts left relative\">\n<h4 class=\"post-header\"><span class=\"post-header\">Lire aussi<\/span><\/h4>\n<\/div>\n<\/div>\n<p>Auteur: LM<br \/>\n<a href=\"https:\/\/www.tunisienumerique.com\/tunisie-raoued-un-eleve-serait-decede-suite-a-son-agression-par-son-instituteur\/\">Cliquez ici pour lire l&rsquo;article depuis sa source.<\/a><\/p>\n","protected":false},"excerpt":{"rendered":"<p>Partages 9 La localit\u00e9 de Raued Plage a v\u00e9cu, ce mercredi, un drame avec le d\u00e9c\u00e8s subit d\u2019un \u00e9l\u00e8ve de l\u2019\u00e9cole primaire \u00ab\u00a0Al Yamama\u00a0\u00bb. L\u2019enfant aurait \u00e9t\u00e9 violemment puni par son instituteur, hier, avant de rentrer chez ses parents, dans un \u00e9tat lamentable. L\u2019enfant est d\u00e9c\u00e9d\u00e9 ce matin chez lui, et ses parents ont li\u00e9 [&hellip;]<\/p>\n","protected":false},"author":1789,"featured_media":15934,"comment_status":"closed","ping_status":"closed","sticky":false,"template":"","format":"standard","meta":{"fifu_image_url":"","fifu_image_alt":"","footnotes":""},"categories":[73,55],"tags":[],"class_list":["post-15933","post","type-post","status-publish","format-standard","has-post-thumbnail","hentry","category-actualite","category-tunisie"],"_links":{"self":[{"href":"https:\/\/linitiative.ca\/International\/wp-json\/wp\/v2\/posts\/15933","targetHints":{"allow":["GET"]}}],"collection":[{"href":"https:\/\/linitiative.ca\/International\/wp-json\/wp\/v2\/posts"}],"about":[{"href":"https:\/\/linitiative.ca\/International\/wp-json\/wp\/v2\/types\/post"}],"author":[{"embeddable":true,"href":"https:\/\/linitiative.ca\/International\/wp-json\/wp\/v2\/users\/1789"}],"replies":[{"embeddable":true,"href":"https:\/\/linitiative.ca\/International\/wp-json\/wp\/v2\/comments?post=15933"}],"version-history":[{"count":0,"href":"https:\/\/linitiative.ca\/International\/wp-json\/wp\/v2\/posts\/15933\/revisions"}],"wp:featuredmedia":[{"embeddable":true,"href":"https:\/\/linitiative.ca\/International\/wp-json\/"}],"wp:attachment":[{"href":"https:\/\/linitiative.ca\/International\/wp-json\/wp\/v2\/media?parent=15933"}],"wp:term":[{"taxonomy":"category","embeddable":true,"href":"https:\/\/linitiative.ca\/International\/wp-json\/wp\/v2\/categories?post=15933"},{"taxonomy":"post_tag","embeddable":true,"href":"https:\/\/linitiative.ca\/International\/wp-json\/wp\/v2\/tags?post=15933"}],"curies":[{"name":"wp","href":"https:\/\/api.w.org\/{rel}","templated":true}]}}