{"id":15937,"date":"2019-02-20T17:15:46","date_gmt":"2019-02-20T22:15:46","guid":{"rendered":"https:\/\/linitiative.ca\/International\/la-russie-confirme-que-daech-est-en-train-de-se-redeployer-aux-frontieres-de-la-tunisie\/"},"modified":"2019-02-20T17:15:46","modified_gmt":"2019-02-20T22:15:46","slug":"la-russie-confirme-que-daech-est-en-train-de-se-redeployer-aux-frontieres-de-la-tunisie","status":"publish","type":"post","link":"https:\/\/linitiative.ca\/International\/la-russie-confirme-que-daech-est-en-train-de-se-redeployer-aux-frontieres-de-la-tunisie\/","title":{"rendered":"La Russie confirme que Daech est en train de se red\u00e9ployer aux fronti\u00e8res de la Tunisie"},"content":{"rendered":"<div class=\"post-cont-in left relative\">\n<div class=\"nc_socialPanel swp_flatFresh swp_d_fullColor swp_i_fullColor swp_o_fullColor scale-100 scale-fullWidth\" data-position=\"none\" data-float=\"floatNone\" data-count=\"5\" data-floatcolor=\"#ffffff\" data-emphasize=\"0\">\n<div class=\"nc_tweetContainer totes totesalt\" data-id=\"6\"><span class=\"swp_count\"><span class=\"swp_label\">Partages<\/span> 9<\/span><\/div>\n<\/div>\n<p>Le vice ministre des affaires \u00e9trang\u00e8res russes, a assur\u00e9 que les combattants de Daech fuyant les zones de combat en Syrie et, accessoirement, en Irak, sont en train de se regrouper et de se red\u00e9ployer en Libye, notamment en zone tripolitaine, profitant de la faiblesse des services de l\u2019Etat et des nombreux groupes arm\u00e9s qui se divisent le contr\u00f4le de la zone. Selon les renseignements russes, les combattants de Daech seraient en train de fusionner avec les groupes relevant de l\u2019AQMI en Libye.<\/p>\n<div class=\"mvp-org-wrap mvp-org-logo\" itemprop=\"publisher\" itemscope=\"\" itemtype=\"https:\/\/schema.org\/Organization\"><img decoding=\"async\" src=\"https:\/\/www.tunisienumerique.com\/wp-content\/uploads\/2017\/02\/logo_tunisie_numerique.png\"\/><\/div>\n<div class=\"nc_socialPanel swp_flatFresh swp_d_fullColor swp_i_fullColor swp_o_fullColor scale-100 scale-fullWidth\" data-position=\"none\" data-float=\"floatNone\" data-count=\"5\" data-floatcolor=\"#ffffff\" data-emphasize=\"0\">\n<div class=\"nc_tweetContainer totes totesalt\" data-id=\"6\"><span class=\"swp_count\"><span class=\"swp_label\">Partages<\/span> 9<\/span><\/div>\n<\/div>\n<div class=\"mvp-related-posts left relative\">\n<h4 class=\"post-header\"><span class=\"post-header\">Lire aussi<\/span><\/h4>\n<\/div>\n<\/div>\n<p>Auteur: LM<br \/>\n<a href=\"https:\/\/www.tunisienumerique.com\/la-russie-confirme-que-daech-est-en-train-de-se-redeployer-aux-frontieres-de-la-tunisie\/\">Cliquez ici pour lire l&rsquo;article depuis sa source.<\/a><\/p>\n","protected":false},"excerpt":{"rendered":"<p>Partages 9 Le vice ministre des affaires \u00e9trang\u00e8res russes, a assur\u00e9 que les combattants de Daech fuyant les zones de combat en Syrie et, accessoirement, en Irak, sont en train de se regrouper et de se red\u00e9ployer en Libye, notamment en zone tripolitaine, profitant de la faiblesse des services de l\u2019Etat et des nombreux groupes [&hellip;]<\/p>\n","protected":false},"author":1789,"featured_media":15938,"comment_status":"closed","ping_status":"closed","sticky":false,"template":"","format":"standard","meta":{"fifu_image_url":"","fifu_image_alt":"","footnotes":""},"categories":[73,55],"tags":[],"class_list":["post-15937","post","type-post","status-publish","format-standard","has-post-thumbnail","hentry","category-actualite","category-tunisie"],"_links":{"self":[{"href":"https:\/\/linitiative.ca\/International\/wp-json\/wp\/v2\/posts\/15937","targetHints":{"allow":["GET"]}}],"collection":[{"href":"https:\/\/linitiative.ca\/International\/wp-json\/wp\/v2\/posts"}],"about":[{"href":"https:\/\/linitiative.ca\/International\/wp-json\/wp\/v2\/types\/post"}],"author":[{"embeddable":true,"href":"https:\/\/linitiative.ca\/International\/wp-json\/wp\/v2\/users\/1789"}],"replies":[{"embeddable":true,"href":"https:\/\/linitiative.ca\/International\/wp-json\/wp\/v2\/comments?post=15937"}],"version-history":[{"count":0,"href":"https:\/\/linitiative.ca\/International\/wp-json\/wp\/v2\/posts\/15937\/revisions"}],"wp:featuredmedia":[{"embeddable":true,"href":"https:\/\/linitiative.ca\/International\/wp-json\/"}],"wp:attachment":[{"href":"https:\/\/linitiative.ca\/International\/wp-json\/wp\/v2\/media?parent=15937"}],"wp:term":[{"taxonomy":"category","embeddable":true,"href":"https:\/\/linitiative.ca\/International\/wp-json\/wp\/v2\/categories?post=15937"},{"taxonomy":"post_tag","embeddable":true,"href":"https:\/\/linitiative.ca\/International\/wp-json\/wp\/v2\/tags?post=15937"}],"curies":[{"name":"wp","href":"https:\/\/api.w.org\/{rel}","templated":true}]}}