{"id":15949,"date":"2019-02-20T15:45:44","date_gmt":"2019-02-20T20:45:44","guid":{"rendered":"https:\/\/linitiative.ca\/International\/liberation-dotages-au-mali\/"},"modified":"2019-02-20T15:45:44","modified_gmt":"2019-02-20T20:45:44","slug":"liberation-dotages-au-mali","status":"publish","type":"post","link":"https:\/\/linitiative.ca\/International\/liberation-dotages-au-mali\/","title":{"rendered":"LIBERATION D\u2019OTAGES AU MALI"},"content":{"rendered":"<p><img decoding=\"async\" class=\"post_layout_5_img\" src=\"http:\/\/lepays.bf\/wp-content\/uploads\/2019\/02\/hqdefault.jpg\" alt=\"LIBERATION D\u2019OTAGES AU MALI\"\/><\/p>\n<p><strong>Myst\u00e8re sous les tentes\u00a0!<\/strong><\/p>\n<p>Ils doivent \u00eatre actuellement les plus heureux du Mali. Makan Doumbia et Issiaka Tamboura ont \u00e9t\u00e9 lib\u00e9r\u00e9s par leurs ravisseurs en d\u00e9but de semaine en cours. Le premier \u00e9tait le pr\u00e9fet de la localit\u00e9 de T\u00e9nenkou. Il a \u00e9t\u00e9 enlev\u00e9 le 8 mai 2018 par des hommes arm\u00e9s dans la r\u00e9gion de Mopti. Le second, lui, est un journaliste qui a \u00e9t\u00e9 kidnapp\u00e9, dans les m\u00eames conditions que Makan Doumbia, en fin d\u00e9cembre 2018. Tous les deux hommes sont d\u00e9sormais libres de leurs mouvements. Ce qui n\u2019\u00e9tait pas gagn\u00e9 d\u2019avance quand on sait que d\u2019autres otages, pas plus tard que la semaine derni\u00e8re, ont \u00e9t\u00e9 froidement ex\u00e9cut\u00e9s par leurs ravisseurs. A cela s\u2019ajoute le cas malheureux du magistrat Soungalo Kon\u00e9, enlev\u00e9 en m\u00eame temps que le pr\u00e9fet, dont on dit qu\u2019il est d\u00e9c\u00e9d\u00e9 de maladie pendant sa p\u00e9riode de d\u00e9tention. Alors, on en vient \u00e0 se poser les questions suivantes\u00a0: dans quelles conditions le pr\u00e9fet et le journaliste ont-ils \u00e9t\u00e9 lib\u00e9r\u00e9s\u00a0? Y a-t-il un lien de cause \u00e0 effet entre cette lib\u00e9ration et le renoncement par la Coordination des mouvements de l\u2019Azawad (CMA) aux r\u00e9centes mesures \u00e9dict\u00e9es pour la s\u00e9curit\u00e9 de Kidal\u00a0? Y a-t-il eu paiement de ran\u00e7on\u00a0? Ou encore y a-t-il eu \u00e9change de prisonniers entre Bamako et les groupes djihadistes\u00a0?<br \/>On se perd en conjectures. Pour le moins, on sait que cette lib\u00e9ration a \u00e9t\u00e9 rendue possible gr\u00e2ce aux bons offices des services de renseignements maliens dont on dit qu\u2019ils suivaient de tr\u00e8s pr\u00e8s cette affaire. En clair, cette lib\u00e9ration est le fruit de n\u00e9gociations soutenues entre les services de renseignements maliens et les ravisseurs et non le r\u00e9sultat d\u2019une quelconque action militaire qui aurait pu virer au drame. Ce qui laisse croire que beaucoup d\u2019eau a coul\u00e9 sous les tentes dans le plus grand myst\u00e8re. Car, quand on sait que les djihadistes sont loin d\u2019\u00eatre des enfants de ch\u0153ur pour se laisser conter fleurette, on ne peut que s\u2019interroger sur les \u00e9ventuelles contreparties qui ont permis de sauver la vie du pr\u00e9fet et du journaliste maliens.<\/p>\n<p><strong>Le tout militaire n\u2019est pas souvent la solution<\/strong><\/p>\n<p>La pire des solutions, on l\u2019imagine, serait le paiement d\u2019une ran\u00e7on ou d\u2019une lib\u00e9ration en contrepartie de criminels d\u00e9tenus par Bamako. Dans l\u2019un ou l\u2019autre des deux cas, c\u2019est l\u2019ennemi qui en sort gagnant. Car, en cas de paiement de ran\u00e7on, il en profitera pour se faire une sant\u00e9 militaire et se montrer plus intraitable encore sur le terrain. Tout comme, en cas d\u2019\u00e9change de prisonniers, il faudra s\u2019attendre \u00e0 ce que, les m\u00eames causes produisant les m\u00eames effets, les djihadistes multiplient les enl\u00e8vements d\u2019officiels\u00a0; histoire d\u2019obliger les autorit\u00e9s maliennes \u00e0 lib\u00e9rer tous ceux des leurs d\u00e9tenus \u00e0 Bamako ou dans d\u2019autres prisons \u00e0 travers le pays. On attend de voir. En tout \u00e9tat de cause, de cette lib\u00e9ration, on retient une le\u00e7on\u00a0: le tout militaire n\u2019est pas souvent la solution. Reste maintenant \u00e0 esp\u00e9rer que les m\u00eames tractations ayant abouti \u00e0 la lib\u00e9ration des deux otages maliens, permettront, un jour, de lib\u00e9rer Sophie Petronin, du nom de cette travailleuse humanitaire de nationalit\u00e9s suisse et fran\u00e7aise, par ailleurs, fondatrice de l\u2019ONG \u00ab\u00a0Association d\u2019aide \u00e0 Gao\u00a0\u00bb, enlev\u00e9e le 20 d\u00e9cembre 2016. Rappelons que dans une vid\u00e9o rendue publique le 6 septembre dernier, Sophie P\u00e9tronin sollicitait l\u2019intervention du pr\u00e9sident fran\u00e7ais Emmanuel Macron et du Pape Fran\u00e7ois en ces termes\u00a0: \u00ab\u00a0Ne me sacrifiez pas\u00a0!\u00a0\u00bb. Ne l\u2019oublions donc pas\u00a0!<\/p>\n<p>Boundi OUOBA<\/p>\n<p>Auteur: Le Pays<br \/>\n<a href=\"http:\/\/lepays.bf\/liberation-dotages-au-mali\/\">Cliquez ici pour lire l&rsquo;article depuis sa source.<\/a><\/p>\n","protected":false},"excerpt":{"rendered":"<p>Myst\u00e8re sous les tentes\u00a0! Ils doivent \u00eatre actuellement les plus heureux du Mali. Makan Doumbia et Issiaka Tamboura ont \u00e9t\u00e9 lib\u00e9r\u00e9s par leurs ravisseurs en d\u00e9but de semaine en cours. Le premier \u00e9tait le pr\u00e9fet de la localit\u00e9 de T\u00e9nenkou. Il a \u00e9t\u00e9 enlev\u00e9 le 8 mai 2018 par des hommes arm\u00e9s dans la r\u00e9gion [&hellip;]<\/p>\n","protected":false},"author":1813,"featured_media":15950,"comment_status":"closed","ping_status":"closed","sticky":false,"template":"","format":"standard","meta":{"fifu_image_url":"","fifu_image_alt":"","footnotes":""},"categories":[73,81],"tags":[],"class_list":["post-15949","post","type-post","status-publish","format-standard","has-post-thumbnail","hentry","category-actualite","category-burkina-faso"],"_links":{"self":[{"href":"https:\/\/linitiative.ca\/International\/wp-json\/wp\/v2\/posts\/15949","targetHints":{"allow":["GET"]}}],"collection":[{"href":"https:\/\/linitiative.ca\/International\/wp-json\/wp\/v2\/posts"}],"about":[{"href":"https:\/\/linitiative.ca\/International\/wp-json\/wp\/v2\/types\/post"}],"author":[{"embeddable":true,"href":"https:\/\/linitiative.ca\/International\/wp-json\/wp\/v2\/users\/1813"}],"replies":[{"embeddable":true,"href":"https:\/\/linitiative.ca\/International\/wp-json\/wp\/v2\/comments?post=15949"}],"version-history":[{"count":0,"href":"https:\/\/linitiative.ca\/International\/wp-json\/wp\/v2\/posts\/15949\/revisions"}],"wp:featuredmedia":[{"embeddable":true,"href":"https:\/\/linitiative.ca\/International\/wp-json\/"}],"wp:attachment":[{"href":"https:\/\/linitiative.ca\/International\/wp-json\/wp\/v2\/media?parent=15949"}],"wp:term":[{"taxonomy":"category","embeddable":true,"href":"https:\/\/linitiative.ca\/International\/wp-json\/wp\/v2\/categories?post=15949"},{"taxonomy":"post_tag","embeddable":true,"href":"https:\/\/linitiative.ca\/International\/wp-json\/wp\/v2\/tags?post=15949"}],"curies":[{"name":"wp","href":"https:\/\/api.w.org\/{rel}","templated":true}]}}