{"id":15951,"date":"2019-02-20T15:48:01","date_gmt":"2019-02-20T20:48:01","guid":{"rendered":"https:\/\/linitiative.ca\/International\/appel-a-un-nouveau-mandat-de-museveni\/"},"modified":"2019-02-20T15:48:01","modified_gmt":"2019-02-20T20:48:01","slug":"appel-a-un-nouveau-mandat-de-museveni","status":"publish","type":"post","link":"https:\/\/linitiative.ca\/International\/appel-a-un-nouveau-mandat-de-museveni\/","title":{"rendered":"APPEL A UN NOUVEAU MANDAT DE MUSEVENI"},"content":{"rendered":"<p><img decoding=\"async\" class=\"post_layout_5_img\" src=\"http:\/\/lepays.bf\/wp-content\/uploads\/2019\/02\/2017-05-11t093223z_972667783_rc1126eccf80_rtrmadp_3_somalia-security_0.jpg\" alt=\"APPEL A UN NOUVEAU MANDAT DE MUSEVENI\"\/><\/p>\n<p><strong>Bienvenue au royaume d\u2019Ouganda\u00a0!<\/strong><\/p>\n<p>Yoweri Museveni, 74 ans, au pouvoir depuis 1986, n\u2019est pas rassasi\u00e9 de pouvoir. Il s\u2019appr\u00eate encore \u00e0 dresser la table en vue de porter un toast \u00e0 son 6e mandat pr\u00e9sidentiel. son parti, le Mouvement de la R\u00e9sistance nationale (NRM) a, en effet, annonc\u00e9 avoir approuv\u00e9 la candidature de son \u00ab\u00a0leader bien aim\u00e9\u00a0\u00bb et incontest\u00e9, au scrutin pr\u00e9sidentiel de 2021. Qu\u2019il vente, qu\u2019il pleuve ou m\u00eame que le temps s\u2019arr\u00eate dans cette contr\u00e9e du Gondwana, Pr\u00e9sident-Fondateur Museveni peut donc \u00eatre assur\u00e9 de continuer \u00e0 disposer \u00e0 sa guise de sa \u00ab\u00a0bananeraie\u00a0\u00bb en 2021 et m\u00eame au-del\u00e0, pour \u00ab\u00a0\u00e9liminer les freins \u00e0 la transformation de son pays\u00a0\u00bb comme le souhaite son parti qui l\u2019a ainsi clairement indiqu\u00e9 dans une r\u00e9solution adopt\u00e9e \u00e0 l\u2019unanimit\u00e9 par le comit\u00e9 ex\u00e9cutif central du NRM. C\u2019\u00e9tait au terme d\u2019une retraite de cinq jours, pr\u00e9sid\u00e9e par \u2026Museveni himself qui n\u2019a certainement rien voulu laisser au hasard. Ce choix rel\u00e8ve-t-il d\u2019une sinc\u00e8re et profonde aspiration de son parti\u00a0? Si non, qui pour le contester, face \u00e0 ce dictateur notoire et quasi assum\u00e9 qui s\u2019amuse \u00e0 soutenir, avec un brin d\u2019ironie, qu\u2019il n\u2019y a pas plus grand d\u00e9mocrate que lui sur Terre alors qu\u2019on sait qu\u2019il aurait eu le choix d\u2019emporter avec lui, son tr\u00f4ne dans l\u2019au-del\u00e0, qu\u2019il n\u2019aurait pas h\u00e9sit\u00e9, tant son addiction au pouvoir est forte\u00a0? A d\u00e9faut donc de pouvoir le faire, il se contenterait bien de \u00ab\u00a0pouvoir \u00e0 vie\u00a0\u00bb dans la perspective de b\u00e9n\u00e9ficier de fun\u00e9railles nationales grandioses. Bienvenue au royaume d\u2019Ouganda\u00a0! Faut-il en rire ou en pleurer\u00a0? En tout cas, ce genre de rapport de bien des t\u00eates couronn\u00e9es du continent, au pouvoir, ne manque pas de faire sourire voire ricaner nos \u00ab\u00a0amis\u00a0\u00bb de l\u2019Occident\u00a0; toute chose qui n\u2019est pas \u00e9trang\u00e8re \u00e0 la boutade du pr\u00e9sident am\u00e9ricain Donald Trump qui voit en l\u2019Afrique, un conglom\u00e9rat de \u00ab pays de merde \u00bb\u00a0! S\u2019il fallait classer \u00ab\u00a0ces pays de merde\u00a0\u00bb, l\u2019Ouganda figurerait certainement aux premi\u00e8res loges mais une telle appr\u00e9ciation n\u2019engagerait que ses auteurs, pas les Etats-Unis, alli\u00e9s inv\u00e9t\u00e9r\u00e9s du pouvoir ougandais.<\/p>\n<p><strong>Quel avenir face \u00e0 des dictatures nocives \u00e0 la bonne marche du continent\u00a0?<\/strong><\/p>\n<p>Et l\u2019on peut \u00eatre s\u00fbr que le silence complice du pays de l\u2019Oncle Sam, face au drame ougandais, restera en l\u2019\u00e9tat tant que ce pays dirig\u00e9 d\u2019une main de fer par Museveni, restera le chouchou des Etats-Unis. Quelle voie de salut pour le peuple ougandais opprim\u00e9 et qui a quasiment tout perdu de sa libert\u00e9 et de sa dignit\u00e9 ? R\u00e9sign\u00e9, il semble \u00e0 pr\u00e9sent s\u2019\u00eatre r\u00e9solu \u00e0 vivre avec le \u00ab\u00a0mal\u00a0\u00bb Museveni en esp\u00e9rant sans doute que Dame Nature fera le reste. A cet \u00e9gard, on peut s\u2019interroger \u00e0 juste titre\u00a0: faut-il encore organiser des \u00e9lections en Ouganda\u00a0? A quoi bon y organiser ce genre de scrutins \u00e0 l\u2019issue desquels c\u2019est la m\u00eame personne qui est toujours d\u00e9clar\u00e9e vainqueur depuis plusieurs d\u00e9cennies ? En tous les cas, on sait de l\u2019Ouganda que c\u2019est un pays extr\u00eamement verrouill\u00e9. Ce faisant, l\u2019alternance, il ne faut m\u00eame pas y penser. Du reste, tous ceux qui ont manifest\u00e9 l\u2019intention de succ\u00e9der \u00e0 Museveni, par les urnes, l\u2019ont appris \u00e0 leurs d\u00e9pens. Les opposants comme Kizza Besigye, et artistes comme Bobi Wine en savent quelque chose\u00a0; ces opposants qui ont vu leur r\u00eave d\u2019\u00eatre calife \u00e0 la place du calife, se briser devant les grilles de la prison o\u00f9 ils allaient m\u00e9diter sur leurs ambitions pr\u00e9sidentielles. Et dans sa logique du pouvoir absolu, l\u2019homme fort de Kampala sait pouvoir compter sur le soutien de son rejeton, Muhoozi Kainerugaba, qu\u2019il pr\u00e9parerait \u00e0 sa succession, apr\u00e8s l\u2019avoir bombard\u00e9 deuxi\u00e8me personnalit\u00e9 de l\u2019arm\u00e9e ougandaise. Face \u00e0 toutes ces tares de la gouvernance sous nos tropiques, le d\u00e9veloppement de l\u2019Afrique restera pour longtemps encore, un leurre. Elle est condamn\u00e9e \u00e0 faire du sur-place. Ne nous voilons pas la face\u00a0: un dirigeant incapable de sortir de sa logique \u00ab\u00a0moi ou le chaos\u00a0\u00bb et qui finit par se fossiliser au pouvoir, ne peut plus rien apporter \u00e0 son peuple, \u00e0 son pays. Et ce ne sont pas les indicateurs \u00e9conomiques sur fond de taux de croissance \u00e0 tel chiffre ou tel chiffre, qu\u2019aiment \u00e0 ressasser certains gouvernants, qui peuvent servir de rem\u00e8de \u00e0 l\u2019usure du pouvoir et \u00e0 son corollaire de maux, v\u00e9ritables freins au d\u00e9veloppement de bien des nations africaines. Et dire qu\u2019avec tout cela, l\u2019Occident continue de nous bassiner les oreilles avec les formules flatteuses du genre\u00a0: \u00ab\u00a0l\u2019Afrique est un continent d\u2019avenir\u00a0\u00bb. Quel avenir face \u00e0 des dictatures nocives \u00e0 la bonne marche du continent\u00a0? Quelle hypocrisie\u00a0! Pour leurs int\u00e9r\u00eats, ces gens peuvent toujours tol\u00e9rer nos graves manquements en mati\u00e8re de gouvernance, ce qu\u2019ils n\u2019accepteraient pour rien au monde chez eux. Qu\u2019on en juge\u00a0: Union europ\u00e9enne (UE) a des crit\u00e8res de convergence tant en mati\u00e8re d\u2019\u00e9conomie, de politique, de social et autres. Et elle ne transige pas sur ces valeurs cardinales. Absolument rien \u00e0 voir avec ce qui est donn\u00e9 de constater en Afrique o\u00f9 chaque dirigeant g\u00e8re son pays comme bon lui semble. Et personne ne bronche\u00a0! M\u00eame pas les organisations r\u00e9gionales qui ne veulent jamais se mettre \u00e0 dos un dirigeant et qui, ce faisant, adoptent toujours des positions qui jurent avec les aspirations des peuples \u00e0 l\u2019alternance et \u00e0 la libert\u00e9.<\/p>\n<p>\u00ab\u00a0Le Pays\u00a0\u00bb<\/p>\n<p>Auteur: Le Pays<br \/>\n<a href=\"http:\/\/lepays.bf\/appel-a-un-nouveau-mandat-de-museveni\/\">Cliquez ici pour lire l&rsquo;article depuis sa source.<\/a><\/p>\n","protected":false},"excerpt":{"rendered":"<p>Bienvenue au royaume d\u2019Ouganda\u00a0! Yoweri Museveni, 74 ans, au pouvoir depuis 1986, n\u2019est pas rassasi\u00e9 de pouvoir. Il s\u2019appr\u00eate encore \u00e0 dresser la table en vue de porter un toast \u00e0 son 6e mandat pr\u00e9sidentiel. son parti, le Mouvement de la R\u00e9sistance nationale (NRM) a, en effet, annonc\u00e9 avoir approuv\u00e9 la candidature de son \u00ab\u00a0leader [&hellip;]<\/p>\n","protected":false},"author":1813,"featured_media":15952,"comment_status":"closed","ping_status":"closed","sticky":false,"template":"","format":"standard","meta":{"fifu_image_url":"","fifu_image_alt":"","footnotes":""},"categories":[73,81],"tags":[],"class_list":["post-15951","post","type-post","status-publish","format-standard","has-post-thumbnail","hentry","category-actualite","category-burkina-faso"],"_links":{"self":[{"href":"https:\/\/linitiative.ca\/International\/wp-json\/wp\/v2\/posts\/15951","targetHints":{"allow":["GET"]}}],"collection":[{"href":"https:\/\/linitiative.ca\/International\/wp-json\/wp\/v2\/posts"}],"about":[{"href":"https:\/\/linitiative.ca\/International\/wp-json\/wp\/v2\/types\/post"}],"author":[{"embeddable":true,"href":"https:\/\/linitiative.ca\/International\/wp-json\/wp\/v2\/users\/1813"}],"replies":[{"embeddable":true,"href":"https:\/\/linitiative.ca\/International\/wp-json\/wp\/v2\/comments?post=15951"}],"version-history":[{"count":0,"href":"https:\/\/linitiative.ca\/International\/wp-json\/wp\/v2\/posts\/15951\/revisions"}],"wp:featuredmedia":[{"embeddable":true,"href":"https:\/\/linitiative.ca\/International\/wp-json\/"}],"wp:attachment":[{"href":"https:\/\/linitiative.ca\/International\/wp-json\/wp\/v2\/media?parent=15951"}],"wp:term":[{"taxonomy":"category","embeddable":true,"href":"https:\/\/linitiative.ca\/International\/wp-json\/wp\/v2\/categories?post=15951"},{"taxonomy":"post_tag","embeddable":true,"href":"https:\/\/linitiative.ca\/International\/wp-json\/wp\/v2\/tags?post=15951"}],"curies":[{"name":"wp","href":"https:\/\/api.w.org\/{rel}","templated":true}]}}