{"id":15953,"date":"2019-02-20T15:50:17","date_gmt":"2019-02-20T20:50:17","guid":{"rendered":"https:\/\/linitiative.ca\/International\/elections-generales-au-nigeria\/"},"modified":"2019-02-20T15:50:17","modified_gmt":"2019-02-20T20:50:17","slug":"elections-generales-au-nigeria","status":"publish","type":"post","link":"https:\/\/linitiative.ca\/International\/elections-generales-au-nigeria\/","title":{"rendered":"ELECTIONS GENERALES AU NIGERIA"},"content":{"rendered":"<p><img decoding=\"async\" class=\"post_layout_5_img\" src=\"http:\/\/lepays.bf\/wp-content\/uploads\/2019\/02\/pix_1536825853e080413_1.jpg\" alt=\"ELECTIONS GENERALES AU NIGERIA\"\/><\/p>\n<p><strong>Un report aux cons\u00e9quences incalculables et impr\u00e9visibles<\/strong><\/p>\n<p>La nouvelle a fait l\u2019effet d\u2019une bombe au Nigeria. A moins de 5 heures de la tenue des \u00e9lections g\u00e9n\u00e9rales, la Commission \u00e9lectorale nationale ind\u00e9pendante (INEC), \u00e0 l\u2019issue d\u2019une r\u00e9union d\u2019urgence, l\u2019on s\u2019en souvient, a d\u00e9cid\u00e9 du report et du d\u00e9couplage du scrutin. La pr\u00e9sidentielle a finalement \u00e9t\u00e9 fix\u00e9e au 23 f\u00e9vrier prochain et les \u00e9lections l\u00e9gislatives diff\u00e9r\u00e9es un peu plus tard, soit le 9 mars 2019. Le pr\u00e9sident de l\u2019institution, Mahmood Yakoubou, a motiv\u00e9 principalement ce renvoi des consultations \u00e9lectorales \u00e0 des dates ult\u00e9rieures par des probl\u00e8mes logistiques. Alors que cet argument continue de faire des gorges chaudes, parce que d\u2019aucuns estiment qu\u2019il cache des non-dits, le pays subit de plein fouet les cons\u00e9quences du report.<\/p>\n<p><strong>Le Nigeria confirme qu\u2019il est un pays de grande pagaille<\/strong><\/p>\n<p>La cons\u00e9quence la plus visible de ce report est la morosit\u00e9 \u00e9conomique ambiante. Le pays vit au ralenti et ce, en particulier dans la capitale \u00e9conomique, Lagos o\u00f9 de nombreuses entreprises avaient mis la cl\u00e9 sous le paillasson, par mesure de pr\u00e9caution et n\u2019ont plus rouvert depuis. Dans de nombreux march\u00e9s, des \u00e9tals et boutiques restent clos, occasionnant de grosses pertes pour les commer\u00e7ants qui refreinent difficilement leur col\u00e8re. Par ailleurs, le Nigeria \u00e9tant le poumon \u00e9conomique de l\u2019Afrique de l\u2019Ouest, c\u2019est tout l\u2019espace CEDEAO qui en subit les contrecoups. A titre illustratif, l\u2019autoroute faisant la jonction entre le Nigeria et le B\u00e9nin qui constitue l\u2019une des art\u00e8res \u00e9conomiques les plus importantes de la vie \u00e9conomique sous-r\u00e9gionale, est rest\u00e9e ferm\u00e9e au trafic. L\u2019on peut ais\u00e9ment imaginer les cons\u00e9quences sur les seuls \u00e9changes commerciaux dans la sous-r\u00e9gion.<br \/>Au-del\u00e0 des cons\u00e9quences \u00e9conomiques, c\u2019est l\u2019image du pays tout entier qui s\u2019en trouve ternie. Le Nigeria confirme avec ces reports \u00e0 n\u2019en pas finir, qu\u2019il est un pays de grande pagaille. Et ce clich\u00e9 ne fait pas du bien \u00e0 un pays qui aspire \u00e0 jouer un r\u00f4le de leadership au plan continental.<br \/>Une autre cons\u00e9quence de ce report des \u00e9lections g\u00e9n\u00e9rales, c\u2019est l\u2019atmosph\u00e8re socio-politique qui s\u2019est empuantie du fait des soup\u00e7ons qu\u2019il a aggrav\u00e9s. En effet, c\u2019est \u00e0 une v\u00e9ritable passe d\u2019armes que l\u2019on assiste entre les deux camps qui s\u2019accusent mutuellement d\u2019\u00eatre en sous-main les instigateurs du report. En effet, dans un communiqu\u00e9, le directeur de la campagne du pr\u00e9sident sortant Muhammadu Buhari affirme que \u00ab\u00a0des rumeurs sugg\u00e8rent que ce report a \u00e9t\u00e9 orchestr\u00e9 par le principal parti de l\u2019opposition, le PDP, qui n\u2019a d\u2019ailleurs jamais \u00e9t\u00e9 pr\u00eat pour cette \u00e9lection\u00a0\u00bb. R\u00e9ponse du berger \u00e0 la berg\u00e8re, le candidat de l\u2019opposition, Abubakar Atiku, estime que ses challengers ont ourdi le complot du report parce qu\u2019ils \u00ab\u00a0savent que le peuple nig\u00e9rian est d\u00e9termin\u00e9 \u00e0 les rejeter. Ils sont d\u00e9sesp\u00e9r\u00e9s et ils feraient n\u2019importe quoi pour \u00e9viter cela\u00a0\u00bb. Au-del\u00e0 de cette surench\u00e8re politique verbale, ces accusations peuvent porter un coup au cr\u00e9dit du scrutin et nourrir potentiellement une crise post-\u00e9lectorale. Et on le sait, le Nigeria qui est d\u00e9j\u00e0 un grand malade du fait des exactions de la secte islamique Boko Haram, n\u2019a pas besoin de cela.<\/p>\n<p><strong>On comprend pourquoi l\u2019INEC est sous les feux des critiques<\/strong><\/p>\n<p>Cela dit, ce qu\u2019il faut aujourd\u2019hui redouter, c\u2019est l\u2019impact de ce report sur le taux de participation au scrutin. Car la grande partie des 84 millions d\u2019\u00e9lecteurs attendus dans les urnes a d\u00fb faire des d\u00e9placements pour rejoindre leurs circonscriptions \u00e9lectorales. Au-del\u00e0 des d\u00e9sagr\u00e9ments et des difficult\u00e9s que le report ne manque de provoquer, il faut craindre une d\u00e9saffection vis-\u00e0-vis de l\u2019\u00e9lection avec pour cons\u00e9quence une faible participation. C\u2019est en tout cas ce qui ressort en filigrane des propos de certains Nig\u00e9rians quand ils disent\u00a0: \u00ab ils nous prennent pour des idiots\u00a0\u00bb. Et l\u2019autre grande inconnue, c\u2019est ce que fera Boko Haram de cette rallonge que lui offre gracieusement la Commission \u00e9lectorale nationale ind\u00e9pendante. La secte islamiste pourrait bien profiter de ce report pour mieux affiner sa strat\u00e9gie de perturbation du scrutin. M\u00eame si pour l\u2019instant, ces ing\u00e9nieurs du mal, n\u2019ont pas, comme pour les \u00e9lections pr\u00e9c\u00e9dentes, appel\u00e9 \u00e0 saboter les \u00e9lections, il faut craindre leur mutisme qui peut se r\u00e9v\u00e9ler plus ravageur. Car quand ils se montrent peu loquaces, ils ne le font que par la poudre. Dans tous les cas, tout ceci vient s\u2019ajouter \u00e0 la psychose des populations, \u00e0 l\u2019approche du scrutin.<br \/>En tout \u00e9tat de cause, l\u2019on comprend pourquoi l\u2019INEC qui n\u2019est pas \u00e0 sa premi\u00e8re forfaiture, est sous les feux des critiques. Ils sont nombreux les candidats, d\u00e9j\u00e0 \u00e9reint\u00e9s par la campagne exceptionnellement longue, \u00e0 appeler \u00e0 la d\u00e9mission du pr\u00e9sident de la commission \u00e9lectorale. M\u00eame si certains doutent que cela soit la bonne solution, il se pose aujourd\u2019hui la n\u00e9cessit\u00e9 de proc\u00e9der \u00e0 des r\u00e9formes \u00e9lectorales en profondeur comme d\u2019ailleurs le recommandent trois rapports gouvernementaux successifs. Mais en attendant l\u2019\u00e8re des grandes refondations, l\u2019INEC se doit de tout faire pour \u00e9viter tout nouveau report, de peur de cr\u00e9er une crise de l\u00e9gitimit\u00e9 et de l\u00e9galit\u00e9 qui viendrait mettre \u00e0 mal la stabilit\u00e9 des institutions et la coh\u00e9sion sociale dans ce pays qui est per\u00e7u comme un g\u00e9ant aux pieds d\u2019argile.<\/p>\n<p><strong>\u00ab\u00a0Le Pays\u00a0\u00bb<\/strong><\/p>\n<p>Auteur: Le Pays<br \/>\n<a href=\"http:\/\/lepays.bf\/elections-generales-au-nigeria\/\">Cliquez ici pour lire l&rsquo;article depuis sa source.<\/a><\/p>\n","protected":false},"excerpt":{"rendered":"<p>Un report aux cons\u00e9quences incalculables et impr\u00e9visibles La nouvelle a fait l\u2019effet d\u2019une bombe au Nigeria. A moins de 5 heures de la tenue des \u00e9lections g\u00e9n\u00e9rales, la Commission \u00e9lectorale nationale ind\u00e9pendante (INEC), \u00e0 l\u2019issue d\u2019une r\u00e9union d\u2019urgence, l\u2019on s\u2019en souvient, a d\u00e9cid\u00e9 du report et du d\u00e9couplage du scrutin. La pr\u00e9sidentielle a finalement \u00e9t\u00e9 [&hellip;]<\/p>\n","protected":false},"author":1813,"featured_media":15954,"comment_status":"closed","ping_status":"closed","sticky":false,"template":"","format":"standard","meta":{"fifu_image_url":"","fifu_image_alt":"","footnotes":""},"categories":[73,81],"tags":[],"class_list":["post-15953","post","type-post","status-publish","format-standard","has-post-thumbnail","hentry","category-actualite","category-burkina-faso"],"_links":{"self":[{"href":"https:\/\/linitiative.ca\/International\/wp-json\/wp\/v2\/posts\/15953","targetHints":{"allow":["GET"]}}],"collection":[{"href":"https:\/\/linitiative.ca\/International\/wp-json\/wp\/v2\/posts"}],"about":[{"href":"https:\/\/linitiative.ca\/International\/wp-json\/wp\/v2\/types\/post"}],"author":[{"embeddable":true,"href":"https:\/\/linitiative.ca\/International\/wp-json\/wp\/v2\/users\/1813"}],"replies":[{"embeddable":true,"href":"https:\/\/linitiative.ca\/International\/wp-json\/wp\/v2\/comments?post=15953"}],"version-history":[{"count":0,"href":"https:\/\/linitiative.ca\/International\/wp-json\/wp\/v2\/posts\/15953\/revisions"}],"wp:featuredmedia":[{"embeddable":true,"href":"https:\/\/linitiative.ca\/International\/wp-json\/"}],"wp:attachment":[{"href":"https:\/\/linitiative.ca\/International\/wp-json\/wp\/v2\/media?parent=15953"}],"wp:term":[{"taxonomy":"category","embeddable":true,"href":"https:\/\/linitiative.ca\/International\/wp-json\/wp\/v2\/categories?post=15953"},{"taxonomy":"post_tag","embeddable":true,"href":"https:\/\/linitiative.ca\/International\/wp-json\/wp\/v2\/tags?post=15953"}],"curies":[{"name":"wp","href":"https:\/\/api.w.org\/{rel}","templated":true}]}}