{"id":15957,"date":"2019-02-20T15:12:23","date_gmt":"2019-02-20T20:12:23","guid":{"rendered":"https:\/\/linitiative.ca\/International\/tolerance-zero-a-lexcision-en-2030-la-solution-par-la-responsabilisation-des-communautes\/"},"modified":"2019-02-20T15:12:23","modified_gmt":"2019-02-20T20:12:23","slug":"tolerance-zero-a-lexcision-en-2030-la-solution-par-la-responsabilisation-des-communautes","status":"publish","type":"post","link":"https:\/\/linitiative.ca\/International\/tolerance-zero-a-lexcision-en-2030-la-solution-par-la-responsabilisation-des-communautes\/","title":{"rendered":"Tol\u00e9rance z\u00e9ro \u00e0 l\u2019excision en 2030 : la solution par la responsabilisation des communaut\u00e9s"},"content":{"rendered":"<div class=\"td-post-featured-image\"><a href=\"https:\/\/i1.wp.com\/www.sidwaya.info\/wp-content\/uploads\/2019\/02\/1-30.jpg?fit=738%2C650&#038;ssl=1\" data-caption=\"\"><img loading=\"lazy\" decoding=\"async\" width=\"696\" height=\"613\" class=\"entry-thumb td-modal-image\" src=\"https:\/\/i1.wp.com\/www.sidwaya.info\/wp-content\/uploads\/2019\/02\/1-30.jpg?resize=696%2C613&#038;ssl=1\" srcset=\"https:\/\/i1.wp.com\/www.sidwaya.info\/wp-content\/uploads\/2019\/02\/1-30.jpg?w=738&#038;ssl=1 738w, https:\/\/i1.wp.com\/www.sidwaya.info\/wp-content\/uploads\/2019\/02\/1-30.jpg?resize=300%2C264&#038;ssl=1 300w, https:\/\/i1.wp.com\/www.sidwaya.info\/wp-content\/uploads\/2019\/02\/1-30.jpg?resize=696%2C613&#038;ssl=1 696w, https:\/\/i1.wp.com\/www.sidwaya.info\/wp-content\/uploads\/2019\/02\/1-30.jpg?resize=477%2C420&#038;ssl=1 477w\" sizes=\"auto, (max-width: 696px) 100vw, 696px\" alt=\"\" title=\"1\"\/><\/a><\/div>\n<div class=\"td-a-rec td-a-rec-id-content_top td_uid_24_5c6dd84321e9a_rand td_block_template_1\"><img loading=\"lazy\" decoding=\"async\" class=\"aligncenter size-full wp-image-4463\" src=\"https:\/\/www.sidwaya.info\/wp-content\/uploads\/2019\/02\/FESPACO-TOUR-2019-Bannie%CC%80re-728x90-1.jpg\" alt=\"\" width=\"728\" height=\"90\"\/><\/div>\n<p><strong>Le minist\u00e8re de la Femme, de la Solidarit\u00e9 nationale, de la Famille et de l\u2019Action humanitaire a comm\u00e9mor\u00e9, le mercredi 20 f\u00e9vrier 2019 \u00e0 Ouagadougou, la 16e journ\u00e9e internationale tol\u00e9rance z\u00e9ro aux Mutilations g\u00e9nitales f\u00e9minines (MGF).<\/strong><\/p>\n<p>Depuis des ann\u00e9es, le Burkina Faso a fait de la lutte contre les Mutilations g\u00e9nitales f\u00e9minines (MGF), son cheval de bataille. Bien que des efforts aient \u00e9t\u00e9 consentis par le gouvernement, les jeunes filles continuent d\u2019\u00eatre les cibles des \u2018\u2019couteaux et des lames\u2019\u2019 dans les 13 r\u00e9gions du pays. Au regard de ces pratiques multis\u00e9culaires, il s\u2019av\u00e8re n\u00e9cessaire de renforcer la lutte \u00e0 travers des actions concr\u00e8tes, comme le recommande le th\u00e8me de la 16e journ\u00e9e internationale tol\u00e9rance z\u00e9ro aux Mutilations g\u00e9nitales f\u00e9minines (MGF), qui est\u00a0: \u00abTraduire les d\u00e9cisions politiques en actions \u00e0 la base, pour acc\u00e9l\u00e9rer l\u2019atteinte de la tol\u00e9rance z\u00e9ro aux MGF en 2030\u00bb.<\/p>\n<p>La journ\u00e9e a \u00e9t\u00e9 c\u00e9l\u00e9br\u00e9e le 20 f\u00e9vrier 2019 \u00e0 Ouagadougou. Pour la ministre en charge de la femme, H\u00e9l\u00e8ne Marie Laurence Ilboudo, par ailleurs pr\u00e9sidente du Conseil national de lutte contre la pratique de l\u2019excision (CNLPE), ces actions seront focalis\u00e9es, d\u2019une part, sur la responsabilisation accrue des communaut\u00e9s en impliquant toutes les couches sociales dans la lutte. D\u2019autre part, il s\u2019agira de renforcer l\u2019ancrage institutionnel sur le plan national et international, avec une organisation coordonn\u00e9e des associations, des ONG et r\u00e9seaux de lutte, pour plus d\u2019efficacit\u00e9 et de capitalisation des interventions sur le terrain. La repr\u00e9sentante des partenaires techniques et financiers, Dr Anne Vincent, a d\u00e9plor\u00e9 le fait que des filles continuent d\u2019\u00eatre excis\u00e9es au Burkina Faso, malgr\u00e9 l\u2019engagement national, r\u00e9gional et mondial de la Premi\u00e8re dame du Faso, Sika Kabor\u00e9, dans la lutte contre les violences et les discriminations \u00e0 l\u2019\u00e9gard des femmes et pour leur autonomisation.<\/p>\n<p>Faisant cas des 47 filles excis\u00e9es r\u00e9cemment dans la r\u00e9gion du Sud-Ouest et plus de la cinquantaine en 2018, elle a affirm\u00e9 que le th\u00e8me de cette journ\u00e9e est interpellateur et il est temps \u00e0 son avis, de plaider aupr\u00e8s des autorit\u00e9s locales et leaders d\u2019opinion, afin qu\u2019ils s\u2019impliquent davantage dans la lutte. \u00abNous devons accentuer la sensibilisation, pour que les populations soient suffisamment inform\u00e9es des cons\u00e9quences n\u00e9fastes des MGF sur la sant\u00e9 physique et psychologique des enfants\u00bb, a-t-elle sugg\u00e9r\u00e9.<\/p>\n<p><strong>Plus de 200 millions de femmes et filles excis\u00e9es<\/strong><\/p>\n<p>La ministre en charge de la femme, H\u00e9l\u00e8ne Marie Laurence Ilboudo, a not\u00e9 qu\u2019il est ressorti dans l\u2019enqu\u00eate multisectorielle continue de 2015, que 67,6% des femmes avaient subi au moins une des formes de MGF. \u00abLa pr\u00e9valence de la pratique a \u00e9t\u00e9 ramen\u00e9e de 13,3% selon les donn\u00e9es de l\u2019enqu\u00eate d\u00e9mographique et de sant\u00e9 de 2010, \u00e0 11,3% selon l\u2019enqu\u00eate multisectorielle de 2015, pour la tranche d\u2019\u00e2ge de 0 \u00e0 14 ans, soit une baisse sensible en cinq ans\u00bb, a-t-elle pr\u00e9cis\u00e9. Pour elle, les pratiques des MGF sont rencontr\u00e9es dans plusieurs continents et touchent plus de 200 millions de filles et de femmes, selon le rapport de l\u2019Unicef 2016.<\/p>\n<p>Le nombre des filles et des femmes qui pourraient \u00eatre expos\u00e9es \u00e0 un risque de MGF avant 2030 est estim\u00e9 \u00e0 68 millions. Mme Ilboudo a ajout\u00e9 que parmi ces potentielles victimes, plus de 50 millions le seront en Afrique selon l\u2019OMS. Et de signifier que toutes les actions conjugu\u00e9es dans la lutte contre les MGF ont permis de positionner le pr\u00e9sident du Faso Roch Marc Christian Kabor\u00e9 au titre de \u2018\u2019Champion de l\u2019Union africaine\u2019\u2019. La patronne de cette journ\u00e9e, Sika Kabor\u00e9, pr\u00e9sidente d\u2019honneur du CNLPE a exprim\u00e9 son enti\u00e8re disponibilit\u00e9 \u00e0 soutenir toutes les initiatives \u00e0 acc\u00e9l\u00e9rer la tol\u00e9rance z\u00e9ro au MGF aussi bien au Burkina Faso qu\u2019en Afrique.<\/p>\n<p class=\"c1\"><strong>Afs\u00e9tou SAWADOGO<\/strong><\/p>\n<div class=\"td-a-rec td-a-rec-id-content_bottom td_uid_25_5c6dd84321ff0_rand td_block_template_1\"><img loading=\"lazy\" decoding=\"async\" class=\"alignright size-full wp-image-1724\" src=\"https:\/\/www.sidwaya.info\/wp-content\/uploads\/2018\/12\/sidwaya-pub.jpg\" alt=\"\" width=\"720\" height=\"90\"\/><\/div>\n<p>Auteur: DD. Sidwaya<br \/>\n<a href=\"https:\/\/www.sidwaya.info\/blog\/2019\/02\/20\/tolerance-zero-a-lexcision-en-2030-la-solution-par-la-responsabilisation-des-communautes\/\">Cliquez ici pour lire l&rsquo;article depuis sa source.<\/a><\/p>\n","protected":false},"excerpt":{"rendered":"<p>Le minist\u00e8re de la Femme, de la Solidarit\u00e9 nationale, de la Famille et de l\u2019Action humanitaire a comm\u00e9mor\u00e9, le mercredi 20 f\u00e9vrier 2019 \u00e0 Ouagadougou, la 16e journ\u00e9e internationale tol\u00e9rance z\u00e9ro aux Mutilations g\u00e9nitales f\u00e9minines (MGF). Depuis des ann\u00e9es, le Burkina Faso a fait de la lutte contre les Mutilations g\u00e9nitales f\u00e9minines (MGF), son cheval [&hellip;]<\/p>\n","protected":false},"author":1816,"featured_media":0,"comment_status":"closed","ping_status":"closed","sticky":false,"template":"","format":"standard","meta":{"fifu_image_url":"","fifu_image_alt":"","footnotes":""},"categories":[73,81],"tags":[],"class_list":["post-15957","post","type-post","status-publish","format-standard","hentry","category-actualite","category-burkina-faso"],"_links":{"self":[{"href":"https:\/\/linitiative.ca\/International\/wp-json\/wp\/v2\/posts\/15957","targetHints":{"allow":["GET"]}}],"collection":[{"href":"https:\/\/linitiative.ca\/International\/wp-json\/wp\/v2\/posts"}],"about":[{"href":"https:\/\/linitiative.ca\/International\/wp-json\/wp\/v2\/types\/post"}],"author":[{"embeddable":true,"href":"https:\/\/linitiative.ca\/International\/wp-json\/wp\/v2\/users\/1816"}],"replies":[{"embeddable":true,"href":"https:\/\/linitiative.ca\/International\/wp-json\/wp\/v2\/comments?post=15957"}],"version-history":[{"count":0,"href":"https:\/\/linitiative.ca\/International\/wp-json\/wp\/v2\/posts\/15957\/revisions"}],"wp:attachment":[{"href":"https:\/\/linitiative.ca\/International\/wp-json\/wp\/v2\/media?parent=15957"}],"wp:term":[{"taxonomy":"category","embeddable":true,"href":"https:\/\/linitiative.ca\/International\/wp-json\/wp\/v2\/categories?post=15957"},{"taxonomy":"post_tag","embeddable":true,"href":"https:\/\/linitiative.ca\/International\/wp-json\/wp\/v2\/tags?post=15957"}],"curies":[{"name":"wp","href":"https:\/\/api.w.org\/{rel}","templated":true}]}}