{"id":15958,"date":"2019-02-20T15:28:13","date_gmt":"2019-02-20T20:28:13","guid":{"rendered":"https:\/\/linitiative.ca\/International\/simon-compaore-president-par-interim-du-mpp-la-reelection-de-notre-candidat-nest-pas-encore-jouee\/"},"modified":"2019-02-20T15:28:13","modified_gmt":"2019-02-20T20:28:13","slug":"simon-compaore-president-par-interim-du-mpp-la-reelection-de-notre-candidat-nest-pas-encore-jouee","status":"publish","type":"post","link":"https:\/\/linitiative.ca\/International\/simon-compaore-president-par-interim-du-mpp-la-reelection-de-notre-candidat-nest-pas-encore-jouee\/","title":{"rendered":"Simon Compaor\u00e9, pr\u00e9sident par int\u00e9rim du MPP : \u00abLa r\u00e9\u00e9lection de notre candidat n\u2019est pas encore jou\u00e9e\u00bb"},"content":{"rendered":"<div class=\"td-post-featured-image\"><a href=\"https:\/\/i1.wp.com\/www.sidwaya.info\/wp-content\/uploads\/2019\/02\/1-31.jpg?fit=702%2C468&#038;ssl=1\" data-caption=\"\"><img loading=\"lazy\" decoding=\"async\" width=\"696\" height=\"464\" class=\"entry-thumb td-modal-image\" src=\"https:\/\/i1.wp.com\/www.sidwaya.info\/wp-content\/uploads\/2019\/02\/1-31.jpg?resize=696%2C464&#038;ssl=1\" srcset=\"https:\/\/i1.wp.com\/www.sidwaya.info\/wp-content\/uploads\/2019\/02\/1-31.jpg?w=702&#038;ssl=1 702w, https:\/\/i1.wp.com\/www.sidwaya.info\/wp-content\/uploads\/2019\/02\/1-31.jpg?resize=300%2C200&#038;ssl=1 300w, https:\/\/i1.wp.com\/www.sidwaya.info\/wp-content\/uploads\/2019\/02\/1-31.jpg?resize=696%2C464&#038;ssl=1 696w, https:\/\/i1.wp.com\/www.sidwaya.info\/wp-content\/uploads\/2019\/02\/1-31.jpg?resize=630%2C420&#038;ssl=1 630w\" sizes=\"auto, (max-width: 696px) 100vw, 696px\" alt=\"\" title=\"1\"\/><\/a><\/div>\n<div class=\"td-a-rec td-a-rec-id-content_top td_uid_24_5c6dd846559cf_rand td_block_template_1\"><img loading=\"lazy\" decoding=\"async\" class=\"aligncenter size-full wp-image-4463\" src=\"https:\/\/www.sidwaya.info\/wp-content\/uploads\/2019\/02\/FESPACO-TOUR-2019-Bannie%CC%80re-728x90-1.jpg\" alt=\"\" width=\"728\" height=\"90\"\/><\/div>\n<p>Cr\u00e9\u00e9 en 2014, le parti au pouvoir, le Mouvement du peuple pour le progr\u00e8s (MPP) a cinq ans. A l\u2019occasion, le pr\u00e9sident par int\u00e9rim du parti, Simon Compaor\u00e9, a accord\u00e9 un entretien \u00e0 Sidwaya. Les d\u00e9fis du parti, le nouveau gouvernement, la lutte contre le terrorisme, la pr\u00e9sidentielle de 2020, sont entre autres sujets abord\u00e9s.<\/p>\n<p><strong>Sidwaya (S.) : Cela fait cinq ans que le MPP existe. Qu\u2019est-ce qui a pr\u00e9valu \u00e0 ce que d\u2019aucuns avaient appel\u00e9 un schisme au sein de l\u2019ex-parti au pouvoir ?<\/strong><\/p>\n<p><img loading=\"lazy\" decoding=\"async\" class=\"size-medium wp-image-4589 alignleft\" src=\"https:\/\/i1.wp.com\/www.sidwaya.info\/wp-content\/uploads\/2019\/02\/2-7.jpg?resize=300%2C200&#038;ssl=1\" alt=\"\" width=\"300\" height=\"200\" srcset=\"https:\/\/i1.wp.com\/www.sidwaya.info\/wp-content\/uploads\/2019\/02\/2-7.jpg?resize=300%2C200&#038;ssl=1 300w, https:\/\/i1.wp.com\/www.sidwaya.info\/wp-content\/uploads\/2019\/02\/2-7.jpg?resize=768%2C513&#038;ssl=1 768w, https:\/\/i1.wp.com\/www.sidwaya.info\/wp-content\/uploads\/2019\/02\/2-7.jpg?resize=696%2C465&#038;ssl=1 696w, https:\/\/i1.wp.com\/www.sidwaya.info\/wp-content\/uploads\/2019\/02\/2-7.jpg?resize=629%2C420&#038;ssl=1 629w, https:\/\/i1.wp.com\/www.sidwaya.info\/wp-content\/uploads\/2019\/02\/2-7.jpg?w=797&#038;ssl=1 797w\" sizes=\"auto, (max-width: 300px) 100vw, 300px\" data-recalc-dims=\"1\"\/>Simon Compaor\u00e9 (S. C.) : Pendant le long r\u00e8gne de Blaise Compaor\u00e9, beaucoup de progr\u00e8s ont \u00e9t\u00e9 enregistr\u00e9s mais certaines pratiques commen\u00e7aient \u00e0 ternir l\u2019image du r\u00e9gime. Ce n\u2019est pas pour rien que des gens l\u2019accusaient de patrimonialisation du pouvoir ou de gestion clanique. Nous avons donc estim\u00e9 que la modification de l\u2019article 37 de la Constitution envisag\u00e9e par notre ancien parti en vue de permettre au pr\u00e9sident Compaor\u00e9 de se maintenir au pouvoir \u00e9tait inacceptable. D\u2019o\u00f9 notre d\u00e9mission avec 75 autres camarades membres du Bureau politique national \u00e0 l\u2019\u00e9poque.<\/p>\n<p><strong>S. : Comment appr\u00e9ciez-vous le chemin parcouru par votre parti, qui a acc\u00e9d\u00e9 au pouvoir un an apr\u00e8s sa cr\u00e9ation ?<\/strong><\/p>\n<p>S. C. : Ce fut un exploit, parce que de m\u00e9moire de politicien, c\u2019est la premi\u00e8re fois qu\u2019un parti cr\u00e9\u00e9 \u00e0 la veille d\u2019une \u00e9lection, acc\u00e8de au pouvoir dans notre pays. Apr\u00e8s sa cr\u00e9ation, le parti s\u2019est vite implant\u00e9 sur le territoire national, ce qui lui a permis de prendre part \u00e0 deux scrutins majeurs, les l\u00e9gislatives et la pr\u00e9sidentielle, avec \u00e0 la cl\u00e9 une victoire \u00e9clatante. Cela peut s\u2019expliquer aussi par le fait que le MPP cr\u00e9\u00e9 dans les conditions que vous connaissez, regorgeait de camarades p\u00e9tris d\u2019exp\u00e9riences, pleins de convictions et tr\u00e8s d\u00e9termin\u00e9s. Ceux qui ont d\u00e9boit\u00e9 du CDP avaient une vision commune et savaient quel chemin emprunter lorsqu\u2019ils quitteront le navire. En plus de cela, la rage de vaincre et la d\u00e9termination qui les habitaient ont \u00e9t\u00e9 des ingr\u00e9dients de la victoire du parti.<\/p>\n<p><strong>S. : Quels sont les points d\u2019insatisfactions li\u00e9s \u00e0 votre gestion du pouvoir ?<\/strong><\/p>\n<p>S. C. : Dans toute \u0153uvre humaine, il y a toujours une part d\u2019imperfection, et dans son cheminement, le MPP a connu des points forts mais aussi des faiblesses. Sur le plan de la structuration, nous avions constat\u00e9 certaines insuffisances qui ont \u00e9t\u00e9 vite corrig\u00e9es lors du deuxi\u00e8me congr\u00e8s en avril 2017. Avec l\u2019\u00e9largissement de nos rangs et des militants qui \u00e9taient \u00e0 leurs premiers pas dans la politique, il a fallu revoir les choses pour imposer une discipline interne. Parce que d\u2019aucuns ne savaient pas que dans un parti, le militant a des droits mais aussi des devoirs. Bref, nous avons fait en sorte que ceux qui nous rejoignent se conforment \u00e0 nos r\u00e8gles.<\/p>\n<p><strong>S. : Le Burkina Faso vient d\u2019avoir un nouveau gouvernement dirig\u00e9 par Christophe Joseph Marie Dabir\u00e9. Qu\u2019attendez-vous de cette \u00e9quipe ?<\/strong><\/p>\n<p>S. C. : Les attentes sont tr\u00e8s fortes et le temps de plus en plus court, puisqu\u2019il nous reste 20 mois. La nouvelle \u00e9quipe gouvernementale doit d\u2019abord travailler \u00e0 renforcer les acquis engrang\u00e9s tels que la gratuit\u00e9 des soins pour les femmes enceintes et les enfants de z\u00e9ro \u00e0 cinq ans, la r\u00e9alisation d\u2019infrastructures \u00e9ducatives pour remplacer les \u00e9coles sous paillottes, pour ne citer que ces deux exemples. La deuxi\u00e8me \u00e9tape de l\u2019action gouvernementale devait permettre \u00e0 certains projets phares du pr\u00e9sident du Faso qui pi\u00e9tinent, de conna\u00eetre un d\u00e9but d\u2019ex\u00e9cution avant l\u2019\u00e9ch\u00e9ance 2020.<\/p>\n<p><strong>S. : Christophe Dabir\u00e9 est-il un \u00abbon cheval\u00bb selon vous ?<\/strong><\/p>\n<p>S. C. : Si le choix s\u2019est port\u00e9 sur sa personne, c\u2019est parce que des crit\u00e8res objectifs ont pr\u00e9valu \u00e0 sa d\u00e9signation pour diriger le gouvernement. Contrairement \u00e0 ce que certains disent, Christophe Dabir\u00e9 est un camarade, bien connu du milieu politique, qui a travaill\u00e9 dans des gouvernements ant\u00e9rieurs. Son \u00e9pouse fait \u00e9galement partie des militants qui ont rejoint le MPP aux premi\u00e8res heures. Elle est aujourd\u2019hui membre du Haut conseil du parti. J\u2019ai foi qu\u2019il pourra conduire la mission \u00e0 lui confi\u00e9e par le chef de l\u2019Etat, Roch Marc Christian Kabor\u00e9.<\/p>\n<p><strong>S. : Vous ne faites pas partie de la nouvelle \u00e9quipe gouvernementale. Pourquoi ?<\/strong><\/p>\n<p>S. C. : Personne n\u2019est n\u00e9 avec le poste de ministre sur son front. Le gouvernement est un grand th\u00e9\u00e2tre o\u00f9 des acteurs viennent chacun \u00e0 son tour, jouer une partie de la pi\u00e8ce et se retirer. Celui qui pense qu\u2019une fois nomm\u00e9 ministre, c\u2019est ad vita \u00e6ternam, s\u2019est tromp\u00e9 et le jour qu\u2019il sera remplac\u00e9, ce serait un drame. Le plus important, c\u2019est la capacit\u00e9 \u00e0 impacter ton environnement et \u00e0 laisser des traces.<\/p>\n<p><strong>S. : On a l\u2019impression que le parti manque de comp\u00e9tences pour former enti\u00e8rement un gouvernement. Est-ce une r\u00e9alit\u00e9 ?<\/strong><\/p>\n<p>S. C. : Vous utilisez un prisme qui ne vous permet pas d\u2019avoir une bonne lecture des choses. Nous avons suffisamment de comp\u00e9tences pour former un gouvernement compos\u00e9 uniquement de membres MPP, mais cela ne sera pas bien vu par l\u2019opinion. D\u00e8s la cr\u00e9ation de notre parti, des universitaires sont venus d\u2019eux-m\u00eames adh\u00e9rer et attendent leur heure. Dans notre mode de gestion, nous allions strat\u00e9gie et vision. Ainsi, des partis politiques de l\u2019Alliance pour la majorit\u00e9 pr\u00e9sidentielle (APMP) ont toujours \u00e9t\u00e9 repr\u00e9sent\u00e9s dans les diff\u00e9rents gouvernements depuis notre arriv\u00e9e au pouvoir.<\/p>\n<p><strong>S. : Le pr\u00e9sident par int\u00e9rim du MPP va-t-il se reposer ou s\u2019occuper exclusivement du parti \u00e0 l\u2019or\u00e9e d\u2019\u00e9ch\u00e9ances cruciales ?<\/strong><\/p>\n<p>S. C. : Rassurez-vous, ce n\u2019est pas le moment de se reposer, car je suis le pr\u00e9sident par int\u00e9rim du MPP et \u00e0 ce titre, je coordonne les activit\u00e9s du parti. Avec les camarades du bureau ex\u00e9cutif, nous aff\u00fbtons nos armes pour les batailles \u00e9lectorales \u00e0 venir.<\/p>\n<p><strong>S. : A la suite du coup de gueule du pr\u00e9sident de l\u2019Assembl\u00e9e nationale \u00e0 la c\u00e9r\u00e9monie d\u2019inauguration de la foire du 11-D\u00e9cembre 2018 \u00e0 Manga, certains ont cru d\u00e9celer un malaise au sein du parti. Cette analyse est-elle exag\u00e9r\u00e9e ?<\/strong><\/p>\n<p>S. C. : Un proverbe moaga dit ceci : \u00ab seul le bossu sait o\u00f9 mettre sa bosse \u00bb. Quelques jours apr\u00e8s ce qui s\u2019est pass\u00e9 \u00e0 Manga, nous nous sommes retrouv\u00e9s si bien qu\u2019aujourd\u2019hui la page de cette incompr\u00e9hension est tourn\u00e9e. Mais que des gens veulent inventer le spectre d\u2019une crise quelconque, ils peuvent s\u2019adonner \u00e0 c\u0153ur joie.<\/p>\n<p><strong>S. : Comment voyez-vous le parall\u00e8le entre terrorisme et droits humains ?<\/strong><\/p>\n<p>S. C. : Ce qui me chagrine, c\u2019est que lorsqu\u2019on tue nos Forces de d\u00e9fense et de s\u00e9curit\u00e9 (FDS), personne ne parle et quand il s\u2019agit d\u2019assaillants neutralis\u00e9s, des voix s\u2019\u00e9l\u00e8vent toujours parlant de droits de l\u2019homme. A partir du moment o\u00f9 des individus se sont sp\u00e9cialis\u00e9s dans les assassinats, la question des droits humains ne saurait \u00eatre \u00e9voqu\u00e9e en pareille circonstance. Il faudrait ajouter \u00e0 cela l\u2019argument de la l\u00e9gitime d\u00e9fense, car les FDS, lorsqu\u2019elles sont sur le terrain, ont leurs vies menac\u00e9es par ces terroristes. Ils ont donc le droit de se d\u00e9fendre par tous les moyens. L\u2019existence de prisons pour terroristes est la preuve que le gouvernement burkinab\u00e9 est bien soucieux du respect des droits humains.<\/p>\n<p><strong>S. : Le drame de Yirgou a \u00e9t\u00e9 affligeant pour les Burkinab\u00e8. Quelles le\u00e7ons en tirez-vous ?<\/strong><\/p>\n<p>S. C. : Je suis tr\u00e8s choqu\u00e9 par le drame de Yirgou. Depuis longtemps, les diff\u00e9rentes ethnies de notre pays ont toujours v\u00e9cu en harmonie et cette cohabitation ne rel\u00e8ve pas d\u2019une g\u00e9n\u00e9ration spontan\u00e9e. Ceux qui ont d\u00e9cid\u00e9 librement de couper ce cordon doivent \u00eatre punis \u00e0 la hauteur de la gravit\u00e9 de leurs actes, afin d\u2019\u00e9viter que de tels \u00e9v\u00e8nements ne se reproduisent. En d\u00e9pit de nos divergences politiques, religieuses, culturelles et sociales nous appartenons tous \u00e0 un m\u00eame pays et nous devons lutter main dans la main pour sauvegarder ce patrimoine commun qu\u2019est le Burkina Faso.<\/p>\n<p><strong>S. : Comment faire face au front social de plus en plus pr\u00e9occupant ces derni\u00e8res ann\u00e9es ?<\/strong><\/p>\n<p>S. C. : Les diff\u00e9rents acteurs doivent toujours privil\u00e9gier le dialogue dans leurs d\u00e9marches. Chacun doit puiser en lui la force n\u00e9cessaire pour renouer le fil du dialogue afin de stabiliser le front social. C\u2019est la seule voie \u00e0 m\u00eame de permettre de d\u00e9boucher sur des solutions salutaires pour toutes les parties et je crois que nous sommes sur le bon chemin. Les uns et les autres doivent mettre de l\u2019eau dans leur vin comme l\u2019a fait la Coordination des syndicats de l\u2019\u00e9ducation.<\/p>\n<p><strong>S. : L\u2019APMP regroupe l\u2019ensemble des partis qui soutiennent le programme du pr\u00e9sident du Faso. Comment appr\u00e9ciez-vous les actions de cette structure ?<\/strong><\/p>\n<p>S. C. : L\u2019APMP apporte une certaine aide dans la gestion des affaires \u00e9tatiques. Ce soutien est appr\u00e9ci\u00e9 \u00e0 sa juste valeur par notre parti. Cette structure est certes confront\u00e9e parfois \u00e0 un certain nombre de difficult\u00e9s, mais sa contribution reste tout de m\u00eame consid\u00e9rable au sein du gouvernement.<\/p>\n<p><strong>S. : Les \u00e9lections de 2020, c\u2019est bient\u00f4t. Quelles sont les ambitions du MPP ?<\/strong><\/p>\n<p>S. C. : A la veille de 2020, notre objectif obsessionnel est de tenir les engagements du pr\u00e9sident du Faso vis-\u00e0-vis du peuple. Nous esp\u00e9rons pr\u00e9senter un bilan satisfaisant au moment venu, afin d\u2019envisager un autre contrat de soci\u00e9t\u00e9 \u00e0 l\u2019\u00e9ch\u00e9ance 2020. Ce r\u00e9sultat ne pourrait \u00eatre r\u00e9alis\u00e9 que si tous nos militants se mettent au travail quel que soit le niveau o\u00f9 ils se trouvent.<\/p>\n<p><strong>S. : Avez-vous foi en une r\u00e9\u00e9lection de Roch Marc Christian Kabor\u00e9 ?<\/strong><\/p>\n<p>S. C. : Nous avons l\u2019intention de rempiler en 2020. Mais en politique rien n\u2019est acquis. Il faut \u00eatre constamment sur la br\u00e8che et le discours est moins important que les actions \u00e0 poser. On ne peut donc pas dire que la r\u00e9\u00e9lection de notre candidat est d\u00e9j\u00e0 jou\u00e9e.<\/p>\n<p><strong>S. : Vous avez occup\u00e9 le poste de ministre de la S\u00e9curit\u00e9. Que retenez-vous de votre passage \u00e0 la t\u00eate de ce d\u00e9partement ?<\/strong><\/p>\n<p>S. C. : Nous avons d\u00e9ploy\u00e9 sur le territoire national des gendarmes et des policiers qui travaillent dans des conditions difficiles et dans un milieu tr\u00e8s hostile. A mon arriv\u00e9e, j\u2019ai entrepris des tourn\u00e9es \u00e0 l\u2019int\u00e9rieur du pays o\u00f9 aucun ministre ne s\u2019\u00e9tait d\u00e9j\u00e0 rendu. Cela m\u2019a permis de me faire la conviction qu\u2019une simple visite d\u2019encouragement peut convaincre des agents qu\u2019ils ne sont pas oubli\u00e9s par les gouvernants.<\/p>\n<p><strong>S. : La r\u00e9conciliation est un sujet qui pr\u00e9occupe bon nombre de citoyens. Quel est votre avis l\u00e0-dessus ?<\/strong><\/p>\n<p>S. C. : La r\u00e9conciliation a besoin d\u2019une bonne dose de volont\u00e9 pour devenir une r\u00e9alit\u00e9 au Burkina Faso. Si nous associons volont\u00e9, pardon et justice, nous devons parvenir incontestablement \u00e0 l\u2019apaisement des c\u0153urs, car comme disent les anglais : \u00ab L\u00e0 o\u00f9 il y a la volont\u00e9, il y a le chemin \u00bb. Ainsi, nous souhaitons que le proc\u00e8s du putsch s\u2019ach\u00e8ve rapidement et que justice soit rendue afin d\u2019acc\u00e9l\u00e9rer le processus de r\u00e9conciliation.<\/p>\n<p class=\"c1\">Entretien r\u00e9alis\u00e9 par Beyon Romain NEBIE &#038;<br \/>Fatimah TANKOANO (Stagiaire)<\/p>\n<div class=\"td-a-rec td-a-rec-id-content_bottom td_uid_25_5c6dd84655b22_rand td_block_template_1\"><img loading=\"lazy\" decoding=\"async\" class=\"alignright size-full wp-image-1724\" src=\"https:\/\/www.sidwaya.info\/wp-content\/uploads\/2018\/12\/sidwaya-pub.jpg\" alt=\"\" width=\"720\" height=\"90\"\/><\/div>\n<p>Auteur: DD. Sidwaya<br \/>\n<a href=\"https:\/\/www.sidwaya.info\/blog\/2019\/02\/20\/simon-compaore-president-par-interim-du-mpp-la-reelection-de-notre-candidat-nest-pas-encore-jouee\/\">Cliquez ici pour lire l&rsquo;article depuis sa source.<\/a><\/p>\n","protected":false},"excerpt":{"rendered":"<p>Cr\u00e9\u00e9 en 2014, le parti au pouvoir, le Mouvement du peuple pour le progr\u00e8s (MPP) a cinq ans. A l\u2019occasion, le pr\u00e9sident par int\u00e9rim du parti, Simon Compaor\u00e9, a accord\u00e9 un entretien \u00e0 Sidwaya. Les d\u00e9fis du parti, le nouveau gouvernement, la lutte contre le terrorisme, la pr\u00e9sidentielle de 2020, sont entre autres sujets abord\u00e9s. [&hellip;]<\/p>\n","protected":false},"author":1816,"featured_media":0,"comment_status":"closed","ping_status":"closed","sticky":false,"template":"","format":"standard","meta":{"fifu_image_url":"","fifu_image_alt":"","footnotes":""},"categories":[73,81],"tags":[],"class_list":["post-15958","post","type-post","status-publish","format-standard","hentry","category-actualite","category-burkina-faso"],"_links":{"self":[{"href":"https:\/\/linitiative.ca\/International\/wp-json\/wp\/v2\/posts\/15958","targetHints":{"allow":["GET"]}}],"collection":[{"href":"https:\/\/linitiative.ca\/International\/wp-json\/wp\/v2\/posts"}],"about":[{"href":"https:\/\/linitiative.ca\/International\/wp-json\/wp\/v2\/types\/post"}],"author":[{"embeddable":true,"href":"https:\/\/linitiative.ca\/International\/wp-json\/wp\/v2\/users\/1816"}],"replies":[{"embeddable":true,"href":"https:\/\/linitiative.ca\/International\/wp-json\/wp\/v2\/comments?post=15958"}],"version-history":[{"count":0,"href":"https:\/\/linitiative.ca\/International\/wp-json\/wp\/v2\/posts\/15958\/revisions"}],"wp:attachment":[{"href":"https:\/\/linitiative.ca\/International\/wp-json\/wp\/v2\/media?parent=15958"}],"wp:term":[{"taxonomy":"category","embeddable":true,"href":"https:\/\/linitiative.ca\/International\/wp-json\/wp\/v2\/categories?post=15958"},{"taxonomy":"post_tag","embeddable":true,"href":"https:\/\/linitiative.ca\/International\/wp-json\/wp\/v2\/tags?post=15958"}],"curies":[{"name":"wp","href":"https:\/\/api.w.org\/{rel}","templated":true}]}}