{"id":15960,"date":"2019-02-20T15:37:01","date_gmt":"2019-02-20T20:37:01","guid":{"rendered":"https:\/\/linitiative.ca\/International\/lutte-contre-le-terrorisme-il-faut-negocier-selon-le-m21\/"},"modified":"2019-02-20T15:37:01","modified_gmt":"2019-02-20T20:37:01","slug":"lutte-contre-le-terrorisme-il-faut-negocier-selon-le-m21","status":"publish","type":"post","link":"https:\/\/linitiative.ca\/International\/lutte-contre-le-terrorisme-il-faut-negocier-selon-le-m21\/","title":{"rendered":"Lutte contre le terrorisme \u00abIl faut n\u00e9gocier\u00bb, selon le M21"},"content":{"rendered":"<div class=\"td-post-featured-image\"><a href=\"https:\/\/i0.wp.com\/www.sidwaya.info\/wp-content\/uploads\/2019\/02\/1-33.jpg?fit=765%2C431&#038;ssl=1\" data-caption=\"\"><img loading=\"lazy\" decoding=\"async\" width=\"696\" height=\"392\" class=\"entry-thumb td-modal-image\" src=\"https:\/\/i0.wp.com\/www.sidwaya.info\/wp-content\/uploads\/2019\/02\/1-33.jpg?resize=696%2C392&#038;ssl=1\" srcset=\"https:\/\/i0.wp.com\/www.sidwaya.info\/wp-content\/uploads\/2019\/02\/1-33.jpg?w=765&#038;ssl=1 765w, https:\/\/i0.wp.com\/www.sidwaya.info\/wp-content\/uploads\/2019\/02\/1-33.jpg?resize=300%2C169&#038;ssl=1 300w, https:\/\/i0.wp.com\/www.sidwaya.info\/wp-content\/uploads\/2019\/02\/1-33.jpg?resize=696%2C392&#038;ssl=1 696w, https:\/\/i0.wp.com\/www.sidwaya.info\/wp-content\/uploads\/2019\/02\/1-33.jpg?resize=745%2C420&#038;ssl=1 745w\" sizes=\"auto, (max-width: 696px) 100vw, 696px\" alt=\"\" title=\"1\"\/><\/a><\/div>\n<div class=\"td-a-rec td-a-rec-id-content_top td_uid_24_5c6dd84ba8fb5_rand td_block_template_1\"><img loading=\"lazy\" decoding=\"async\" class=\"aligncenter size-full wp-image-4463\" src=\"https:\/\/www.sidwaya.info\/wp-content\/uploads\/2019\/02\/FESPACO-TOUR-2019-Bannie%CC%80re-728x90-1.jpg\" alt=\"\" width=\"728\" height=\"90\"\/><\/div>\n<p><strong>Le mouvement M21 a anim\u00e9 une conf\u00e9rence de presse, le mercredi 20 f\u00e9vrier 2019 \u00e0 Ouagadougou. Le contexte s\u00e9curitaire et la r\u00e9conciliation nationale ont \u00e9t\u00e9 les sujets abord\u00e9s.<\/strong><\/p>\n<p>Il faut aller vite \u00e0 la r\u00e9conciliation nationale. C\u2019est la substance de l\u2019information livr\u00e9e \u00e0 la conf\u00e9rence de presse, tenue le mercredi 20 f\u00e9vrier 2019 \u00e0 Ouagadougou par le M21. Le pr\u00e9sident du mouvement, Marcel Tankoano, a justifi\u00e9 cette position par le contexte s\u00e9curitaire que vit le Burkina Faso. Pour lui, il ne sert \u00e0 rien de continuer dans un durcissement de ton qui ne profite \u00e0 personne. \u00abAujourd\u2019hui, tout est diff\u00e9rent. Le pays est attaqu\u00e9. Plus d\u2019un million de personnes d\u00e9plac\u00e9es sont sans rep\u00e8res et plusieurs milliers d\u2019enfants ont un avenir incertain. La mort des Burkinab\u00e8 par la barbarie terroriste est devenue quelque chose de banale.<\/p>\n<p>Et tout cela devant un Etat incapable de prot\u00e9ger ses fils\u00bb, a-t-il d\u00e9plor\u00e9. \u00abNous ne devons plus nous laisser distraire, a poursuivi M. Tankoano, par une g\u00e9n\u00e9ration d\u2019hommes politiques\u00bb. D\u2019o\u00f9 la d\u00e9cision de son mouvement d\u2019appeler \u00e0 une r\u00e9conciliation nationale. A cet effet, le M21 lance un appel au chef de l\u2019Etat, Roch Marc Christian Kabor\u00e9, \u00e0 prendre langue avec les leaders du r\u00e9gime d\u00e9chu sans haine pour trouver des solutions.<\/p>\n<p>Le Mouvement propose aussi d\u2019abandonner la justice classique tr\u00e8s lente au profit d\u2019un mod\u00e8le plus juste en phase avec nos traditions. A ce propos, le pr\u00e9sident du M21 invite le pr\u00e9sident du Faso \u00e0 s\u2019inspirer du mod\u00e8le rwandais ou celui sud-africain pour une vraie r\u00e9conciliation nationale. Pourquoi le M21 appelle \u00e0 une politique souterraine avec les chefs des groupes terroristes\u00a0?<\/p>\n<p>A cette question des journalistes, Marcel Tankoano s\u2019est expliqu\u00e9\u00a0: \u00abon ne peut pas combattre quelqu\u2019un qui a d\u00e9cid\u00e9 de mourir\u00bb. De son avis, il est imp\u00e9rieux de n\u00e9gocier avec les groupes terroristes. Il a, en outre, indiqu\u00e9 que sa structure envisage rencontrer le chef de l\u2019Etat pour lui expliquer de vive voix sa<br \/>proposition.<\/p>\n<p class=\"c1\"><strong>Abdoulaye BALBONE<\/strong><\/p>\n<div class=\"td-a-rec td-a-rec-id-content_bottom td_uid_25_5c6dd84ba90f8_rand td_block_template_1\"><img loading=\"lazy\" decoding=\"async\" class=\"alignright size-full wp-image-1724\" src=\"https:\/\/www.sidwaya.info\/wp-content\/uploads\/2018\/12\/sidwaya-pub.jpg\" alt=\"\" width=\"720\" height=\"90\"\/><\/div>\n<p>Auteur: DD. Sidwaya<br \/>\n<a href=\"https:\/\/www.sidwaya.info\/blog\/2019\/02\/20\/lutte-contre-le-terrorisme-il-faut-negocier-selon-le-m21\/\">Cliquez ici pour lire l&rsquo;article depuis sa source.<\/a><\/p>\n","protected":false},"excerpt":{"rendered":"<p>Le mouvement M21 a anim\u00e9 une conf\u00e9rence de presse, le mercredi 20 f\u00e9vrier 2019 \u00e0 Ouagadougou. Le contexte s\u00e9curitaire et la r\u00e9conciliation nationale ont \u00e9t\u00e9 les sujets abord\u00e9s. Il faut aller vite \u00e0 la r\u00e9conciliation nationale. C\u2019est la substance de l\u2019information livr\u00e9e \u00e0 la conf\u00e9rence de presse, tenue le mercredi 20 f\u00e9vrier 2019 \u00e0 Ouagadougou [&hellip;]<\/p>\n","protected":false},"author":1816,"featured_media":0,"comment_status":"closed","ping_status":"closed","sticky":false,"template":"","format":"standard","meta":{"fifu_image_url":"","fifu_image_alt":"","footnotes":""},"categories":[73,81],"tags":[],"class_list":["post-15960","post","type-post","status-publish","format-standard","hentry","category-actualite","category-burkina-faso"],"_links":{"self":[{"href":"https:\/\/linitiative.ca\/International\/wp-json\/wp\/v2\/posts\/15960","targetHints":{"allow":["GET"]}}],"collection":[{"href":"https:\/\/linitiative.ca\/International\/wp-json\/wp\/v2\/posts"}],"about":[{"href":"https:\/\/linitiative.ca\/International\/wp-json\/wp\/v2\/types\/post"}],"author":[{"embeddable":true,"href":"https:\/\/linitiative.ca\/International\/wp-json\/wp\/v2\/users\/1816"}],"replies":[{"embeddable":true,"href":"https:\/\/linitiative.ca\/International\/wp-json\/wp\/v2\/comments?post=15960"}],"version-history":[{"count":0,"href":"https:\/\/linitiative.ca\/International\/wp-json\/wp\/v2\/posts\/15960\/revisions"}],"wp:attachment":[{"href":"https:\/\/linitiative.ca\/International\/wp-json\/wp\/v2\/media?parent=15960"}],"wp:term":[{"taxonomy":"category","embeddable":true,"href":"https:\/\/linitiative.ca\/International\/wp-json\/wp\/v2\/categories?post=15960"},{"taxonomy":"post_tag","embeddable":true,"href":"https:\/\/linitiative.ca\/International\/wp-json\/wp\/v2\/tags?post=15960"}],"curies":[{"name":"wp","href":"https:\/\/api.w.org\/{rel}","templated":true}]}}