{"id":15961,"date":"2019-02-20T15:43:29","date_gmt":"2019-02-20T20:43:29","guid":{"rendered":"https:\/\/linitiative.ca\/International\/une-sanction-pour-lexemple\/"},"modified":"2019-02-20T15:43:29","modified_gmt":"2019-02-20T20:43:29","slug":"une-sanction-pour-lexemple","status":"publish","type":"post","link":"https:\/\/linitiative.ca\/International\/une-sanction-pour-lexemple\/","title":{"rendered":"Une sanction pour l\u2019exemple"},"content":{"rendered":"<div class=\"td-post-featured-image\"><a href=\"https:\/\/i0.wp.com\/www.sidwaya.info\/wp-content\/uploads\/2019\/02\/1-34.jpg?fit=709%2C510&#038;ssl=1\" data-caption=\"\"><img loading=\"lazy\" decoding=\"async\" width=\"696\" height=\"501\" class=\"entry-thumb td-modal-image\" src=\"https:\/\/i0.wp.com\/www.sidwaya.info\/wp-content\/uploads\/2019\/02\/1-34.jpg?resize=696%2C501&#038;ssl=1\" srcset=\"https:\/\/i0.wp.com\/www.sidwaya.info\/wp-content\/uploads\/2019\/02\/1-34.jpg?w=709&#038;ssl=1 709w, https:\/\/i0.wp.com\/www.sidwaya.info\/wp-content\/uploads\/2019\/02\/1-34.jpg?resize=300%2C216&#038;ssl=1 300w, https:\/\/i0.wp.com\/www.sidwaya.info\/wp-content\/uploads\/2019\/02\/1-34.jpg?resize=696%2C501&#038;ssl=1 696w, https:\/\/i0.wp.com\/www.sidwaya.info\/wp-content\/uploads\/2019\/02\/1-34.jpg?resize=584%2C420&#038;ssl=1 584w\" sizes=\"auto, (max-width: 696px) 100vw, 696px\" alt=\"\" title=\"1\"\/><\/a><\/div>\n<div class=\"td-a-rec td-a-rec-id-content_top td_uid_24_5c6dd84e726f0_rand td_block_template_1\"><img loading=\"lazy\" decoding=\"async\" class=\"aligncenter size-full wp-image-4463\" src=\"https:\/\/www.sidwaya.info\/wp-content\/uploads\/2019\/02\/FESPACO-TOUR-2019-Bannie%CC%80re-728x90-1.jpg\" alt=\"\" width=\"728\" height=\"90\"\/><\/div>\n<p>Les deux parents d\u2019\u00e9l\u00e8ves qui ont agress\u00e9 des enseignants de l\u2019\u00e9cole primaire publique de <strong>Farakan de la Circonscription d\u2019\u00e9ducation de base (CEB) Bobo I, ont \u00e9t\u00e9 jug\u00e9s, le mardi 19 f\u00e9vrier 2019 \u00e0 Bobo-Dioulasso. Au terme du proc\u00e8s, seul le p\u00e8re de l\u2019enfant a \u00e9t\u00e9 finalement reconnu coupable de faits d\u2019agression. Il a ainsi \u00e9t\u00e9 condamn\u00e9 \u00e0 3 ans de prison ferme, avec une amende de 500 000 F CFA et le remboursement des frais m\u00e9dicaux qui s\u2019\u00e9l\u00e8vent \u00e0 50 000 F. Certes, le verdict ne semble pas \u00eatre du go\u00fbt de la coordination r\u00e9gionale des syndicats d\u2019enseignants des Hauts-Bassins, mais dans ce cas pr\u00e9cis, la justice est \u00e0 saluer \u00e0 plus d\u2019un titre.<\/strong><\/p>\n<p>D\u2019abord, pour la c\u00e9l\u00e9rit\u00e9 avec laquelle le dossier a \u00e9t\u00e9 instruit et jug\u00e9. En effet, pour un incident qui s\u2019est produit le 22 janvier dernier, boucler l\u2019instruction et proc\u00e9der au jugement en moins d\u2019un mois, m\u00e9ritent qu\u2019on tire le chapeau aux hommes en toge. Parce que g\u00e9n\u00e9ralement, le reproche fait \u00e0 la justice est sa lenteur l\u00e9gendaire connue dans la conduite et l\u2019aboutissement des dossiers. Il est \u00e9vident que les dossiers n\u2019ont pas les m\u00eames \u00abtailles\u00bb, mais le jugement rapide de celui de l\u2019agression des enseignants de l\u2019\u00e9cole de Farakan, permettra de donner un nouveau signal aux Burkinab\u00e8, pour signifier que la justice a pris un tournant d\u00e9finitif, esp\u00e9rons-le, dans sa mani\u00e8re de faire. Il convient \u00e9galement que les autres juridictions concern\u00e9es, notamment celle de Ouagadougou, pour le parent d\u2019\u00e9l\u00e8ve qui a menac\u00e9 un enseignant avec une machette, passe \u00e0 la vitesse sup\u00e9rieure pour \u00e9vacuer le dossier.<\/p>\n<p>Ensuite, la condamnation de ce parent d\u2019\u00e9l\u00e8ve \u00e0 trois ans de prison ferme et une amende de 500\u00a0000 F CFA, est un signal suffisamment fort pour dissuader les Burkinab\u00e8 qui, de plus en plus, mus par l\u2019incivisme criant, seront dor\u00e9navant tent\u00e9s de se rendre justice eux-m\u00eames. Tous les autres parents d\u2019\u00e9l\u00e8ves et \u00e9l\u00e8ves qui ont essay\u00e9 cette aventure en portant la main sur les enseignants doivent donc subir le m\u00eame sort pour que la le\u00e7on soit assimil\u00e9e pour de bon.<\/p>\n<p>Sinon, \u00e0 cette allure, l\u2019\u00e9cole, cens\u00e9e \u00eatre un temple de transmission de savoir, de savoir-\u00eatre et de savoir-faire risque de se transformer en prison civile pour ceux qui devaient pourtant \u00eatre v\u00e9n\u00e9r\u00e9s comme des dieux. Autrefois craints au sens propre comme au figur\u00e9 du terme, les enseignants sont devenus aujourd\u2019hui la ris\u00e9e de parents et d\u2019\u00e9l\u00e8ves qui leur manquent le minimum de respect et \u00e0 la consid\u00e9ration pourtant indispensables pour cr\u00e9er un climat favorable de transmission du savoir. Pour des \u00e9l\u00e8ves plus \u00abconnaisseurs\u00bb et mat\u00e9riellement plus nantis qui ne vouent aucune consid\u00e9ration \u00e0 leurs enseignants, l\u2019\u00e9vidence est \u00e9tablie que l\u2019apprentissage prend un coup.<\/p>\n<p>De fa\u00e7on plus globale, les acteurs du syst\u00e8me \u00e9ducatif doivent s\u2019asseoir autour de la m\u00eame table pour redonner \u00e0 l\u2019\u00e9cole et \u00e0 l\u2019enseignant, leur lustre d\u2019antan. Chacun doit conna\u00eetre sa place, mais surtout jouer son r\u00f4le. Autant l\u2019enseignant doit travailler \u00e0 soigner son image tr\u00e8s d\u00e9grad\u00e9e (reconnaissons-le) dans la soci\u00e9t\u00e9, autant les \u00e9l\u00e8ves ont cette obligation de lui rendre respect et soumission. Les parents, quant \u00e0 eux, \u00e0 d\u00e9faut d\u2019accompagner l\u2019enseignant qui contribue \u00e9norm\u00e9ment \u00e0 forger l\u2019avenir de leur prog\u00e9niture, doivent \u00e9viter de contribuer de leur compliquer la t\u00e2che. Car c\u2019est l\u2019avenir de toute une nation qui est en jeu et cela m\u00e9rite qu\u2019on y pr\u00eate attention. Il n\u2019est jamais tard pour redresser la pente.<\/p>\n<p class=\"c1\"><strong>Jean-Marie TOE<\/strong><\/p>\n<div class=\"td-a-rec td-a-rec-id-content_bottom td_uid_25_5c6dd84e7284d_rand td_block_template_1\"><img loading=\"lazy\" decoding=\"async\" class=\"alignright size-full wp-image-1724\" src=\"https:\/\/www.sidwaya.info\/wp-content\/uploads\/2018\/12\/sidwaya-pub.jpg\" alt=\"\" width=\"720\" height=\"90\"\/><\/div>\n<p>Auteur: DD. Sidwaya<br \/>\n<a href=\"https:\/\/www.sidwaya.info\/blog\/2019\/02\/20\/une-sanction-pour-lexemple\/\">Cliquez ici pour lire l&rsquo;article depuis sa source.<\/a><\/p>\n","protected":false},"excerpt":{"rendered":"<p>Les deux parents d\u2019\u00e9l\u00e8ves qui ont agress\u00e9 des enseignants de l\u2019\u00e9cole primaire publique de Farakan de la Circonscription d\u2019\u00e9ducation de base (CEB) Bobo I, ont \u00e9t\u00e9 jug\u00e9s, le mardi 19 f\u00e9vrier 2019 \u00e0 Bobo-Dioulasso. Au terme du proc\u00e8s, seul le p\u00e8re de l\u2019enfant a \u00e9t\u00e9 finalement reconnu coupable de faits d\u2019agression. Il a ainsi \u00e9t\u00e9 [&hellip;]<\/p>\n","protected":false},"author":1816,"featured_media":0,"comment_status":"closed","ping_status":"closed","sticky":false,"template":"","format":"standard","meta":{"fifu_image_url":"","fifu_image_alt":"","footnotes":""},"categories":[73,81],"tags":[],"class_list":["post-15961","post","type-post","status-publish","format-standard","hentry","category-actualite","category-burkina-faso"],"_links":{"self":[{"href":"https:\/\/linitiative.ca\/International\/wp-json\/wp\/v2\/posts\/15961","targetHints":{"allow":["GET"]}}],"collection":[{"href":"https:\/\/linitiative.ca\/International\/wp-json\/wp\/v2\/posts"}],"about":[{"href":"https:\/\/linitiative.ca\/International\/wp-json\/wp\/v2\/types\/post"}],"author":[{"embeddable":true,"href":"https:\/\/linitiative.ca\/International\/wp-json\/wp\/v2\/users\/1816"}],"replies":[{"embeddable":true,"href":"https:\/\/linitiative.ca\/International\/wp-json\/wp\/v2\/comments?post=15961"}],"version-history":[{"count":0,"href":"https:\/\/linitiative.ca\/International\/wp-json\/wp\/v2\/posts\/15961\/revisions"}],"wp:attachment":[{"href":"https:\/\/linitiative.ca\/International\/wp-json\/wp\/v2\/media?parent=15961"}],"wp:term":[{"taxonomy":"category","embeddable":true,"href":"https:\/\/linitiative.ca\/International\/wp-json\/wp\/v2\/categories?post=15961"},{"taxonomy":"post_tag","embeddable":true,"href":"https:\/\/linitiative.ca\/International\/wp-json\/wp\/v2\/tags?post=15961"}],"curies":[{"name":"wp","href":"https:\/\/api.w.org\/{rel}","templated":true}]}}