{"id":15963,"date":"2019-02-20T16:54:24","date_gmt":"2019-02-20T21:54:24","guid":{"rendered":"https:\/\/linitiative.ca\/International\/visite-du-president-du-faso-en-allemagne-roch-marc-kabore-recu-par-le-president-federal\/"},"modified":"2019-02-20T16:54:24","modified_gmt":"2019-02-20T21:54:24","slug":"visite-du-president-du-faso-en-allemagne-roch-marc-kabore-recu-par-le-president-federal","status":"publish","type":"post","link":"https:\/\/linitiative.ca\/International\/visite-du-president-du-faso-en-allemagne-roch-marc-kabore-recu-par-le-president-federal\/","title":{"rendered":"Visite du pr\u00e9sident du Faso en Allemagne : Roch Marc Kabor\u00e9 re\u00e7u par le pr\u00e9sident f\u00e9d\u00e9ral"},"content":{"rendered":"<div class=\"td-post-featured-image\"><a href=\"https:\/\/i2.wp.com\/www.sidwaya.info\/wp-content\/uploads\/2019\/02\/1-36.jpg?fit=797%2C532&#038;ssl=1\" data-caption=\"\"><img loading=\"lazy\" decoding=\"async\" width=\"696\" height=\"465\" class=\"entry-thumb td-modal-image\" src=\"https:\/\/i2.wp.com\/www.sidwaya.info\/wp-content\/uploads\/2019\/02\/1-36.jpg?resize=696%2C465&#038;ssl=1\" srcset=\"https:\/\/i2.wp.com\/www.sidwaya.info\/wp-content\/uploads\/2019\/02\/1-36.jpg?w=797&#038;ssl=1 797w, https:\/\/i2.wp.com\/www.sidwaya.info\/wp-content\/uploads\/2019\/02\/1-36.jpg?resize=300%2C200&#038;ssl=1 300w, https:\/\/i2.wp.com\/www.sidwaya.info\/wp-content\/uploads\/2019\/02\/1-36.jpg?resize=768%2C513&#038;ssl=1 768w, https:\/\/i2.wp.com\/www.sidwaya.info\/wp-content\/uploads\/2019\/02\/1-36.jpg?resize=696%2C465&#038;ssl=1 696w, https:\/\/i2.wp.com\/www.sidwaya.info\/wp-content\/uploads\/2019\/02\/1-36.jpg?resize=629%2C420&#038;ssl=1 629w\" sizes=\"auto, (max-width: 696px) 100vw, 696px\" alt=\"\" title=\"1\"\/><\/a><\/div>\n<div class=\"td-a-rec td-a-rec-id-content_top td_uid_24_5c6dd853a6acf_rand td_block_template_1\"><img loading=\"lazy\" decoding=\"async\" class=\"aligncenter size-full wp-image-4463\" src=\"https:\/\/www.sidwaya.info\/wp-content\/uploads\/2019\/02\/FESPACO-TOUR-2019-Bannie%CC%80re-728x90-1.jpg\" alt=\"\" width=\"728\" height=\"90\"\/><\/div>\n<p><strong>Le pr\u00e9sident du Faso, Roch Marc Christian Kabor\u00e9, en visite de travail de 48 heures \u00e0 Berlin (Allemagne), a \u00e9t\u00e9 re\u00e7u, hier mercredi 20 f\u00e9vrier 2019 dans l\u2019apr\u00e8s-midi, par le pr\u00e9sident f\u00e9d\u00e9ral allemand, Dr Frank Walter Steimmeier.<\/strong><\/p>\n<p>Le chef de l\u2019Etat burkinab\u00e8 a entam\u00e9, hier mercredi 20 f\u00e9vrier 2019, une visite de travail en Allemagne. C\u2019est \u00e0 14 heures 15 mn GMT, 15 heures 15 mn (heure locale) que le pr\u00e9sident Kabor\u00e9 et la d\u00e9l\u00e9gation qui l\u2019accompagne ont atterri \u00e0 l\u2019a\u00e9roport militaire Tegel de Berlin. Peu apr\u00e8s, il a regagn\u00e9 son h\u00f4tel, avant de rendre visite au pr\u00e9sident f\u00e9d\u00e9ral allemand, Dr Frank Walter Steimmeier. Rien n\u2019a filtr\u00e9 du t\u00eate-\u00e0-t\u00eate entre les deux personnalit\u00e9s.<br \/>Le programme de la visite pr\u00e9voit, le jeudi 21 f\u00e9vrier 2019, une audience que le pr\u00e9sident du Faso accordera au ministre allemand de la Coop\u00e9ration \u00e9conomique et du D\u00e9veloppement, Dr Gerd M\u00fcller. Le chef de l\u2019Etat recevra \u00e9galement le Pr\u00e9sident directeur g\u00e9n\u00e9ral (PDG) de \u2018\u2019Afrika Verein\u2019\u2019, un consortium d\u2019op\u00e9rateurs \u00e9conomiques allemands intervenant en Afrique.<\/p>\n<p>Les autres moments forts de la visite concernent l\u2019entretien que Roch Marc Christian Kabor\u00e9 va accorder \u00e0 la Deutsche Welle, le d\u00e9jeuner de travail entre le pr\u00e9sident du Faso et la chanceli\u00e8re allemande Angela Merkel, suivi d\u2019une conf\u00e9rence de presse anim\u00e9e par les deux personnalit\u00e9s.<\/p>\n<p>La R\u00e9publique f\u00e9d\u00e9rale d\u2019Allemagne intervient au Burkina Faso dans plusieurs secteurs comme celui de l\u2019agriculture, de l\u2019eau potable, de la d\u00e9centralisation, de la s\u00e9curit\u00e9 etc.<br \/>On note la mise en \u0153uvre en cours du programme de coop\u00e9ration 2018-2020 soutenu par une enveloppe financi\u00e8re globale de 67,03 milliards F CFA.<br \/>Apr\u00e8s son \u00e9lection en 2015, c\u2019est la deuxi\u00e8me visite officielle que le pr\u00e9sident Kabor\u00e9 effectue en Allemagne, en l\u2019espace de deux ans, apr\u00e8s celle de mars 2017.<\/p>\n<p class=\"c1\"><strong>Alban KINI<\/strong><br \/><strong>(Envoy\u00e9 sp\u00e9cial \u00e0 Berlin)<\/strong><\/p>\n<div class=\"td-a-rec td-a-rec-id-content_bottom td_uid_25_5c6dd853a6c09_rand td_block_template_1\"><img loading=\"lazy\" decoding=\"async\" class=\"alignright size-full wp-image-1724\" src=\"https:\/\/www.sidwaya.info\/wp-content\/uploads\/2018\/12\/sidwaya-pub.jpg\" alt=\"\" width=\"720\" height=\"90\"\/><\/div>\n<p>Auteur: DD. Sidwaya<br \/>\n<a href=\"https:\/\/www.sidwaya.info\/blog\/2019\/02\/20\/visite-du-president-du-faso-en-allemagne-roch-marc-kabore-recu-par-le-president-federal\/\">Cliquez ici pour lire l&rsquo;article depuis sa source.<\/a><\/p>\n","protected":false},"excerpt":{"rendered":"<p>Le pr\u00e9sident du Faso, Roch Marc Christian Kabor\u00e9, en visite de travail de 48 heures \u00e0 Berlin (Allemagne), a \u00e9t\u00e9 re\u00e7u, hier mercredi 20 f\u00e9vrier 2019 dans l\u2019apr\u00e8s-midi, par le pr\u00e9sident f\u00e9d\u00e9ral allemand, Dr Frank Walter Steimmeier. Le chef de l\u2019Etat burkinab\u00e8 a entam\u00e9, hier mercredi 20 f\u00e9vrier 2019, une visite de travail en Allemagne. [&hellip;]<\/p>\n","protected":false},"author":1816,"featured_media":0,"comment_status":"closed","ping_status":"closed","sticky":false,"template":"","format":"standard","meta":{"fifu_image_url":"","fifu_image_alt":"","footnotes":""},"categories":[73,81],"tags":[],"class_list":["post-15963","post","type-post","status-publish","format-standard","hentry","category-actualite","category-burkina-faso"],"_links":{"self":[{"href":"https:\/\/linitiative.ca\/International\/wp-json\/wp\/v2\/posts\/15963","targetHints":{"allow":["GET"]}}],"collection":[{"href":"https:\/\/linitiative.ca\/International\/wp-json\/wp\/v2\/posts"}],"about":[{"href":"https:\/\/linitiative.ca\/International\/wp-json\/wp\/v2\/types\/post"}],"author":[{"embeddable":true,"href":"https:\/\/linitiative.ca\/International\/wp-json\/wp\/v2\/users\/1816"}],"replies":[{"embeddable":true,"href":"https:\/\/linitiative.ca\/International\/wp-json\/wp\/v2\/comments?post=15963"}],"version-history":[{"count":0,"href":"https:\/\/linitiative.ca\/International\/wp-json\/wp\/v2\/posts\/15963\/revisions"}],"wp:attachment":[{"href":"https:\/\/linitiative.ca\/International\/wp-json\/wp\/v2\/media?parent=15963"}],"wp:term":[{"taxonomy":"category","embeddable":true,"href":"https:\/\/linitiative.ca\/International\/wp-json\/wp\/v2\/categories?post=15963"},{"taxonomy":"post_tag","embeddable":true,"href":"https:\/\/linitiative.ca\/International\/wp-json\/wp\/v2\/tags?post=15963"}],"curies":[{"name":"wp","href":"https:\/\/api.w.org\/{rel}","templated":true}]}}