{"id":15965,"date":"2019-02-20T14:50:02","date_gmt":"2019-02-20T19:50:02","guid":{"rendered":"https:\/\/linitiative.ca\/International\/le-jugement-ubs-37-milliards-pour-des-fautes-exceptionnelles\/"},"modified":"2019-02-20T14:50:02","modified_gmt":"2019-02-20T19:50:02","slug":"le-jugement-ubs-37-milliards-pour-des-fautes-exceptionnelles","status":"publish","type":"post","link":"https:\/\/linitiative.ca\/International\/le-jugement-ubs-37-milliards-pour-des-fautes-exceptionnelles\/","title":{"rendered":"Le jugement UBS: 3,7 milliards pour des fautes \u00ab\u00a0exceptionnelles\u00a0\u00bb"},"content":{"rendered":"<div readability=\"32\">\n<p>Publi\u00e9 le 20.02.2019 \u00e0 20h50 par AFP<\/p>\n<\/div>\n<div readability=\"137\">\n<p>Lourdes peines pour une organisation \u00ab\u00a0syst\u00e9mique et ancienne\u00a0\u00bb: voici les principaux points du jugement sans pr\u00e9c\u00e9dent en France qui a condamn\u00e9 mercredi le g\u00e9ant bancaire suisse UBS \u00e0 une amende record de 3,7 milliards d\u2019euros.<\/p>\n<p>Des fautes d\u2019une \u00ab\u00a0exceptionnelle gravit\u00e9\u00a0\u00bb<\/p>\n<p>Pour le tribunal correctionnel de Paris, \u00ab\u00a0les infractions de d\u00e9marchage bancaire ill\u00e9gal et de blanchiment aggrav\u00e9 de fraude fiscale trouvent leur source dans une organisation structur\u00e9e verticalement, syst\u00e9mique et ancienne\u00a0\u00bb, tendant \u00e0 contourner les r\u00e8gles europ\u00e9ennes \u2013 qui pr\u00e9voient notamment la d\u00e9tention d\u2019un \u00ab\u00a0passeport europ\u00e9en\u00a0\u00bb pour une banque \u00e9trang\u00e8re souhaitant d\u00e9marcher en France \u2013 et les r\u00e8gles fiscales et p\u00e9nales fran\u00e7aises, \u00ab\u00a0reflets des principes d\u2019\u00e9galit\u00e9 devant l\u2019imp\u00f4t, de lutte contre la fraude fiscale et de l\u2019\u00e9vasion fiscale\u00a0\u00bb.<\/p>\n<p>\u00ab\u00a0La notori\u00e9t\u00e9 mondiale de la structure bancaire utilis\u00e9e et son savoir-faire \u00e9prouv\u00e9 lui ont permis de mettre \u00e0 mal la confiance qui doit r\u00e9gir tous les rapports de concurrence internationaux. A ce titre, le tribunal ne peut que constater que cette structure a fait constamment pr\u00e9valoir ses int\u00e9r\u00eats financiers propres sur les pr\u00e9rogatives r\u00e9galiennes de l\u2019Etat fran\u00e7ais. Ce faisant, les fautes p\u00e9nales relev\u00e9es sont d\u2019une exceptionnelle gravit\u00e9\u00a0\u00bb.<\/p>\n<p>Le jugement d\u00e9crit diff\u00e9rents services de la banque, offrant une \u00ab\u00a0opacit\u00e9 av\u00e9r\u00e9e\u00a0\u00bb, comme les services de \u00ab\u00a0banque restante\u00a0\u00bb et les comptes num\u00e9rot\u00e9s et montages off-shore pour des clients fortun\u00e9s, des ordinateurs crypt\u00e9s pour les agents commerciaux et des consignes par pays \u2013 \u00ab\u00a0country papers\u00a0\u00bb \u2013 destin\u00e9s \u00e0 cr\u00e9er une \u00ab\u00a0apparence de conformit\u00e9 \u00e0 la l\u00e9gislation locale\u00a0\u00bb.<\/p>\n<p>Le d\u00e9tail des condamnations<\/p>\n<p>La maison-m\u00e8re UBS AG a \u00e9t\u00e9 condamn\u00e9e \u00e0 une amende de 3,7 milliards d\u2019euros pour avoir ill\u00e9galement d\u00e9march\u00e9 des r\u00e9sidents fiscaux fran\u00e7ais et pour avoir blanchi le produit de cette fraude sur des comptes en Suisse, entre 2004 et 2012.<\/p>\n<p>Sa filiale fran\u00e7aise \u00e9t\u00e9 condamn\u00e9e \u00e0 15 millions d\u2019euros d\u2019amende pour complicit\u00e9 des m\u00eames d\u00e9lits. \u00ab\u00a0Sous couvert d\u2019une volont\u00e9 de d\u00e9veloppement par UBS France de son implantation sur le territoire fran\u00e7ais, celle-ci a offert \u00e0 UBS AG ses structures immobili\u00e8res, salariales, sa connaissance parfaite des syst\u00e8mes \u00e9conomiques et financiers fran\u00e7ais, afin de laisser perdurer un savoir-faire ancien de transferts et de gestion d\u2019avoirs \u00e0 l\u2019\u00e9tranger de r\u00e9sidents fran\u00e7ais peu scrupuleux\u00a0\u00bb.<\/p>\n<p>Parmi les six anciens cadres jug\u00e9s, seul Raoul Weil, l\u2019ex-num\u00e9ro 3 d\u2019UBS AG, a \u00e9t\u00e9 relax\u00e9, du fait de \u00ab\u00a0sa position hi\u00e9rarchique\u00a0\u00bb dans l\u2019entreprise, pas directement en prise avec la gestion du march\u00e9 fran\u00e7ais.<\/p>\n<p><ins data-revive-zoneid=\"9\" data-revive-id=\"10111e19d28d19d031742ee3b0b33eb0\"\/> <\/p>\n<p>La plus lourde peine \u2013 18 mois de prison avec sursis et 300.000 euros d\u2019amende \u2013 a \u00e9t\u00e9 prononc\u00e9e contre Dieter Kiefer, pour son \u00ab\u00a0r\u00f4le central au sein de l\u2019organisation matricielle d\u2019UBS en tant que responsable de la division Europe de l\u2019Ouest au sein d\u2019UBS AG\u00a0\u00bb.<\/p>\n<p>Patrick de Fayet, l\u2019ex-num\u00e9ro 2 d\u2019UBS France, a \u00e9t\u00e9 condamn\u00e9 \u00e0 un an de sursis et 200.000 euros d\u2019amende pour complicit\u00e9 de d\u00e9marchage illicite. Il constituait un \u00ab\u00a0rouage indispensable du syst\u00e8me frauduleux\u00a0\u00bb, en tant que promoteur des \u00ab\u00a0carnets du lait\u00a0\u00bb, comptabilit\u00e9 parall\u00e8le destin\u00e9e \u00e0 masquer les mouvements transfrontaliers non d\u00e9clar\u00e9s entre les deux pays.<\/p>\n<p>Philippe Wick, ex-patron du d\u00e9partement France International, et son ancien bras droit Olivier Baudry, ont \u00e9t\u00e9 condamn\u00e9s \u00e0 un an de sursis et 200.000 euros d\u2019amende; et Herv\u00e9 d\u2019Halluin, ancien chef du bureau d\u2019UBS \u00e0 Lille, \u00e0 six mois de sursis et 50.000 euros d\u2019amende.<\/p>\n<p>Le tribunal a condamn\u00e9 solidairement UBS AG, UBS France et trois anciens cadres \u00e0 payer 800 millions d\u2019euros de dommages et int\u00e9r\u00eats \u00e0 l\u2019Etat fran\u00e7ais, partie civile.<\/p>\n<p>Le calcul savant des 3,7 milliards<\/p>\n<p>Le tribunal a rappel\u00e9 qu\u2019en mati\u00e8re de blanchiment de fraude fiscale, le l\u00e9gislateur offrait la possibilit\u00e9 de fixer le montant de l\u2019amende en se basant sur \u00ab\u00a0un pourcentage adoss\u00e9 \u00e0 la valeur des fonds blanchis\u00a0\u00bb.<\/p>\n<p>Dans ce dossier, le calcul se fonde sur le montant ayant \u00e9chapp\u00e9 \u00e0 l\u2019imp\u00f4t: 3,773 milliards d\u2019euros d\u00e9pos\u00e9s chez UBS AG, provenant des 3.983 r\u00e9sidents fiscaux fran\u00e7ais ayant r\u00e9gularis\u00e9 leur situation en septembre 2015.<\/p>\n<p>Sur la base de cet argent recouvert, le tribunal estime que l\u2019amende maximale encourue est de plus de 9 milliards et choisit de suivre les r\u00e9quisitions du parquet national financier en condamnant UBS AG \u00e0 3,7 milliards d\u2019euros d\u2019amende.<\/p>\n<\/div>\n<p>Auteur: AFP<br \/>\n<a href=\"https:\/\/www.journalducameroun.com\/le-jugement-ubs-37-milliards-pour-des-fautes-exceptionnelles\/\">Cliquez ici pour lire l&rsquo;article depuis sa source.<\/a><\/p>\n","protected":false},"excerpt":{"rendered":"<p>Publi\u00e9 le 20.02.2019 \u00e0 20h50 par AFP Lourdes peines pour une organisation \u00ab\u00a0syst\u00e9mique et ancienne\u00a0\u00bb: voici les principaux points du jugement sans pr\u00e9c\u00e9dent en France qui a condamn\u00e9 mercredi le g\u00e9ant bancaire suisse UBS \u00e0 une amende record de 3,7 milliards d\u2019euros. Des fautes d\u2019une \u00ab\u00a0exceptionnelle gravit\u00e9\u00a0\u00bb Pour le tribunal correctionnel de Paris, \u00ab\u00a0les infractions [&hellip;]<\/p>\n","protected":false},"author":1965,"featured_media":0,"comment_status":"closed","ping_status":"closed","sticky":false,"template":"","format":"standard","meta":{"fifu_image_url":"","fifu_image_alt":"","footnotes":""},"categories":[73,82],"tags":[],"class_list":["post-15965","post","type-post","status-publish","format-standard","hentry","category-actualite","category-cameroun"],"_links":{"self":[{"href":"https:\/\/linitiative.ca\/International\/wp-json\/wp\/v2\/posts\/15965","targetHints":{"allow":["GET"]}}],"collection":[{"href":"https:\/\/linitiative.ca\/International\/wp-json\/wp\/v2\/posts"}],"about":[{"href":"https:\/\/linitiative.ca\/International\/wp-json\/wp\/v2\/types\/post"}],"author":[{"embeddable":true,"href":"https:\/\/linitiative.ca\/International\/wp-json\/wp\/v2\/users\/1965"}],"replies":[{"embeddable":true,"href":"https:\/\/linitiative.ca\/International\/wp-json\/wp\/v2\/comments?post=15965"}],"version-history":[{"count":0,"href":"https:\/\/linitiative.ca\/International\/wp-json\/wp\/v2\/posts\/15965\/revisions"}],"wp:attachment":[{"href":"https:\/\/linitiative.ca\/International\/wp-json\/wp\/v2\/media?parent=15965"}],"wp:term":[{"taxonomy":"category","embeddable":true,"href":"https:\/\/linitiative.ca\/International\/wp-json\/wp\/v2\/categories?post=15965"},{"taxonomy":"post_tag","embeddable":true,"href":"https:\/\/linitiative.ca\/International\/wp-json\/wp\/v2\/tags?post=15965"}],"curies":[{"name":"wp","href":"https:\/\/api.w.org\/{rel}","templated":true}]}}