{"id":15967,"date":"2019-02-20T14:50:05","date_gmt":"2019-02-20T19:50:05","guid":{"rendered":"https:\/\/linitiative.ca\/International\/syrie-des-centaines-de-personnes-dont-des-jihadistes-quittent-lultime-poche-de-lei\/"},"modified":"2019-02-20T14:50:05","modified_gmt":"2019-02-20T19:50:05","slug":"syrie-des-centaines-de-personnes-dont-des-jihadistes-quittent-lultime-poche-de-lei","status":"publish","type":"post","link":"https:\/\/linitiative.ca\/International\/syrie-des-centaines-de-personnes-dont-des-jihadistes-quittent-lultime-poche-de-lei\/","title":{"rendered":"Syrie: des centaines de personnes, dont des jihadistes, quittent l\u2019ultime poche de l\u2019EI"},"content":{"rendered":"<p>Des centaines d\u2019hommes, de femmes et d\u2019enfants ont quitt\u00e9 mercredi l\u2019ultime poche du groupe Etat islamique (EI) dans l\u2019est de la Syrie, une \u00e9vacuation qui rapproche les forces arabo-kurdes soutenues par Washington de la victoire face aux jihadistes.<\/p>\n<p>Un \u00ab\u00a0nombre important\u00a0\u00bb de civils sont n\u00e9anmoins encore retranch\u00e9s avec les derniers jihadistes dans la petite poche de Baghouz, une zone d\u2019un-demi kilom\u00e8tre carr\u00e9 tout pr\u00e8s de la fronti\u00e8re irakienne, selon des responsables de l\u2019alliance arabo-kurde.<\/p>\n<p>Depuis une position des Forces d\u00e9mocratiques syriennes (FDS) pr\u00e8s du village de Baghouz, une journaliste de l\u2019AFP a vu passer mercredi une dizaine de gros camions et remorques recouverts de b\u00e2ches. Elle a aper\u00e7u des dizaines d\u2019hommes, mais aussi des femmes en niqab et des enfants, dont des fillettes voil\u00e9es.<\/p>\n<p>Parmi eux, un enfant a fait le V de la victoire aux combattants des FDS et aux journalistes.<\/p>\n<p>Dans l\u2019un des camions, des dizaines d\u2019hommes avaient le visage couvert d\u2019un keffieh rouge et blanc, ou d\u2019une \u00e9charpe.<\/p>\n<p>Les \u00e9vacu\u00e9s ont \u00e9t\u00e9 transport\u00e9s vers une zone d\u2019accueil des FDS, o\u00f9 ils sont g\u00e9n\u00e9ralement soumis \u00e0 des fouilles et des interrogatoires pouss\u00e9s, pour identifier les \u00e9ventuels jihadistes parmi eux, a d\u00e9clar\u00e9 un porte-parole des FDS, Mustefa Bali.<\/p>\n<p>Il n\u2019\u00e9tait pas possible dans l\u2019imm\u00e9diat de d\u00e9terminer le nombre exact d\u2019\u00e9vacu\u00e9s, ainsi que le nombre de jihadistes, \u00e9trangers ou non, parmi eux.<\/p>\n<p>Accusant l\u2019EI d\u2019utiliser les civils comme \u00ab\u00a0boucliers humains\u00a0\u00bb, les FDS et la coalition internationale emmen\u00e9e par Washington ont ralenti ces derniers jours leurs op\u00e9rations, le temps de faire sortir les civils du r\u00e9duit de l\u2019EI.<\/p>\n<p>\u00ab\u00a0Apr\u00e8s plusieurs jours de vaines tentatives, nous avons r\u00e9ussi \u00e0 \u00e9vacuer une premi\u00e8re vague aujourd\u2019hui\u00a0\u00bb, a indiqu\u00e9 \u00e0 l\u2019AFP M. Bali.<\/p>\n<p>\u00ab\u00a0Il existe des civils et des combattants de nombreuses nationalit\u00e9s\u00a0\u00bb, a indiqu\u00e9 \u00e0 l\u2019AFP un autre porte-parole des FDS, Adnane Afrine, pr\u00e9cisant que certains jihadistes \u00e9taient \u00ab\u00a0dissimul\u00e9s\u00a0\u00bb parmi les civils tandis que d\u2019autres \u00ab\u00a0s\u2019\u00e9taient rendus\u00a0\u00bb aux FDS.<\/p>\n<p>\u00ab\u00a0Il existe encore un nombre important de civils \u00e0 l\u2019int\u00e9rieur (de la poche jihadiste) en plus des combattants\u00a0\u00bb, a-t-il ajout\u00e9, disant s\u2019attendre \u00e0 de nouvelles \u00e9vacuations dans les prochains jours.<\/p>\n<p>L\u2019Observatoire syrien des droits de l\u2019Homme (OSDH) a fait \u00e9tat de \u00ab\u00a0n\u00e9gociations\u00a0\u00bb en cours entre les FDS et l\u2019EI pour obtenir une \u00ab\u00a0capitulation\u00a0\u00bb des jihadistes retranch\u00e9s. Son directeur, Rami Abdel Rahmane a \u00e9voqu\u00e9 un possible \u00ab\u00a0accord aux contours encore vagues\u00a0\u00bb.<\/p>\n<p>\u2013 Casse-t\u00eate \u2013<\/p>\n<p>Depuis d\u00e9but d\u00e9cembre, pr\u00e8s de 40.000 personnes, principalement des familles de jihadistes, ont fui le secteur, selon l\u2019OSDH.<\/p>\n<p><ins data-revive-zoneid=\"9\" data-revive-id=\"10111e19d28d19d031742ee3b0b33eb0\"\/> <\/p>\n<p>A Baghouz, l\u2019EI ne tient plus que quelques p\u00e2t\u00e9s de maisons. Les irr\u00e9ductibles du \u00ab\u00a0califat\u00a0\u00bb sont retranch\u00e9s dans des tunnels, au milieu d\u2019un oc\u00e9an de mines enfouies pour entraver l\u2019avanc\u00e9e des FDS.<\/p>\n<p>En 2014, l\u2019EI avait conquis de vastes territoires en Syrie et en Irak, proclamant un \u00ab\u00a0califat\u00a0\u00bb sur un territoire vaste comme le Royaume-Uni.<\/p>\n<p>Les jihadistes y avaient \u00e9tabli leur propre administration, ex\u00e9cutant et torturant ceux qui ne respectaient pas leur loi et fomentant des attentats meurtriers y compris \u00e0 l\u2019\u00e9tranger.<\/p>\n<p>Mais l\u2019EI a \u00e9t\u00e9 mis en d\u00e9route et au fil des batailles en Syrie, les forces kurdes ont arr\u00eat\u00e9 des centaines d\u2019\u00e9trangers.<\/p>\n<p>Ces derni\u00e8res semaines, les \u00e9quipes de l\u2019AFP dans l\u2019est syrien ont rencontr\u00e9 des Fran\u00e7aises, mais aussi des Allemandes et des Russes, fuyant le dernier r\u00e9duit jihadiste.<\/p>\n<p>Ces \u00e9trangers repr\u00e9sentent un v\u00e9ritable casse-t\u00eate pour les Occidentaux, qui rechignent globalement \u00e0 les rapatrier, malgr\u00e9 les appels des Kurdes et des Etats-Unis.<\/p>\n<p>\u2013 D\u00e9ch\u00e9ance de nationalit\u00e9 \u2013<\/p>\n<p>La Britannique Shamima Begum, partie rejoindre l\u2019EI en Syrie en 2015 et aujourd\u2019hui retenue dans un camp de d\u00e9plac\u00e9s dans le nord-est de la Syrie, a d\u00e9nonc\u00e9 mercredi la d\u00e9cision du ministre britannique de l\u2019Int\u00e9rieur de la d\u00e9choir de sa nationalit\u00e9.<\/p>\n<p>Sa famille a annonc\u00e9 examiner \u00ab\u00a0toutes les voies l\u00e9gales pour contester cette d\u00e9cision\u00a0\u00bb, qui peut faire l\u2019objet d\u2019un appel.<\/p>\n<p>Le pr\u00e9sident am\u00e9ricain Donald Trump avait r\u00e9cemment exhort\u00e9 les pays europ\u00e9ens \u00e0 rapatrier leurs ressortissants en Syrie. Mais Paris, Londres, Berlin et Bruxelles ont r\u00e9torqu\u00e9 qu\u2019un tel retour n\u2019\u00e9tait pas, pour l\u2019instant, \u00e0 l\u2019ordre du jour.<\/p>\n<p>De son c\u00f4t\u00e9, Washington a d\u00e9clar\u00e9 mardi examiner les cas d\u2019Am\u00e9ricains se trouvant en Syrie, dont Hoda Muthana, une jeune femme originaire de l\u2019Etat am\u00e9ricain d\u2019Alabama ayant rejoint les rangs de l\u2019EI en 2015, alors qu\u2019elle \u00e9tait \u00e2g\u00e9e de 19 ans.<\/p>\n<p>Si l\u2019EI est sur le point de perdre son ultime territoire en Syrie, des jihadistes de l\u2019organisation ultraradicale sont diss\u00e9min\u00e9s dans le vaste d\u00e9sert central de la Badiya et revendiquent des attaques men\u00e9es par des \u00ab\u00a0cellules dormantes\u00a0\u00bb dans les r\u00e9gions des FDS.<\/p>\n<p>D\u00e9clench\u00e9 en 2011 par la r\u00e9pression sanglante de manifestations pro-d\u00e9mocratie par le r\u00e9gime, la guerre en Syrie a fait plus de 360.000 morts et des millions de d\u00e9plac\u00e9s et r\u00e9fugi\u00e9s.<\/p>\n<p>Auteur: AFP<br \/>\n<a href=\"https:\/\/www.journalducameroun.com\/syrie-des-centaines-de-personnes-dont-des-jihadistes-quittent-lultime-poche-de-lei\/\">Cliquez ici pour lire l&rsquo;article depuis sa source.<\/a><\/p>\n","protected":false},"excerpt":{"rendered":"<p>Des centaines d\u2019hommes, de femmes et d\u2019enfants ont quitt\u00e9 mercredi l\u2019ultime poche du groupe Etat islamique (EI) dans l\u2019est de la Syrie, une \u00e9vacuation qui rapproche les forces arabo-kurdes soutenues par Washington de la victoire face aux jihadistes. Un \u00ab\u00a0nombre important\u00a0\u00bb de civils sont n\u00e9anmoins encore retranch\u00e9s avec les derniers jihadistes dans la petite poche [&hellip;]<\/p>\n","protected":false},"author":1965,"featured_media":0,"comment_status":"closed","ping_status":"closed","sticky":false,"template":"","format":"standard","meta":{"fifu_image_url":"","fifu_image_alt":"","footnotes":""},"categories":[73,82],"tags":[],"class_list":["post-15967","post","type-post","status-publish","format-standard","hentry","category-actualite","category-cameroun"],"_links":{"self":[{"href":"https:\/\/linitiative.ca\/International\/wp-json\/wp\/v2\/posts\/15967","targetHints":{"allow":["GET"]}}],"collection":[{"href":"https:\/\/linitiative.ca\/International\/wp-json\/wp\/v2\/posts"}],"about":[{"href":"https:\/\/linitiative.ca\/International\/wp-json\/wp\/v2\/types\/post"}],"author":[{"embeddable":true,"href":"https:\/\/linitiative.ca\/International\/wp-json\/wp\/v2\/users\/1965"}],"replies":[{"embeddable":true,"href":"https:\/\/linitiative.ca\/International\/wp-json\/wp\/v2\/comments?post=15967"}],"version-history":[{"count":0,"href":"https:\/\/linitiative.ca\/International\/wp-json\/wp\/v2\/posts\/15967\/revisions"}],"wp:attachment":[{"href":"https:\/\/linitiative.ca\/International\/wp-json\/wp\/v2\/media?parent=15967"}],"wp:term":[{"taxonomy":"category","embeddable":true,"href":"https:\/\/linitiative.ca\/International\/wp-json\/wp\/v2\/categories?post=15967"},{"taxonomy":"post_tag","embeddable":true,"href":"https:\/\/linitiative.ca\/International\/wp-json\/wp\/v2\/tags?post=15967"}],"curies":[{"name":"wp","href":"https:\/\/api.w.org\/{rel}","templated":true}]}}