{"id":15968,"date":"2019-02-20T14:50:07","date_gmt":"2019-02-20T19:50:07","guid":{"rendered":"https:\/\/linitiative.ca\/International\/brexit-may-presente-ses-demandes-a-une-ue-inflexible\/"},"modified":"2019-02-20T14:50:07","modified_gmt":"2019-02-20T19:50:07","slug":"brexit-may-presente-ses-demandes-a-une-ue-inflexible","status":"publish","type":"post","link":"https:\/\/linitiative.ca\/International\/brexit-may-presente-ses-demandes-a-une-ue-inflexible\/","title":{"rendered":"Brexit : May pr\u00e9sente ses demandes \u00e0 une UE inflexible"},"content":{"rendered":"<div readability=\"32\">\n<p>Publi\u00e9 le 20.02.2019 \u00e0 20h50 par AFP<\/p>\n<\/div>\n<div readability=\"136\">\n<p>La Premi\u00e8re ministre britannique Theresa May est arriv\u00e9e mercredi \u00e0 Bruxelles, o\u00f9 elle esp\u00e8re obtenir des modifications de l\u2019accord de Brexit d\u00e9j\u00e0 conclu avec l\u2019UE, au risque de se heurter une nouvelle fois \u00e0 des Europ\u00e9ens inflexibles.<\/p>\n<p>La dirigeante conservatrice est arriv\u00e9e vers 18h45 (17H45 GMT) au si\u00e8ge de la Commission, accueillie par un Jean-Claude Juncker d\u2019humeur badine, arborant un sparadrap sur la joue. Ce n\u2019est pas Mme May qui \u00ab\u00a0m\u2019a inflig\u00e9 cette blessure\u00a0\u00bb, avait-il plaisant\u00e9 quelques instants plus t\u00f4t.<\/p>\n<p>Le gouvernement britannique a promis que les deux responsables auraient une \u00ab\u00a0discussion d\u00e9taill\u00e9e\u00a0\u00bb, apr\u00e8s que M. Juncker avait confi\u00e9 la veille ne tabler que sur une \u00ab\u00a0discussions amicale\u00a0\u00bb sans \u00ab\u00a0perc\u00e9e\u00a0\u00bb \u00e0 attendre. Aucune conf\u00e9rence de presse n\u2019est pr\u00e9vue \u00e0 l\u2019issue de leur r\u00e9union.<\/p>\n<p>A moins de six semaines de la date officielle du divorce, la crainte d\u2019une rupture sans accord se renforce, faute de solution \u00e0 la question controvers\u00e9e du \u00ab\u00a0filet de s\u00e9curit\u00e9\u00a0\u00bb, ou \u00ab\u00a0backstop\u00a0\u00bb, cette garantie cens\u00e9e \u00e9viter le retour d\u2019une fronti\u00e8re physique en Irlande.<\/p>\n<p>La dirigeante britannique r\u00e9clame des \u00ab\u00a0changements contraignants\u00a0\u00bb de ce dispositif honni des \u00ab\u00a0Brexiters\u00a0\u00bb. Elle esp\u00e8re ainsi obtenir un feu vert de ses parlementaires au trait\u00e9 de divorce, apr\u00e8s le rejet cinglant essuy\u00e9 en janvier.<\/p>\n<p>\u2013 \u00ab\u00a0Seule voie\u00a0\u00bb \u2013<\/p>\n<p>\u00ab\u00a0C\u2019est vraiment la seule voie pour sortir de cette situation\u00a0\u00bb, a insist\u00e9 mercredi le chef de la diplomatie britannique, Jeremy Hunt, depuis Berlin. \u00ab\u00a0Si nous pouvons faire ce changement, alors nous sommes confiants en notre capacit\u00e9 \u00e0 faire passer l\u2019accord\u00a0\u00bb au Parlement.<\/p>\n<p>Le \u00ab\u00a0filet de s\u00e9curit\u00e9\u00a0\u00bb irlandais pr\u00e9voit le maintien du Royaume-Uni dans une union douani\u00e8re avec l\u2019UE.<\/p>\n<p>Il ne serait d\u00e9clench\u00e9 qu\u2019en dernier recours, si les deux parties ne trouvaient pas de meilleure solution apr\u00e8s le Brexit pour \u00e9viter le retour redout\u00e9 d\u2019une fronti\u00e8re physique entre l\u2019Irlande du Nord et la R\u00e9publique d\u2019Irlande.<\/p>\n<p>Au Royaume-Uni, les partisans d\u2019une rupture nette avec l\u2019UE y voient un \u00ab\u00a0pi\u00e8ge\u00a0\u00bb risquant de maintenir leur pays arrim\u00e9 \u00e9ternellement au bloc continental. Mme May cherche donc \u00e0 les rassurer en obtenant des garanties de Bruxelles sur le caract\u00e8re conditionnel et temporaire de cette mesure qu\u2019elle avait accept\u00e9e.<\/p>\n<p><ins data-revive-zoneid=\"9\" data-revive-id=\"10111e19d28d19d031742ee3b0b33eb0\"\/> <\/p>\n<p>Mais le n\u00e9gociateur en chef de l\u2019UE, Michel Barnier, \u00ab\u00a0a r\u00e9it\u00e9r\u00e9 que les 27 ne rouvriraient pas le trait\u00e9 de retrait\u00a0\u00bb n\u00e9goci\u00e9 avec Mme May, a pr\u00e9venu le porte-parole de la Commission Margaritis Schinas.<\/p>\n<p>Les Europ\u00e9ens ne peuvent \u00ab\u00a0pas accepter de donner une limite dans le temps au +filet de s\u00e9curit\u00e9+, ni de clause de sortie unilat\u00e9rale\u00a0\u00bb de ce dispositif, a-t-il poursuivi.<\/p>\n<p>L\u2019UE est en revanche pr\u00eate \u00e0 \u00ab\u00a0retravailler\u00a0\u00bb la d\u00e9claration politique qui accompagnera le trait\u00e9 de retrait, et dont l\u2019objectif est de tracer les grandes lignes de la relation que veulent b\u00e2tir les deux parties apr\u00e8s leur divorce.<\/p>\n<p>\u2013 \u00ab\u00a0Cacophonie\u00a0\u00bb \u2013<\/p>\n<p>\u00ab\u00a0Le probl\u00e8me de fond, c\u2019est que Theresa May n\u2019a pas de mandat parlementaire. Et on ne pourra vraiment n\u00e9gocier avec elle que lorsqu\u2019elle en aura un, ce qui nous am\u00e8ne en mars\u00a0\u00bb, a estim\u00e9 une source diplomatique.<\/p>\n<p>Mme May \u00ab\u00a0n\u2019a de majorit\u00e9 pour rien\u00a0\u00bb dans son propre pays, a estim\u00e9 une autre source diplomatique. \u00ab\u00a0Il y a encore une cacophonie incroyable en Grande-Bretagne, et donc l\u2019UE ne voit pas la n\u00e9cessit\u00e9 de faire un pas vers les Britanniques \u00e0 ce stade\u00a0\u00bb.<\/p>\n<p>Mercredi, trois d\u00e9put\u00e9es favorables \u00e0 un second r\u00e9f\u00e9rendum sur le Brexit ont annonc\u00e9 leur d\u00e9mission du Parti conservateur \u00e0 cause de leur d\u00e9saccord avec la ligne gouvernementale.<\/p>\n<p>Ils vont rejoindre le \u00ab\u00a0Groupe ind\u00e9pendant\u00a0\u00bb, cr\u00e9\u00e9 lundi par sept d\u00e9put\u00e9s travaillistes eux-m\u00eames d\u00e9missionnaires de leur parti, ouvrant la voie \u00e0 une recomposition politique au Royaume-Uni.<\/p>\n<p>Malgr\u00e9 l\u2019impasse actuelle dans leurs discussions, Londres et Bruxelles disent toujours vouloir \u00e9viter un \u00ab\u00a0no deal\u00a0\u00bb, source d\u2019incertitudes du c\u00f4t\u00e9 de l\u2019UE et aux effets potentiellement d\u00e9vastateurs pour l\u2019\u00e9conomie du Royaume-Uni, o\u00f9 les annonces de fermetures d\u2019usines se multiplient depuis plusieurs mois.<\/p>\n<\/div>\n<p>Auteur: AFP<br \/>\n<a href=\"https:\/\/www.journalducameroun.com\/brexit-may-presente-ses-demandes-a-une-ue-inflexible\/\">Cliquez ici pour lire l&rsquo;article depuis sa source.<\/a><\/p>\n","protected":false},"excerpt":{"rendered":"<p>Publi\u00e9 le 20.02.2019 \u00e0 20h50 par AFP La Premi\u00e8re ministre britannique Theresa May est arriv\u00e9e mercredi \u00e0 Bruxelles, o\u00f9 elle esp\u00e8re obtenir des modifications de l\u2019accord de Brexit d\u00e9j\u00e0 conclu avec l\u2019UE, au risque de se heurter une nouvelle fois \u00e0 des Europ\u00e9ens inflexibles. La dirigeante conservatrice est arriv\u00e9e vers 18h45 (17H45 GMT) au si\u00e8ge [&hellip;]<\/p>\n","protected":false},"author":1965,"featured_media":0,"comment_status":"closed","ping_status":"closed","sticky":false,"template":"","format":"standard","meta":{"fifu_image_url":"","fifu_image_alt":"","footnotes":""},"categories":[73,82],"tags":[],"class_list":["post-15968","post","type-post","status-publish","format-standard","hentry","category-actualite","category-cameroun"],"_links":{"self":[{"href":"https:\/\/linitiative.ca\/International\/wp-json\/wp\/v2\/posts\/15968","targetHints":{"allow":["GET"]}}],"collection":[{"href":"https:\/\/linitiative.ca\/International\/wp-json\/wp\/v2\/posts"}],"about":[{"href":"https:\/\/linitiative.ca\/International\/wp-json\/wp\/v2\/types\/post"}],"author":[{"embeddable":true,"href":"https:\/\/linitiative.ca\/International\/wp-json\/wp\/v2\/users\/1965"}],"replies":[{"embeddable":true,"href":"https:\/\/linitiative.ca\/International\/wp-json\/wp\/v2\/comments?post=15968"}],"version-history":[{"count":0,"href":"https:\/\/linitiative.ca\/International\/wp-json\/wp\/v2\/posts\/15968\/revisions"}],"wp:attachment":[{"href":"https:\/\/linitiative.ca\/International\/wp-json\/wp\/v2\/media?parent=15968"}],"wp:term":[{"taxonomy":"category","embeddable":true,"href":"https:\/\/linitiative.ca\/International\/wp-json\/wp\/v2\/categories?post=15968"},{"taxonomy":"post_tag","embeddable":true,"href":"https:\/\/linitiative.ca\/International\/wp-json\/wp\/v2\/tags?post=15968"}],"curies":[{"name":"wp","href":"https:\/\/api.w.org\/{rel}","templated":true}]}}