{"id":15970,"date":"2019-02-20T14:50:12","date_gmt":"2019-02-20T19:50:12","guid":{"rendered":"https:\/\/linitiative.ca\/International\/presidentielle-en-algerie-fin-dune-reunion-de-lopposition-sans-candidat-unique\/"},"modified":"2019-02-20T14:50:12","modified_gmt":"2019-02-20T19:50:12","slug":"presidentielle-en-algerie-fin-dune-reunion-de-lopposition-sans-candidat-unique","status":"publish","type":"post","link":"https:\/\/linitiative.ca\/International\/presidentielle-en-algerie-fin-dune-reunion-de-lopposition-sans-candidat-unique\/","title":{"rendered":"Pr\u00e9sidentielle en Alg\u00e9rie: fin d\u2019une r\u00e9union de l\u2019opposition, sans candidat unique"},"content":{"rendered":"<div readability=\"32\">\n<p>Publi\u00e9 le 20.02.2019 \u00e0 20h50 par AFP<\/p>\n<\/div>\n<div readability=\"102\">\n<p>Plusieurs responsables de l\u2019opposition r\u00e9unis mercredi \u00e0 Alger pour discuter d\u2019une candidature unique \u00e0 la pr\u00e9sidentielle du 18 avril en Alg\u00e9rie, se sont s\u00e9par\u00e9s en d\u00e9but de soir\u00e9e sans avanc\u00e9e sur le sujet, ont constat\u00e9 des journalistes de l\u2019AFP.<\/p>\n<p>Dans un bref communiqu\u00e9, ces responsables \u2013 parmi lesquels des candidats d\u00e9clar\u00e9s \u00e0 la pr\u00e9sidentielle \u2013 affirment simplement leur soutien aux \u00ab\u00a0manifestations populaires\u00a0\u00bb qui ont \u00e9clos ces derniers jours en Alg\u00e9rie contre le 5e mandat que brigue le pr\u00e9sident Abdelaziz Bouteflika.<\/p>\n<p>Ils \u00ab\u00a0mettent en garde le pouvoir\u00a0\u00bb contre la tentation \u00ab\u00a0d\u2019emp\u00eacher les citoyens d\u2019exercer leur droit constitutionnel de manifester et d\u2019exprimer leur refus de la continuit\u00e9 de la situation actuelle\u00a0\u00bb.<\/p>\n<p>\u00ab\u00a0Les n\u00e9gociations vont se poursuivre entre les diff\u00e9rents acteurs oppos\u00e9s \u00e0 la politique du fait accompli\u00a0\u00bb, peut-on \u00e9galement lire, sans autre d\u00e9tail.<\/p>\n<p>L\u2019id\u00e9e de ces discussions a \u00e9t\u00e9 lanc\u00e9e par Abdallah Djaballah, pr\u00e9sident du Front pour la justice et le d\u00e9veloppement (FJD, islamiste) et ancien candidat \u00e0 la pr\u00e9sidentielle de 2004 face \u00e0 M. Bouteflika.<\/p>\n<p>A notamment pris part \u00e0 la r\u00e9union, Ali Benflis, ancien Premier ministre de M. Bouteflika, devenu son principal adversaire lors des pr\u00e9sidentielles de 2004 et 2014. S\u2019il a annonc\u00e9 son intention d\u2019\u00eatre candidat, M. Benflis attend toutefois l\u2019aval de son parti, divis\u00e9 sur l\u2019opportunit\u00e9 de participer au scrutin.<\/p>\n<p>Etaient \u00e9galement pr\u00e9sents Abderrazak Makri, chef et candidat d\u00e9sign\u00e9 du Mouvement de la soci\u00e9t\u00e9 pour la paix (MSP, principal parti islamiste), et plusieurs repr\u00e9sentants de formations de moindre envergure.<\/p>\n<p><ins data-revive-zoneid=\"9\" data-revive-id=\"10111e19d28d19d031742ee3b0b33eb0\"\/> <\/p>\n<p>Un autre candidat d\u00e9clar\u00e9, le g\u00e9n\u00e9ral \u00e0 la retraite Ali Ghediri, arriv\u00e9 il y a quelques mois de fa\u00e7on fracassante sur la sc\u00e8ne politique alg\u00e9rienne, avait d\u00e9clin\u00e9 l\u2019invitation, sans explication, et \u00e9tait le grand absent de la r\u00e9union.<\/p>\n<p>Elu pour la 1e fois en 1999 sans opposition, l\u2019ensemble de ses adversaires s\u2019\u00e9tant alors retir\u00e9s, M. Bouteflika a depuis \u00e9t\u00e9 r\u00e9\u00e9lu trois fois avec \u00e0 chaque fois plus de 80% des voix d\u00e8s le 1er tour.<\/p>\n<p>Deux partis historiques de l\u2019opposition alg\u00e9rienne, le Front des forces socialistes (FFS) et le Rassemblement pour la culture et la d\u00e9mocratie (RCD), n\u2019ont pas \u00e9t\u00e9 invit\u00e9s, ces deux formations la\u00efques ayant toutes deux annonc\u00e9 boycotter la pr\u00e9sidentielle.<\/p>\n<p>Cheffe du Parti des Travailleurs (PT, extr\u00eame-gauche), Louisa Hanoune, candidate lors des trois pr\u00e9c\u00e9dents scrutins pr\u00e9sidentiels, n\u2019avait pas \u00e9t\u00e9 convi\u00e9e.<\/p>\n<p>strs-ayv\/amb\/feb<\/p>\n<\/div>\n<p>Auteur: AFP<br \/>\n<a href=\"https:\/\/www.journalducameroun.com\/presidentielle-en-algerie-fin-dune-reunion-de-lopposition-sans-candidat-unique\/\">Cliquez ici pour lire l&rsquo;article depuis sa source.<\/a><\/p>\n","protected":false},"excerpt":{"rendered":"<p>Publi\u00e9 le 20.02.2019 \u00e0 20h50 par AFP Plusieurs responsables de l\u2019opposition r\u00e9unis mercredi \u00e0 Alger pour discuter d\u2019une candidature unique \u00e0 la pr\u00e9sidentielle du 18 avril en Alg\u00e9rie, se sont s\u00e9par\u00e9s en d\u00e9but de soir\u00e9e sans avanc\u00e9e sur le sujet, ont constat\u00e9 des journalistes de l\u2019AFP. Dans un bref communiqu\u00e9, ces responsables \u2013 parmi lesquels [&hellip;]<\/p>\n","protected":false},"author":1965,"featured_media":0,"comment_status":"closed","ping_status":"closed","sticky":false,"template":"","format":"standard","meta":{"fifu_image_url":"","fifu_image_alt":"","footnotes":""},"categories":[73,82],"tags":[],"class_list":["post-15970","post","type-post","status-publish","format-standard","hentry","category-actualite","category-cameroun"],"_links":{"self":[{"href":"https:\/\/linitiative.ca\/International\/wp-json\/wp\/v2\/posts\/15970","targetHints":{"allow":["GET"]}}],"collection":[{"href":"https:\/\/linitiative.ca\/International\/wp-json\/wp\/v2\/posts"}],"about":[{"href":"https:\/\/linitiative.ca\/International\/wp-json\/wp\/v2\/types\/post"}],"author":[{"embeddable":true,"href":"https:\/\/linitiative.ca\/International\/wp-json\/wp\/v2\/users\/1965"}],"replies":[{"embeddable":true,"href":"https:\/\/linitiative.ca\/International\/wp-json\/wp\/v2\/comments?post=15970"}],"version-history":[{"count":0,"href":"https:\/\/linitiative.ca\/International\/wp-json\/wp\/v2\/posts\/15970\/revisions"}],"wp:attachment":[{"href":"https:\/\/linitiative.ca\/International\/wp-json\/wp\/v2\/media?parent=15970"}],"wp:term":[{"taxonomy":"category","embeddable":true,"href":"https:\/\/linitiative.ca\/International\/wp-json\/wp\/v2\/categories?post=15970"},{"taxonomy":"post_tag","embeddable":true,"href":"https:\/\/linitiative.ca\/International\/wp-json\/wp\/v2\/tags?post=15970"}],"curies":[{"name":"wp","href":"https:\/\/api.w.org\/{rel}","templated":true}]}}