{"id":15971,"date":"2019-02-20T14:50:14","date_gmt":"2019-02-20T19:50:14","guid":{"rendered":"https:\/\/linitiative.ca\/International\/algerie-un-maire-limoge-au-lendemain-dune-manifestation-hostile-au-president\/"},"modified":"2019-02-20T14:50:14","modified_gmt":"2019-02-20T19:50:14","slug":"algerie-un-maire-limoge-au-lendemain-dune-manifestation-hostile-au-president","status":"publish","type":"post","link":"https:\/\/linitiative.ca\/International\/algerie-un-maire-limoge-au-lendemain-dune-manifestation-hostile-au-president\/","title":{"rendered":"Alg\u00e9rie: un maire limog\u00e9 au lendemain d\u2019une manifestation hostile au pr\u00e9sident"},"content":{"rendered":"<div readability=\"32\">\n<p>Publi\u00e9 le 20.02.2019 \u00e0 20h50 par AFP<\/p>\n<\/div>\n<div readability=\"97\">\n<p>Un maire alg\u00e9rien a \u00e9t\u00e9 limog\u00e9 au lendemain d\u2019une manifestation hostile au chef de l\u2019Etat, d\u00e9clench\u00e9e par la d\u00e9cision de l\u2019\u00e9dile d\u2019interdire l\u2019acc\u00e8s de sa mairie \u00e0 un candidat d\u00e9clar\u00e9 \u00e0 la pr\u00e9sidentielle, a indiqu\u00e9 mercredi un responsable local.<\/p>\n<p>Mardi, quelques centaines de personnes se sont rassembl\u00e9es devant la mairie de Khenchela, \u00e0 500 km au sud-est d\u2019Alger, pour protester contre la d\u00e9cision du maire de fermer \u2013ill\u00e9galement\u2013 les portes du b\u00e2timent \u00e0 Rachid Nekkaz, un candidat d\u00e9clar\u00e9 \u00e0 la pr\u00e9sidentielle du 18 avril.<\/p>\n<p>M. Nekkaz avait annonc\u00e9 sur les r\u00e9seaux sociaux qu\u2019il se rendait \u00e0 la mairie pour y recueillir et faire l\u00e9galiser des parrainages d\u2019\u00e9lecteurs, comme l\u2019exige la loi \u00e9lectorale.<\/p>\n<p>Le maire, Kamal Hachouf, membre du Front de lib\u00e9ration nationale (FLN) \u2013parti du pr\u00e9sident alg\u00e9rien Abdelaziz Bouteflika\u2013, avait en retour pr\u00e9venu qu\u2019il lui en interdirait l\u2019acc\u00e8s.<\/p>\n<p>Durant ce rassemblement, selon une vid\u00e9o circulant sur internet, une ou plusieurs personnes sont mont\u00e9es sur le toit de la mairie et ont d\u00e9croch\u00e9 une photo g\u00e9ante du pr\u00e9sident Bouteflika, qui recouvrait une partie de la fa\u00e7ade \u00e0 c\u00f4t\u00e9 du drapeau alg\u00e9rien.<\/p>\n<p>\u00ab\u00a0Enl\u00e8ve la photo, laisse le drapeau!\u00a0\u00bb, scandent, sur cette vid\u00e9o, les manifestants venus soutenir M. Nekkaz, qui a d\u00e9j\u00e0 tent\u00e9 de se pr\u00e9senter \u00e0 la pr\u00e9sidentielle alg\u00e9rienne de 2014, en vain.<\/p>\n<p><ins data-revive-zoneid=\"9\" data-revive-id=\"10111e19d28d19d031742ee3b0b33eb0\"\/> <\/p>\n<p>Un responsable de la wilaya (pr\u00e9fecture) de Khenchela a indiqu\u00e9 mercredi \u00e0 l\u2019AFP, sous le couvert de l\u2019anonymat, que \u00ab\u00a0le maire avait \u00e9t\u00e9 d\u00e9mis de ses fonctions par le wali\u00a0\u00bb, le pr\u00e9fet.<\/p>\n<p>\u00ab\u00a0J\u2019ignore pour le moment si cette d\u00e9cision est li\u00e9e aux incidents survenus hier (mardi) devant la mairie\u00a0\u00bb, a-t-il ajout\u00e9.<\/p>\n<p>Les autorit\u00e9s alg\u00e9riennes ont mis en garde ces derniers jours les \u00ab\u00a0fauteurs de trouble\u00a0\u00bb, apr\u00e8s plusieurs rassemblements d\u2019ampleur diverses lors du week-end contre le 5e mandat que brigue le 18 avril M. Bouteflika, au pouvoir depuis 1999.<\/p>\n<p>Constamment r\u00e9\u00e9lu depuis 2004 avec plus de 80% des voix au 1er tour, M. Bouteflika est affaibli par les s\u00e9quelles d\u2019un AVC dont il a \u00e9t\u00e9 victime en 2013 et qui l\u2019a clou\u00e9 dans un fauteuil roulant.<\/p>\n<p>Plusieurs appels \u00e0 manifester vendredi \u00e0 travers le pays contre ce 5e mandat ont \u00e9t\u00e9 lanc\u00e9s sur les r\u00e9seaux sociaux, sans pour l\u2019heure que le mouvement apparaisse r\u00e9ellement structur\u00e9.<\/p>\n<\/div>\n<p>Auteur: AFP<br \/>\n<a href=\"https:\/\/www.journalducameroun.com\/algerie-un-maire-limoge-au-lendemain-dune-manifestation-hostile-au-president\/\">Cliquez ici pour lire l&rsquo;article depuis sa source.<\/a><\/p>\n","protected":false},"excerpt":{"rendered":"<p>Publi\u00e9 le 20.02.2019 \u00e0 20h50 par AFP Un maire alg\u00e9rien a \u00e9t\u00e9 limog\u00e9 au lendemain d\u2019une manifestation hostile au chef de l\u2019Etat, d\u00e9clench\u00e9e par la d\u00e9cision de l\u2019\u00e9dile d\u2019interdire l\u2019acc\u00e8s de sa mairie \u00e0 un candidat d\u00e9clar\u00e9 \u00e0 la pr\u00e9sidentielle, a indiqu\u00e9 mercredi un responsable local. Mardi, quelques centaines de personnes se sont rassembl\u00e9es devant [&hellip;]<\/p>\n","protected":false},"author":1965,"featured_media":0,"comment_status":"closed","ping_status":"closed","sticky":false,"template":"","format":"standard","meta":{"fifu_image_url":"","fifu_image_alt":"","footnotes":""},"categories":[73,82],"tags":[],"class_list":["post-15971","post","type-post","status-publish","format-standard","hentry","category-actualite","category-cameroun"],"_links":{"self":[{"href":"https:\/\/linitiative.ca\/International\/wp-json\/wp\/v2\/posts\/15971","targetHints":{"allow":["GET"]}}],"collection":[{"href":"https:\/\/linitiative.ca\/International\/wp-json\/wp\/v2\/posts"}],"about":[{"href":"https:\/\/linitiative.ca\/International\/wp-json\/wp\/v2\/types\/post"}],"author":[{"embeddable":true,"href":"https:\/\/linitiative.ca\/International\/wp-json\/wp\/v2\/users\/1965"}],"replies":[{"embeddable":true,"href":"https:\/\/linitiative.ca\/International\/wp-json\/wp\/v2\/comments?post=15971"}],"version-history":[{"count":0,"href":"https:\/\/linitiative.ca\/International\/wp-json\/wp\/v2\/posts\/15971\/revisions"}],"wp:attachment":[{"href":"https:\/\/linitiative.ca\/International\/wp-json\/wp\/v2\/media?parent=15971"}],"wp:term":[{"taxonomy":"category","embeddable":true,"href":"https:\/\/linitiative.ca\/International\/wp-json\/wp\/v2\/categories?post=15971"},{"taxonomy":"post_tag","embeddable":true,"href":"https:\/\/linitiative.ca\/International\/wp-json\/wp\/v2\/tags?post=15971"}],"curies":[{"name":"wp","href":"https:\/\/api.w.org\/{rel}","templated":true}]}}