{"id":15972,"date":"2019-02-20T14:52:40","date_gmt":"2019-02-20T19:52:40","guid":{"rendered":"https:\/\/linitiative.ca\/International\/proces-des-leaders-secessionnistes-eclats-de-voix-au-tribunal-militaire\/"},"modified":"2019-02-20T14:52:40","modified_gmt":"2019-02-20T19:52:40","slug":"proces-des-leaders-secessionnistes-eclats-de-voix-au-tribunal-militaire","status":"publish","type":"post","link":"https:\/\/linitiative.ca\/International\/proces-des-leaders-secessionnistes-eclats-de-voix-au-tribunal-militaire\/","title":{"rendered":"Proc\u00e8s des leaders s\u00e9cessionnistes : \u00e9clats de voix au Tribunal militaire"},"content":{"rendered":"<div readability=\"32\">\n<p>Publi\u00e9 le 20.02.2019 \u00e0 20h52 par Louise Nsana<\/p>\n<\/div>\n<div readability=\"79.3397285915\">\n<h2 class=\"c1\">Le proc\u00e8s des leaders de Ayuk Tabe et neuf autres leaders s\u00e9paratistes a \u00e9t\u00e9 marqu\u00e9 mercredi d\u2019une vive pol\u00e9mique autour de la comp\u00e9tence du Tribunal militaire \u00e0 juger ces personnes.<\/h2>\n<p class=\"c2\">La Cour a pris une d\u00e9cision mercredi au sujet d\u2019une requ\u00eate des avocats de la d\u00e9fense lui demandant de se d\u00e9clarer incomp\u00e9tente pour juger Sissiku Ayuk Tabe et ses compagnons d\u2019infortune.\u00a0Ladite demande qui avait \u00e9t\u00e9 formul\u00e9e lors de la <a href=\"https:\/\/www.journalducameroun.com\/au-tribunal-ayuk-tabe-et-ses-compagnons-devraient-etre-pris-comme-des-refugies-defense\/\">deuxi\u00e8me audience<\/a>, le 10 janvier, se fondait sur les statuts de r\u00e9fugi\u00e9s et demandeurs d\u2019asile dont jouissent les mis en cause. Le conseil de la d\u00e9fense demandait pr\u00e9cis\u00e9ment au juge de prononcer un renvoi des personnes jug\u00e9es au Nigeria o\u00f9 elles avaient \u00e9t\u00e9 arr\u00eat\u00e9es, en vertu des conventions internationales sign\u00e9es par<\/p>\n<p class=\"c2\">\u00ab\u00a0<em>Le Tribunal accepte les documents produits par les parties. Ces documents attestent que le inculp\u00e9s sont de nationalit\u00e9 camerounaise. Le Tribunal reconnait que quatre des accus\u00e9s sont des r\u00e9fugi\u00e9s et\u00a0 les autres sont des demandeurs d\u2019asile toutefois ces qualit\u00e9s ne leur conf\u00e8re aucune immunit\u00e9. M\u00eame si les accus\u00e9s avaient renonc\u00e9 \u00e0 la nationalit\u00e9 camerounaise, rien n\u2019aurait emp\u00each\u00e9 qu\u2019ils soient jug\u00e9s au Cameroun.\u00a0 La Cour se d\u00e9clare comp\u00e9tente pour juger les accus\u00e9s<\/em>\u00ab\u00a0, a d\u00e9clar\u00e9 le juge Michel Mem \u00e0 l\u2019issue de la pr\u00e9sentation des preuves \u2013 les documents d\u00e9livr\u00e9s par les autorit\u00e9s nig\u00e9rianes, pour la d\u00e9fense, et les photocopies de Cni et de passeports pour le minist\u00e8re public \u2013 par les diff\u00e9rentes parties.<\/p>\n<h4 class=\"c3\"><a href=\"https:\/\/www.journalducameroun.com\/au-tribunal-des-leaders-secessionnistes-revendiquent-leur-nationalite-ambazonienne\/\">A lire aussi :\u00a0Au tribunal, des leaders s\u00e9cessionnistes revendiquent leur nationalit\u00e9 \u00ab\u00a0ambazonienne\u00a0\u00bb<\/a><\/h4>\n<h4 class=\"c3\">-Les avocats de la d\u00e9fense sortent de la salle d\u2019audience-<\/h4>\n<p class=\"c2\">Le conseil de la d\u00e9fense n\u2019a pas approuv\u00e9 la d\u00e9cision du juge et pour le signifier il a quitt\u00e9 la salle d\u2019audience \u00e0 grand fracas. Il a imm\u00e9diatement \u00e9t\u00e9 suivi par la foule d\u2019avocats anglophones qui assistent, s\u00e9ance apr\u00e8s s\u00e9ance \u00e0 toute les audiences relatives \u00e0 ce dossier ainsi que par quelques membres de familles des accus\u00e9s.<\/p>\n<p class=\"c2\">La d\u00e9fense estime que les documents fournis ce jour par le minist\u00e8re public n\u2019ont pas fourni une preuve suffisante de la nationalit\u00e9 camerounaise d\u2019Ayuk Tabe et ses\u00a0 compagnons. Le commissaire du gouvernement souligne, pour sa part, que les cartes de r\u00e9fugi\u00e9s et demandeurs d\u2019asile pr\u00e9sent\u00e9es par la partie oppos\u00e9e mentionne que ces leaders s\u00e9cessionnistes sont de \u00ab\u00a0<em>nationalit\u00e9 camerounaise<\/em>\u00ab\u00a0.<\/p>\n<h4 class=\"c3\"><a href=\"https:\/\/www.journalducameroun.com\/les-leaders-ambazoniens-ont-ete-enregistres-au-nigeria-en-tant-que-camerounais-hcr\/\">Autre article :\u00a0Les leaders \u00ab\u00a0ambazoniens\u00a0\u00bb sont enregistr\u00e9s au Nigeria comme Camerounais (HCR)<\/a><\/h4>\n<p><ins data-revive-zoneid=\"9\" data-revive-id=\"10111e19d28d19d031742ee3b0b33eb0\"\/> <\/p>\n<p class=\"c2\">\u00ab\u00a0<em>Pour nous, il n\u2019y a pas d\u2019incident, les avocats de la d\u00e9fense ont sans doute \u00e9t\u00e9 d\u00e9stabilis\u00e9s. Votre\u00a0 Honneur, nous vous sugg\u00e9rons de le mentionner dans votre plumitif et de laisser le proc\u00e8s continuer. Les accus\u00e9s continuent d\u2019\u00eatre assist\u00e9s parc que les avocats constitu\u00e9s ne se sont pas d\u00e9constitu\u00e9s. Rien ne nous emp\u00eache dans cet \u00e9tat de choses de continuer les d\u00e9bats. Libre \u00e0 vous, votre Honneur de continuer tout de suite ou de commettre d\u2019office des conseils pour la suite<\/em>\u00ab\u00a0, d\u00e9clare-t-on au minist\u00e8re public \u00e0 l\u2019attention du juge qui a d\u00e9cid\u00e9 de reporter le proc\u00e8s pour une meilleure d\u00e9fense des personnes jug\u00e9es.<\/p>\n<h4 class=\"c3\"><strong>-Exception ou jugement avant-dire-droit-<\/strong><\/h4>\n<p class=\"c2\">La d\u00e9fense a pr\u00e9sent\u00e9 au juge son intention de faire appel de sa d\u00e9cision relative \u00e0 sa comp\u00e9tence pour connaitre de cette affaire. Chose que le magistrat Mem Michel n\u2019a pas autoris\u00e9, ravivant ainsi la pol\u00e9mique sur ce sujet. Pour lui, il ne s\u2019agissait pas d\u2019un <strong>jugement avant-dire-droit<\/strong> [d\u00e9cision prise au cours de l\u2019audience pour am\u00e9nager une situation provisoire, Ndlr]\u00a0 mais d\u2019une <strong>exception<\/strong> [Moyen par lequel le d\u00e9fendeur demande au juge, soit de refuser d\u2019examiner la pr\u00e9tention du demandeur, soit de surseoir \u00e0 statuer, Ndlr]<strong>.<\/strong> La d\u00e9fense des premiers dirigeants autoproclam\u00e9 de l&rsquo;\u00a0\u00bbAmbazonie\u00a0\u00bb doit attendre le verdict final avant de saisir la Cour d\u2019appel, a-t-il instruit.<\/p>\n<p class=\"c2\">Il n\u2019en est rien, se d\u00e9fend le conseil des leaders s\u00e9paratistes. Leurs avocats entendent boycotter l\u2019audience du 7 mars pour manifester leur d\u00e9sapprobation.<\/p>\n<h4 class=\"title c3\"><a href=\"https:\/\/www.journalducameroun.com\/tribunal-militaire-11-chefs-daccusation-retenus-contre-les-leaders-secessionnistes\/\">Article li\u00e9 : Tribunal militaire : 11 chefs d\u2019accusation retenus contre les leaders s\u00e9cessionnistes<\/a><\/h4>\n<\/div>\n<p>Auteur: Louise NSANA<br \/>\n<a href=\"https:\/\/www.journalducameroun.com\/proces-des-leaders-secessionnistes-eclats-de-voix-au-tribunal-militaire\/\">Cliquez ici pour lire l&rsquo;article depuis sa source.<\/a><\/p>\n","protected":false},"excerpt":{"rendered":"<p>Publi\u00e9 le 20.02.2019 \u00e0 20h52 par Louise Nsana Le proc\u00e8s des leaders de Ayuk Tabe et neuf autres leaders s\u00e9paratistes a \u00e9t\u00e9 marqu\u00e9 mercredi d\u2019une vive pol\u00e9mique autour de la comp\u00e9tence du Tribunal militaire \u00e0 juger ces personnes. La Cour a pris une d\u00e9cision mercredi au sujet d\u2019une requ\u00eate des avocats de la d\u00e9fense lui [&hellip;]<\/p>\n","protected":false},"author":1965,"featured_media":0,"comment_status":"closed","ping_status":"closed","sticky":false,"template":"","format":"standard","meta":{"fifu_image_url":"","fifu_image_alt":"","footnotes":""},"categories":[73,82],"tags":[],"class_list":["post-15972","post","type-post","status-publish","format-standard","hentry","category-actualite","category-cameroun"],"_links":{"self":[{"href":"https:\/\/linitiative.ca\/International\/wp-json\/wp\/v2\/posts\/15972","targetHints":{"allow":["GET"]}}],"collection":[{"href":"https:\/\/linitiative.ca\/International\/wp-json\/wp\/v2\/posts"}],"about":[{"href":"https:\/\/linitiative.ca\/International\/wp-json\/wp\/v2\/types\/post"}],"author":[{"embeddable":true,"href":"https:\/\/linitiative.ca\/International\/wp-json\/wp\/v2\/users\/1965"}],"replies":[{"embeddable":true,"href":"https:\/\/linitiative.ca\/International\/wp-json\/wp\/v2\/comments?post=15972"}],"version-history":[{"count":0,"href":"https:\/\/linitiative.ca\/International\/wp-json\/wp\/v2\/posts\/15972\/revisions"}],"wp:attachment":[{"href":"https:\/\/linitiative.ca\/International\/wp-json\/wp\/v2\/media?parent=15972"}],"wp:term":[{"taxonomy":"category","embeddable":true,"href":"https:\/\/linitiative.ca\/International\/wp-json\/wp\/v2\/categories?post=15972"},{"taxonomy":"post_tag","embeddable":true,"href":"https:\/\/linitiative.ca\/International\/wp-json\/wp\/v2\/tags?post=15972"}],"curies":[{"name":"wp","href":"https:\/\/api.w.org\/{rel}","templated":true}]}}