{"id":15974,"date":"2019-02-20T16:50:02","date_gmt":"2019-02-20T21:50:02","guid":{"rendered":"https:\/\/linitiative.ca\/International\/trump-kim-jong-un-doit-faire-un-geste-significatif-pour-une-levee-des-sanctions\/"},"modified":"2019-02-20T16:50:02","modified_gmt":"2019-02-20T21:50:02","slug":"trump-kim-jong-un-doit-faire-un-geste-significatif-pour-une-levee-des-sanctions","status":"publish","type":"post","link":"https:\/\/linitiative.ca\/International\/trump-kim-jong-un-doit-faire-un-geste-significatif-pour-une-levee-des-sanctions\/","title":{"rendered":"Trump: Kim Jong Un doit faire un geste \u00ab\u00a0significatif\u00a0\u00bb pour une lev\u00e9e des sanctions"},"content":{"rendered":"<div readability=\"32\">\n<p>Publi\u00e9 le 20.02.2019 \u00e0 22h50 par AFP<\/p>\n<\/div>\n<div readability=\"59\">\n<p>Le pr\u00e9sident am\u00e9ricain Donald Trump a affirm\u00e9 mercredi que le leader nord-cor\u00e9en Kim Jong Un devrait faire un geste \u00ab\u00a0significatif\u00a0\u00bb pour esp\u00e9rer une lev\u00e9e des sanctions pesant sur son pays en raison de son programme nucl\u00e9aire.<\/p>\n<p>\u00ab\u00a0Je n\u2019ai pas lev\u00e9 les sanctions. J\u2019adorerais pouvoir le faire mais pour cela il faut qu\u2019il y ait quelque chose de significatif de l\u2019autre c\u00f4t\u00e9\u00a0\u00bb, a d\u00e9clar\u00e9 M. Trump \u00e0 moins d\u2019une semaine de son deuxi\u00e8me sommet, pr\u00e9vu \u00e0 Hanoi, avec l\u2019homme fort de Pyongyang.<\/p>\n<p>\u00ab\u00a0Le pr\u00e9sident Kim et moi-m\u00eame avons de tr\u00e8s bonnes relations, je ne serais pas surpris de voir quelque chose aboutir\u00a0\u00bb, a-t-il ajout\u00e9, sans autres pr\u00e9cisions.<\/p>\n<p>\u00ab\u00a0Je pense que nous allons faire beaucoup de progr\u00e8s\u00a0\u00bb, a-t-il encore dit. \u00ab\u00a0Je ne pense pas que ce sera la derni\u00e8re rencontre\u00a0\u00bb.<\/p>\n<p><ins data-revive-zoneid=\"9\" data-revive-id=\"10111e19d28d19d031742ee3b0b33eb0\"\/> <\/p>\n<p>A l\u2019issue de leur sommet \u00e0 Singapour en juin, MM. Trump et Kim avaient sign\u00e9 une d\u00e9claration vague en faveur de \u00ab\u00a0la d\u00e9nucl\u00e9arisation de la p\u00e9ninsule cor\u00e9enne\u00a0\u00bb, mais aucun progr\u00e8s tangible n\u2019a \u00e9t\u00e9 r\u00e9alis\u00e9 depuis.<\/p>\n<p>Les deux hommes doivent se retrouver \u00e0 Hanoi les 27 et 28 f\u00e9vrier.<\/p>\n<\/div>\n<p>Auteur: AFP<br \/>\n<a href=\"https:\/\/www.journalducameroun.com\/trump-kim-jong-un-doit-faire-un-geste-significatif-pour-une-levee-des-sanctions\/\">Cliquez ici pour lire l&rsquo;article depuis sa source.<\/a><\/p>\n","protected":false},"excerpt":{"rendered":"<p>Publi\u00e9 le 20.02.2019 \u00e0 22h50 par AFP Le pr\u00e9sident am\u00e9ricain Donald Trump a affirm\u00e9 mercredi que le leader nord-cor\u00e9en Kim Jong Un devrait faire un geste \u00ab\u00a0significatif\u00a0\u00bb pour esp\u00e9rer une lev\u00e9e des sanctions pesant sur son pays en raison de son programme nucl\u00e9aire. \u00ab\u00a0Je n\u2019ai pas lev\u00e9 les sanctions. J\u2019adorerais pouvoir le faire mais pour [&hellip;]<\/p>\n","protected":false},"author":1965,"featured_media":0,"comment_status":"closed","ping_status":"closed","sticky":false,"template":"","format":"standard","meta":{"fifu_image_url":"","fifu_image_alt":"","footnotes":""},"categories":[73,82],"tags":[],"class_list":["post-15974","post","type-post","status-publish","format-standard","hentry","category-actualite","category-cameroun"],"_links":{"self":[{"href":"https:\/\/linitiative.ca\/International\/wp-json\/wp\/v2\/posts\/15974","targetHints":{"allow":["GET"]}}],"collection":[{"href":"https:\/\/linitiative.ca\/International\/wp-json\/wp\/v2\/posts"}],"about":[{"href":"https:\/\/linitiative.ca\/International\/wp-json\/wp\/v2\/types\/post"}],"author":[{"embeddable":true,"href":"https:\/\/linitiative.ca\/International\/wp-json\/wp\/v2\/users\/1965"}],"replies":[{"embeddable":true,"href":"https:\/\/linitiative.ca\/International\/wp-json\/wp\/v2\/comments?post=15974"}],"version-history":[{"count":0,"href":"https:\/\/linitiative.ca\/International\/wp-json\/wp\/v2\/posts\/15974\/revisions"}],"wp:attachment":[{"href":"https:\/\/linitiative.ca\/International\/wp-json\/wp\/v2\/media?parent=15974"}],"wp:term":[{"taxonomy":"category","embeddable":true,"href":"https:\/\/linitiative.ca\/International\/wp-json\/wp\/v2\/categories?post=15974"},{"taxonomy":"post_tag","embeddable":true,"href":"https:\/\/linitiative.ca\/International\/wp-json\/wp\/v2\/tags?post=15974"}],"curies":[{"name":"wp","href":"https:\/\/api.w.org\/{rel}","templated":true}]}}