{"id":16046,"date":"2019-02-21T12:23:03","date_gmt":"2019-02-21T17:23:03","guid":{"rendered":"https:\/\/linitiative.ca\/International\/coup-denvoi-a-marrakech-des-championnats-arabes-des-clubs-champions-de-judo\/"},"modified":"2019-02-21T12:23:03","modified_gmt":"2019-02-21T17:23:03","slug":"coup-denvoi-a-marrakech-des-championnats-arabes-des-clubs-champions-de-judo","status":"publish","type":"post","link":"https:\/\/linitiative.ca\/International\/coup-denvoi-a-marrakech-des-championnats-arabes-des-clubs-champions-de-judo\/","title":{"rendered":"Coup d\u2019envoi \u00e0 Marrakech des Championnats arabes des clubs champions de judo"},"content":{"rendered":"<div class=\"single-featured\"><img alt=\"\" data-src=\"http:\/\/www.mapmarrakech.ma\/map\/uploads\/2019\/02\/judo-copier.jpg\"\/><\/div>\n<div class=\"single-post-excerpt post-excerpt-bc\" readability=\"38\">\n<p>Marrakech, 21\/02\/2019 (MAP)- Le coup d\u2019envoi a \u00e9t\u00e9 donn\u00e9, jeudi \u00e0 la salle couverte Zerktouni \u00e0 Marrakech, aux Championnats arabes des clubs champions de judo et \u00e0 la 10\u00e8me \u00e9dition de l\u2019Open de kata, avec la participation de 42 \u00e9quipes repr\u00e9sentant 13 pays.<\/p>\n<\/div>\n<div class=\"entry-content clearfix single-post-content\" readability=\"66\">\n<p>La journ\u00e9e inaugurale de cette manifestation, initi\u00e9e jusqu\u2019au 24 f\u00e9vrier par la F\u00e9d\u00e9ration Royale Marocaine de Judo et Arts martiaux assimil\u00e9s, sous l\u2019\u00e9gide de l\u2019Union arabe de judo, est consacr\u00e9e aux comp\u00e9titions du 6\u00e8me Championnat arabe des clubs champions juniors (gar\u00e7ons\/individuel) et du 5\u00e8me Championnat arabe des clubs champions juniors (filles\/individuel).<\/p>\n<p>Au programme de ces Championnats arabes, qui connaissent la participation de 400 judokas, figurent aussi les comp\u00e9titions par \u00e9quipes-juniors (gar\u00e7ons et filles), ainsi que le 14\u00e8me Championnat seniors hommes et le 5\u00e8me Championnat seniors-Dames (individuel et par \u00e9quipes).<\/p>\n<p>Dans une d\u00e9claration \u00e0 la MAP, le secr\u00e9taire g\u00e9n\u00e9ral de la F\u00e9d\u00e9ration Royale marocaine de Judo et Arts martiaux assimil\u00e9s, Boubker Benbada, a indiqu\u00e9 que ces Championnats sont marqu\u00e9s par une participation massive des meilleurs judokas \u00e0 l\u2019\u00e9chelle arabe, ajoutant que cette manifestation s\u2019inscrit dans le cadre du programme de l\u2019Union arabe de judo en perspective des prochaines \u00e9ch\u00e9ances internationales et des futurs Jeux Olympiques (JO).<\/p>\n<p>M. Benbada a, en outre, \u00e9mis le v\u0153u de voir les judokas marocains participant \u00e0 ces Championnats r\u00e9aliser des r\u00e9sultats positifs, notamment ceux affili\u00e9s au Club f\u00e9d\u00e9ral, qui participe aux c\u00f4t\u00e9s d\u2019autres \u00e9quipes dont le Kawkab de Marrakech, l\u2019Etoile sportive de Sal\u00e9, l\u2019Association Al Assad Arriyadi de Sal\u00e9, le Fath Union sport de Rabat et l\u2019Association douani\u00e8re marocaine de Casablanca.<\/p>\n<\/div>\n<p>Auteur: Meriem IGASS<br \/>\n<a href=\"http:\/\/www.mapmarrakech.ma\/fr\/coup-denvoi-a-marrakech-des-championnats-arabes-des-clubs-champions-de-judo\/\">Cliquez ici pour lire l&rsquo;article depuis sa source.<\/a><\/p>\n","protected":false},"excerpt":{"rendered":"<p>Marrakech, 21\/02\/2019 (MAP)- Le coup d\u2019envoi a \u00e9t\u00e9 donn\u00e9, jeudi \u00e0 la salle couverte Zerktouni \u00e0 Marrakech, aux Championnats arabes des clubs champions de judo et \u00e0 la 10\u00e8me \u00e9dition de l\u2019Open de kata, avec la participation de 42 \u00e9quipes repr\u00e9sentant 13 pays. La journ\u00e9e inaugurale de cette manifestation, initi\u00e9e jusqu\u2019au 24 f\u00e9vrier par la [&hellip;]<\/p>\n","protected":false},"author":1788,"featured_media":16047,"comment_status":"closed","ping_status":"closed","sticky":false,"template":"","format":"standard","meta":{"fifu_image_url":"","fifu_image_alt":"","footnotes":""},"categories":[54,76],"tags":[],"class_list":["post-16046","post","type-post","status-publish","format-standard","has-post-thumbnail","hentry","category-maroc","category-regions"],"_links":{"self":[{"href":"https:\/\/linitiative.ca\/International\/wp-json\/wp\/v2\/posts\/16046","targetHints":{"allow":["GET"]}}],"collection":[{"href":"https:\/\/linitiative.ca\/International\/wp-json\/wp\/v2\/posts"}],"about":[{"href":"https:\/\/linitiative.ca\/International\/wp-json\/wp\/v2\/types\/post"}],"author":[{"embeddable":true,"href":"https:\/\/linitiative.ca\/International\/wp-json\/wp\/v2\/users\/1788"}],"replies":[{"embeddable":true,"href":"https:\/\/linitiative.ca\/International\/wp-json\/wp\/v2\/comments?post=16046"}],"version-history":[{"count":0,"href":"https:\/\/linitiative.ca\/International\/wp-json\/wp\/v2\/posts\/16046\/revisions"}],"wp:featuredmedia":[{"embeddable":true,"href":"https:\/\/linitiative.ca\/International\/wp-json\/"}],"wp:attachment":[{"href":"https:\/\/linitiative.ca\/International\/wp-json\/wp\/v2\/media?parent=16046"}],"wp:term":[{"taxonomy":"category","embeddable":true,"href":"https:\/\/linitiative.ca\/International\/wp-json\/wp\/v2\/categories?post=16046"},{"taxonomy":"post_tag","embeddable":true,"href":"https:\/\/linitiative.ca\/International\/wp-json\/wp\/v2\/tags?post=16046"}],"curies":[{"name":"wp","href":"https:\/\/api.w.org\/{rel}","templated":true}]}}