{"id":16058,"date":"2019-02-21T10:16:34","date_gmt":"2019-02-21T15:16:34","guid":{"rendered":"https:\/\/linitiative.ca\/International\/ouargla-redonner-a-la-station-historique-de-radiodiffusion-a-touggourt-son-ancien-lustre\/"},"modified":"2019-02-21T10:16:34","modified_gmt":"2019-02-21T15:16:34","slug":"ouargla-redonner-a-la-station-historique-de-radiodiffusion-a-touggourt-son-ancien-lustre","status":"publish","type":"post","link":"https:\/\/linitiative.ca\/International\/ouargla-redonner-a-la-station-historique-de-radiodiffusion-a-touggourt-son-ancien-lustre\/","title":{"rendered":"Ouargla: redonner \u00e0 la station historique de radiodiffusion \u00e0 Touggourt son ancien lustre"},"content":{"rendered":"<div>\n<div class=\"K2FeedImage\"><img decoding=\"async\" src=\"http:\/\/www.aps.dz\/media\/k2\/items\/cache\/ff9f15788f0ba8efe784fae18e612f44_S.jpg\" alt=\"Ouargla: redonner \u00e0 la station historique de radiodiffusion \u00e0 Touggourt son ancien lustre\"><\/div>\n<div class=\"K2FeedIntroText\">\n<p>OUARGLA, 21 f\u00e9v 2019 (APS) &#8211; Des d\u00e9marches sont entreprises pour redonner \u00e0 la station historique de radiodiffusion de Touggourt (160 km au Nord d\u2019Ouargla) son ancien lustre, apr\u00e8s avoir \u00e9t\u00e9 laiss\u00e9e \u00e0 l\u2019abandon pendant plus de 40 ans, a appris jeudi l\u2019APS aupr\u00e8s des responsables de la commune.<\/p>\n<\/div>\n<div class=\"K2FeedFullText\">\n<p>Ces d\u00e9marches s\u2019inscrivent dans le cadre de la mise en \u0153uvre d\u2019un programme initi\u00e9 par l\u2019Assembl\u00e9e populaire communale (APC), en collaboration avec la soci\u00e9t\u00e9 civile, dans le but de pr\u00e9server le patrimoine culturel de cette collectivit\u00e9, notamment ce site riche en histoire, a indiqu\u00e9 le Pr\u00e9sident de l\u2019APC, Rachid Benhelal.<\/p>\n<p>\u00ab\u00a0Nous \u0153uvrons de sorte \u00e0 permettre \u00e0 cette station, appel\u00e9e \u00ab\u00a0radio des Oasis\u00a0\u00bb, de jouer \u00e0 nouveau son r\u00f4le socioculturel, tout en assurant la continuit\u00e9 de la diffusion des programmes de la Radio alg\u00e9rienne \u00e0 partir\u00a0de Touggourt, a-t-il affirm\u00e9.<\/p>\n<p>Compos\u00e9 d\u2019un \u00e9difice de deux \u00e9tages ainsi qu\u2019un minaret, ce site class\u00e9 dans la liste de l\u2019inventaire suppl\u00e9mentaire des sites historiques de la wilaya d\u2019Ouargla, et qui fait partie aussi du domaine priv\u00e9 de l\u2019Etat, a \u00e9t\u00e9 construit sous la colonisation fran\u00e7aise pour abriter le si\u00e8ge d\u2019une compagne charg\u00e9e du monopole de la production et la distribution de l\u2019\u00e9lectricit\u00e9 avant d\u2019\u00eatre converti dans les ann\u00e9es cinquante en station de radiodiffusion, a indiqu\u00e9 M. Benhelal.<\/p>\n<p>Le site en question a abrit\u00e9, ces derni\u00e8res ann\u00e9es, diverses manifestations culturelles initi\u00e9e par des associations locales int\u00e9ress\u00e9es par la pr\u00e9servation du patrimoine mat\u00e9riel de la r\u00e9gion ainsi que l\u2019antenne\u00a0de l\u2019Union des \u00e9crivains alg\u00e9riens (UEA) apr\u00e8s une large op\u00e9ration de nettoiement, en attendant sa r\u00e9novation pour effacer les multiples d\u00e9gradations subies au fil des ann\u00e9es, a-t-il fait savoir.<\/p>\n<p>T\u00e9moin et m\u00e9moire de l\u2019histoire de la r\u00e9gion, la radio des Oasis repr\u00e9sentait pour la population locale \u00ab\u00a0un v\u00e9ritable centre de rayonnement culturel qui s\u2019impliquait, en d\u00e9pit de la surveillance \u00e9troite des autorit\u00e9s coloniale, dans la protection de l\u2019identit\u00e9 nationale dans toute sa diversit\u00e9 \u00e0 travers ses diff\u00e9rents \u00e9missions et programmes transmis en\u00a0langue arabe, a-t-il ajout\u00e9.<\/p>\n<p>\u00a0La station de Touggourt, raconte-t-il, a retrouv\u00e9 sa vocation apr\u00e8s le recouvrement de la souverainet\u00e9 nationale sur la Radio et la T\u00e9l\u00e9vision alg\u00e9rienne (28 octobre 1962) et est devenue plus \u00e9cout\u00e9e gr\u00e2ce aux efforts consentis des pionniers de la TSF (Transmission sans fil) dans le Sud du pays, tels que Sa\u00efd Bouagga, Abdelkader Belabb\u00e8s et autres qui ont veill\u00e9 \u00e0 assurer la transmission quotidienne des \u00e9missions et programmes culturels, \u00e9ducatifs et religieux de la radio au profit de ses auditeurs jusqu\u2019\u00e0 sa fermeture \u00e0 la mi-ann\u00e9es 70.<\/p>\n<p>\u00a0Pour sa part, le directeur de la Radio alg\u00e9rienne \u00e0 Ouargla, Fodil Hamam, a fait savoir que les n\u00e9gociations sont en cours avec la direction centrale pour cr\u00e9er une annexe \u00e0 Touggourt.<\/p>\n<p>\u00ab\u00a0On est toujours en n\u00e9gociation avec la direction centrale pour cr\u00e9er une annexe \u00e0 Touggourt, \u00e0 l\u2019instar d\u2019installations similaires implant\u00e9es \u00e0 Djanet (Illizi) et In-Salah (Tamanrasset), au titre du plan de red\u00e9ploiement g\u00e9ographique de la Radio alg\u00e9rienne\u00a0\u00bb, a-t-il fait savoir.<\/p>\n<p>\u00a0<\/p>\n<\/div>\n<\/div>\n<p>Auteur:<br \/>\n<a href=\"http:\/\/www.aps.dz\/regions\/85924-ouargla-redonner-a-la-station-historique-de-radiodiffusion-a-touggourt-son-ancien-lustre\">Cliquez ici pour lire l&rsquo;article depuis sa source.<\/a><\/p>\n","protected":false},"excerpt":{"rendered":"<p>OUARGLA, 21 f\u00e9v 2019 (APS) &#8211; Des d\u00e9marches sont entreprises pour redonner \u00e0 la station historique de radiodiffusion de Touggourt (160 km au Nord d\u2019Ouargla) son ancien lustre, apr\u00e8s avoir \u00e9t\u00e9 laiss\u00e9e \u00e0 l\u2019abandon pendant plus de 40 ans, a appris jeudi l\u2019APS aupr\u00e8s des responsables de la commune. Ces d\u00e9marches s\u2019inscrivent dans le cadre [&hellip;]<\/p>\n","protected":false},"author":1790,"featured_media":16059,"comment_status":"closed","ping_status":"closed","sticky":false,"template":"","format":"standard","meta":{"fifu_image_url":"","fifu_image_alt":"","footnotes":""},"categories":[53,76],"tags":[],"class_list":["post-16058","post","type-post","status-publish","format-standard","has-post-thumbnail","hentry","category-algerie","category-regions"],"_links":{"self":[{"href":"https:\/\/linitiative.ca\/International\/wp-json\/wp\/v2\/posts\/16058","targetHints":{"allow":["GET"]}}],"collection":[{"href":"https:\/\/linitiative.ca\/International\/wp-json\/wp\/v2\/posts"}],"about":[{"href":"https:\/\/linitiative.ca\/International\/wp-json\/wp\/v2\/types\/post"}],"author":[{"embeddable":true,"href":"https:\/\/linitiative.ca\/International\/wp-json\/wp\/v2\/users\/1790"}],"replies":[{"embeddable":true,"href":"https:\/\/linitiative.ca\/International\/wp-json\/wp\/v2\/comments?post=16058"}],"version-history":[{"count":0,"href":"https:\/\/linitiative.ca\/International\/wp-json\/wp\/v2\/posts\/16058\/revisions"}],"wp:featuredmedia":[{"embeddable":true,"href":"https:\/\/linitiative.ca\/International\/wp-json\/"}],"wp:attachment":[{"href":"https:\/\/linitiative.ca\/International\/wp-json\/wp\/v2\/media?parent=16058"}],"wp:term":[{"taxonomy":"category","embeddable":true,"href":"https:\/\/linitiative.ca\/International\/wp-json\/wp\/v2\/categories?post=16058"},{"taxonomy":"post_tag","embeddable":true,"href":"https:\/\/linitiative.ca\/International\/wp-json\/wp\/v2\/tags?post=16058"}],"curies":[{"name":"wp","href":"https:\/\/api.w.org\/{rel}","templated":true}]}}