{"id":16062,"date":"2019-02-21T12:06:23","date_gmt":"2019-02-21T17:06:23","guid":{"rendered":"https:\/\/linitiative.ca\/International\/eau-potable-toutes-les-mesures-prises-pour-ameliorer-lalimentation-de-la-wilaya-de-medea\/"},"modified":"2019-02-21T12:06:23","modified_gmt":"2019-02-21T17:06:23","slug":"eau-potable-toutes-les-mesures-prises-pour-ameliorer-lalimentation-de-la-wilaya-de-medea","status":"publish","type":"post","link":"https:\/\/linitiative.ca\/International\/eau-potable-toutes-les-mesures-prises-pour-ameliorer-lalimentation-de-la-wilaya-de-medea\/","title":{"rendered":"Eau potable : Toutes les mesures prises pour am\u00e9liorer l&rsquo;alimentation de la wilaya de M\u00e9d\u00e9a"},"content":{"rendered":"<div>\n<div class=\"K2FeedImage\"><img decoding=\"async\" src=\"http:\/\/www.aps.dz\/media\/k2\/items\/cache\/cd5051849d84741ed725fbb3144b5098_S.jpg\" alt=\"Eau potable : Toutes les mesures prises pour am\u00e9liorer l'alimentation de la wilaya de M\u00e9d\u00e9a\"><\/div>\n<div class=\"K2FeedIntroText\">\n<p>ALGER &#8211; Le ministre des Ressources en eau, Houcine Necib a affirm\u00e9, jeudi \u00e0 Alger, que toutes les mesures avaient \u00e9t\u00e9 prises en vue d&rsquo;am\u00e9liorer l&rsquo;alimentation de la wilaya de M\u00e9d\u00e9a en eau potable.<\/p>\n<\/div>\n<div class=\"K2FeedFullText\">\n<p>La wilaya de M\u00e9d\u00e9a souffre d&rsquo;un \u00ab\u00a0d\u00e9ficit structurel\u00a0\u00bb en mati\u00e8re de ressources en eau, une situation qui a amen\u00e9 le minist\u00e8re de tutelle a consacrer un important programme pour am\u00e9liorer l&rsquo;alimentation de cette r\u00e9gion en eau potable \u00e0 travers, notamment, les infrastructures de mobilisation des eaux situ\u00e9es dans les wilayas limitrophes, a indiqu\u00e9 le ministre en r\u00e9ponse \u00e0 une question du d\u00e9put\u00e9, Rabeh Djedou du Front du militantisme national (FMN), sur les lacunes enregistr\u00e9es au niveau de certaines communes de la wilaya en mati\u00e8re d&rsquo;alimentation en eau potable, lors d&rsquo;une pl\u00e9ni\u00e8re pr\u00e9sid\u00e9e par le pr\u00e9sident de l&rsquo;Assembl\u00e9e populaire nationale (APN), M. Mouad Bouchareb.<\/p>\n<p>Ces infrastructures, notamment le barrage de Ghrib (Ain-Defla), Koudiet Acerdoun (Bouira), le champs de Birine (Djelfa) et la station de pompage de Chiffa ont permis de couvrir 86% des besoins des habitants de la wilaya en eau potable, a fait savoir le ministre, relevant qu&rsquo;en sus des eaux mobilis\u00e9es gr\u00e2ces \u00e0 ces infrastructures, l&rsquo;alimentation en eau potable \u00e0 M\u00e9d\u00e9a s&rsquo;est renforc\u00e9e avec les eaux des petits barrages, des forages et des sources.<\/p>\n<p>S&rsquo;agissant de la question de l&rsquo;envasement des petits barrages, \u00e9voqu\u00e9e par le m\u00eame d\u00e9put\u00e9, le ministre a indiqu\u00e9 que l&rsquo;op\u00e9ration de d\u00e9vasement des barrages \u00e9tant couteuse, le minist\u00e8re a recouru \u00e0 l&rsquo;\u00e9l\u00e9vation du niveau de ces retenues.<\/p>\n<hr>\n<p><em><strong>Lire aussi :\u00a0<a href=\"http:\/\/www.aps.dz\/regions\/85796-bechar-la-problematique-d-exploitation-distribution-et-de-traitement-de-l-eau-en-voie-de-resolution\" target=\"_blank\" rel=\"noopener noreferrer\">La probl\u00e9matique d&rsquo;<span class=\"highlight\">eau<\/span>\u00a0<span class=\"highlight\">potable<\/span>\u00a0\u00e0 Bechar en voie de r\u00e9solution<\/a><\/strong><\/em><\/p>\n<hr>\n<p>M. Necib a fait \u00e9tat, par ailleurs, de quatre (4) \u00e9tudes en cours de pr\u00e9paration afin de doter le parc des barrages de nouvelles infrastructures dont les r\u00e9sultats seront pr\u00e9sent\u00e9s avant la fin de l&rsquo;ann\u00e9e. Ces projets seront programm\u00e9s selon la disponibilit\u00e9 des moyens financiers.<\/p>\n<p>Le co\u00fbt global des projets dont a b\u00e9n\u00e9fici\u00e9 la wilaya, y compris les projets r\u00e9alis\u00e9s, en cours de r\u00e9alisation ou sur le point d&rsquo;\u00eatre lanc\u00e9s s&rsquo;\u00e9l\u00e8ve \u00e0 7 milliards de DA, a rappel\u00e9 le ministre, rappelant qu&rsquo;un montant de 430 millions DA a \u00e9t\u00e9 d\u00e9gag\u00e9 pour appuyer l&rsquo;approvisionnement des r\u00e9gions isol\u00e9es de la wilaya.<\/p>\n<p>Gr\u00e2ce \u00e0 ces efforts, la wilaya de M\u00e9d\u00e9a a enregistr\u00e9 l&rsquo;\u00e9t\u00e9 pass\u00e9 \u00ab\u00a0une nette am\u00e9lioration\u00a0\u00bb en mati\u00e8re d&rsquo;approvisionnement en eau potable, a ajout\u00e9 le ministre, pr\u00e9cisant que 56 communes sur un total de 64 que compte la wilaya ont b\u00e9n\u00e9fici\u00e9 d&rsquo;un approvisionnement quotidien, dont 26 communes ont \u00e9t\u00e9 approvisionn\u00e9es en eau potable 24 H\/24H.<\/p>\n<p>Le ministre a salu\u00e9 les efforts consentis par la police des eaux en mati\u00e8re de lutte contre le ph\u00e9nom\u00e8ne de raccordement anarchique au r\u00e9seau d&rsquo;alimentation en eau, des efforts ayant permis de mettre un terme \u00e0 400 cas dans la wilaya.<\/p>\n<\/div>\n<\/div>\n<p>Auteur:<br \/>\n<a href=\"http:\/\/www.aps.dz\/regions\/85938-eau-potable-toutes-les-mesures-prises-pour-ameliorer-l-alimentation-de-la-wilaya-de-medea\">Cliquez ici pour lire l&rsquo;article depuis sa source.<\/a><\/p>\n","protected":false},"excerpt":{"rendered":"<p>ALGER &#8211; Le ministre des Ressources en eau, Houcine Necib a affirm\u00e9, jeudi \u00e0 Alger, que toutes les mesures avaient \u00e9t\u00e9 prises en vue d&rsquo;am\u00e9liorer l&rsquo;alimentation de la wilaya de M\u00e9d\u00e9a en eau potable. La wilaya de M\u00e9d\u00e9a souffre d&rsquo;un \u00ab\u00a0d\u00e9ficit structurel\u00a0\u00bb en mati\u00e8re de ressources en eau, une situation qui a amen\u00e9 le minist\u00e8re [&hellip;]<\/p>\n","protected":false},"author":1790,"featured_media":16063,"comment_status":"closed","ping_status":"closed","sticky":false,"template":"","format":"standard","meta":{"fifu_image_url":"","fifu_image_alt":"","footnotes":""},"categories":[53,76],"tags":[],"class_list":["post-16062","post","type-post","status-publish","format-standard","has-post-thumbnail","hentry","category-algerie","category-regions"],"_links":{"self":[{"href":"https:\/\/linitiative.ca\/International\/wp-json\/wp\/v2\/posts\/16062","targetHints":{"allow":["GET"]}}],"collection":[{"href":"https:\/\/linitiative.ca\/International\/wp-json\/wp\/v2\/posts"}],"about":[{"href":"https:\/\/linitiative.ca\/International\/wp-json\/wp\/v2\/types\/post"}],"author":[{"embeddable":true,"href":"https:\/\/linitiative.ca\/International\/wp-json\/wp\/v2\/users\/1790"}],"replies":[{"embeddable":true,"href":"https:\/\/linitiative.ca\/International\/wp-json\/wp\/v2\/comments?post=16062"}],"version-history":[{"count":0,"href":"https:\/\/linitiative.ca\/International\/wp-json\/wp\/v2\/posts\/16062\/revisions"}],"wp:featuredmedia":[{"embeddable":true,"href":"https:\/\/linitiative.ca\/International\/wp-json\/"}],"wp:attachment":[{"href":"https:\/\/linitiative.ca\/International\/wp-json\/wp\/v2\/media?parent=16062"}],"wp:term":[{"taxonomy":"category","embeddable":true,"href":"https:\/\/linitiative.ca\/International\/wp-json\/wp\/v2\/categories?post=16062"},{"taxonomy":"post_tag","embeddable":true,"href":"https:\/\/linitiative.ca\/International\/wp-json\/wp\/v2\/tags?post=16062"}],"curies":[{"name":"wp","href":"https:\/\/api.w.org\/{rel}","templated":true}]}}