{"id":16067,"date":"2019-02-21T12:13:07","date_gmt":"2019-02-21T17:13:07","guid":{"rendered":"https:\/\/linitiative.ca\/International\/ryanair-va-ouvrir-une-base-a-toulouse-en-octobre-les-nouvelles-lignes-incluent-oujda-et-tanger\/"},"modified":"2019-02-21T12:13:07","modified_gmt":"2019-02-21T17:13:07","slug":"ryanair-va-ouvrir-une-base-a-toulouse-en-octobre-les-nouvelles-lignes-incluent-oujda-et-tanger","status":"publish","type":"post","link":"https:\/\/linitiative.ca\/International\/ryanair-va-ouvrir-une-base-a-toulouse-en-octobre-les-nouvelles-lignes-incluent-oujda-et-tanger\/","title":{"rendered":"Ryanair va ouvrir une base \u00e0 Toulouse en octobre, les nouvelles lignes incluent Oujda et Tanger"},"content":{"rendered":"<div readability=\"38\">\n<p>La compagnie a\u00e9rienne low cost Ryanair, a annonc\u00e9, mercredi, l\u2019ouverture d\u2019une nouvelle base \u00e0 Toulouse \u00e0 partir d\u2019octobre 2019, avec 11 nouvelles lignes incluant les villes marocaines d\u2019Oujda et Tanger.<\/p>\n<\/div>\n<div readability=\"78\">\n<p>Ce projet, qui s\u2019inscrit dans le cadre du programme d\u2019hiver 2019 de la compagnie irlandaise,\u00a0proposera\u00a020 lignes reliant la ville du sud-ouest de la France \u00e0\u00a07 pays, avec 11 nouveaux itin\u00e9raires en direction de Tanger et Oujda (Maroc),\u00a0Brest,\u00a0Lille, Marseille et Valence (France),\u00a0Alicante (Espagne), Budapest (Hongrie), Palerme (Italie), Porto (Portugal) et une ligne vers Luxembourg, pr\u00e9cise la compagnie sur son portail \u00e9lectronique.<\/p>\n<p>La nouvelle base, qui implantera\u00a02 avions\u00a0\u00e0 Toulouse pour un\u00a0investissement de 200 millions de dollars,\u00a0permettra de cr\u00e9er 60 emplois, entre pilotes et personnels de cabine, et de transporter 1 million de clients par an, ajoute la m\u00eame source.<\/p>\n<p>Les nouveaux itin\u00e9raires seront r\u00e9partis comme suit : Oujda et Tanger (2 vols hebdomadaires),\u00a0Alicante (2),\u00a0Brest (3), Budapest (2),\u00a0Luxembourg (3), Palerme (2), Porto (3), Valence (2),\u00a0Lille et Marseille (1 vol quotidien), d\u00e9taille la compagnie irlandaise.<\/p>\n<p>La base de Toulouse sera la\u00a0troisi\u00e8me installation de Ryanair en France apr\u00e8s celles de Marseille et Bordeaux qui ouvriront en avril prochain.<\/p>\n<p>Ryanair a \u00e9tendu r\u00e9cemment son offre au Maroc au d\u00e9part de diff\u00e9rentes villes comme Marrakech, F\u00e8s et Rabat.<\/p>\n<p>La premi\u00e8re compagnie a\u00e9rienne \u00e0 bas co\u00fbt en Europe vient \u00e9galement de lancer une nouvelle liaison a\u00e9rienne vers Essaouira au d\u00e9part de Marseille.<\/p>\n<\/div>\n<p>Auteur: Soufiane ELAHMAR<br \/>\n<a href=\"http:\/\/www.mapoujda.ma\/fr\/ryanair-va-ouvrir-une-base-a-toulouse-en-octobre-les-nouvelles-lignes-incluent-oujda-et-tanger\/\">Cliquez ici pour lire l&rsquo;article depuis sa source.<\/a><\/p>\n","protected":false},"excerpt":{"rendered":"<p>La compagnie a\u00e9rienne low cost Ryanair, a annonc\u00e9, mercredi, l\u2019ouverture d\u2019une nouvelle base \u00e0 Toulouse \u00e0 partir d\u2019octobre 2019, avec 11 nouvelles lignes incluant les villes marocaines d\u2019Oujda et Tanger. Ce projet, qui s\u2019inscrit dans le cadre du programme d\u2019hiver 2019 de la compagnie irlandaise,\u00a0proposera\u00a020 lignes reliant la ville du sud-ouest de la France \u00e0\u00a07 [&hellip;]<\/p>\n","protected":false},"author":1788,"featured_media":0,"comment_status":"closed","ping_status":"closed","sticky":false,"template":"","format":"standard","meta":{"fifu_image_url":"","fifu_image_alt":"","footnotes":""},"categories":[54,76],"tags":[],"class_list":["post-16067","post","type-post","status-publish","format-standard","hentry","category-maroc","category-regions"],"_links":{"self":[{"href":"https:\/\/linitiative.ca\/International\/wp-json\/wp\/v2\/posts\/16067","targetHints":{"allow":["GET"]}}],"collection":[{"href":"https:\/\/linitiative.ca\/International\/wp-json\/wp\/v2\/posts"}],"about":[{"href":"https:\/\/linitiative.ca\/International\/wp-json\/wp\/v2\/types\/post"}],"author":[{"embeddable":true,"href":"https:\/\/linitiative.ca\/International\/wp-json\/wp\/v2\/users\/1788"}],"replies":[{"embeddable":true,"href":"https:\/\/linitiative.ca\/International\/wp-json\/wp\/v2\/comments?post=16067"}],"version-history":[{"count":0,"href":"https:\/\/linitiative.ca\/International\/wp-json\/wp\/v2\/posts\/16067\/revisions"}],"wp:attachment":[{"href":"https:\/\/linitiative.ca\/International\/wp-json\/wp\/v2\/media?parent=16067"}],"wp:term":[{"taxonomy":"category","embeddable":true,"href":"https:\/\/linitiative.ca\/International\/wp-json\/wp\/v2\/categories?post=16067"},{"taxonomy":"post_tag","embeddable":true,"href":"https:\/\/linitiative.ca\/International\/wp-json\/wp\/v2\/tags?post=16067"}],"curies":[{"name":"wp","href":"https:\/\/api.w.org\/{rel}","templated":true}]}}