{"id":16102,"date":"2019-02-20T18:00:00","date_gmt":"2019-02-20T23:00:00","guid":{"rendered":"https:\/\/linitiative.ca\/International\/ressources-en-eau-et-sante-plusieurs-projets-en-perspective\/"},"modified":"2019-02-20T18:00:00","modified_gmt":"2019-02-20T23:00:00","slug":"ressources-en-eau-et-sante-plusieurs-projets-en-perspective","status":"publish","type":"post","link":"https:\/\/linitiative.ca\/International\/ressources-en-eau-et-sante-plusieurs-projets-en-perspective\/","title":{"rendered":"Ressources en eau et sant\u00e9    :  Plusieurs projets en perspective"},"content":{"rendered":"<p>Le ministre des Ressources en eau, Hocine Necib, a indiqu\u00e9, mardi \u00e0 Djelfa, que les communes de Birine, Messaad et Ain Oussara avaient b\u00e9n\u00e9fici\u00e9 de projets de r\u00e9alisation de stations d&rsquo;\u00e9puration des eaux us\u00e9es. \u00abLa r\u00e9alisation de ces acquis (les stations) sera lanc\u00e9e prochainement notamment que les \u00e9tudes y aff\u00e9rentes ont \u00e9t\u00e9 d\u00e9j\u00e0 finalis\u00e9es\u00bb, a fait savoir M. Necib en marge de sa visite.<\/p>\n<p><strong>Alimentation en eau potable<\/strong><\/p>\n<p>Pour sa part, M. Bedoui s&rsquo;est enquis \u00e0 Hassi Bahbah du probl\u00e8me de l&rsquo;assainissement sanitaire qui requiert de tel projet auquel il accorde un int\u00e9r\u00eat particulier. Dans le cadre de cette visite, la d\u00e9l\u00e9gation minist\u00e9rielle s&rsquo;est enquise du projet d&rsquo;alimentation en eau potable au niveau du chef lieu de la wilaya o\u00f9 un r\u00e9servoir d&rsquo;une capacit\u00e9 de 10.000 m3 a \u00e9t\u00e9 r\u00e9alis\u00e9 dans la localit\u00e9 de Ras Rih (Sdar). Le ministre a instruit les responsables de son secteur \u00e0 l&rsquo;imp\u00e9ratif de r\u00e9ceptionner, mi mars, le projet du champ de Dzira \u00e0 la commune d&rsquo;Ain El Ibel (30 km au sud de la wilaya) pour qu&rsquo;il soit une valeur qualitative dans la hausse des capacit\u00e9s d&rsquo;approvisionnement. Il a insist\u00e9, par ailleurs, sur la n\u00e9cessit\u00e9 d&rsquo;acc\u00e9l\u00e9rer la r\u00e9ception et le suivi des projets, mettant en avant que la wilaya de Djelfa b\u00e9n\u00e9ficiera, \u00e0 l&rsquo;avenir, d&rsquo;un projet de transfert d&rsquo;eau du sud vers les Hauts plateaux. Le d\u00e9gel des projets du secteur a concern\u00e9 11 op\u00e9rations dans cette wilaya, \u00e0 savoir l&rsquo;assainissement et la protection des villes contre les inondations, soit d&rsquo;une valeur de plus de 4 milliards de DA, a fait savoir le ministre. Une enveloppe financi\u00e8re de 2,3 milliards de DA a \u00e9t\u00e9 allou\u00e9e \u00e0 cette wilaya pour l&rsquo;alimentation en eau potable au profit de 6 communes, a ajout\u00e9 le ministre des Ressources en eau.<\/p>\n<p><strong>Lutte contre le cancer : une unit\u00e9 de radioth\u00e9rapie pour bient\u00f4t<\/strong><\/p>\n<p>L&rsquo;Inspecteur g\u00e9n\u00e9ral au minist\u00e8re de la Sant\u00e9, de la Population et de la R\u00e9forme hospitali\u00e8re, Bouredjouane Ameur a r\u00e9v\u00e9l\u00e9 qu&rsquo;il sera proc\u00e9d\u00e9, prochainement dans la wilaya de Djelfa, \u00e0 la r\u00e9alisation d&rsquo;une unit\u00e9 de radioth\u00e9rapie au profit des canc\u00e9reux.<br \/>Dans ses explications concernant l&rsquo;h\u00f4pital de 60 lits, qui a \u00e9t\u00e9 r\u00e9alis\u00e9 dans la commune de Birine et qui a fait l\u2019objet d\u2019une visite du ministre de l&rsquo;Int\u00e9rieur, M. Bouredjouane a affirm\u00e9 que la wilaya avait b\u00e9n\u00e9fici\u00e9 d&rsquo;une unit\u00e9 de radioth\u00e9rapie au profit des canc\u00e9reux pour laquelle une enveloppe financi\u00e8re de l&rsquo;ordre de 2,04 Mds de DA a \u00e9t\u00e9 allou\u00e9e, ajoutant que l&rsquo;unit\u00e9 sera r\u00e9alis\u00e9e au niveau de l&rsquo;h\u00f4pital mixte (civil et militaire de 240 lits) au chef-lieu de wilaya de Djelfa. Le projet, pour lequel il est proc\u00e9d\u00e9 actuellement \u00e0 l&rsquo;ach\u00e8vement des proc\u00e9dures judiciaires, comprend la r\u00e9alisation de la structure de l&rsquo;unit\u00e9 d&rsquo;un montant de 1,7 Mds de DA, alors qu&rsquo;un montant de 350 millions de DA a \u00e9t\u00e9 consacr\u00e9 \u00e0 l&rsquo;acquisition de deux acc\u00e9l\u00e9rateurs lin\u00e9aires dans la radiologie.<br \/>Dans une d\u00e9claration \u00e0 l&rsquo;APS, le directeur de la Sant\u00e9 \u00e0 la wilaya de Djelfa, Mohamed Fellah, a mis l&rsquo;accent sur l&rsquo;importance de cet acquis qui vient s&rsquo;ajouter aux deux autres acquis importants dont la wilaya a b\u00e9n\u00e9fici\u00e9 notamment le service de chirurgie et l&rsquo;unit\u00e9 de chimioth\u00e9rapie. Recevant les informations relatives au projet de l&rsquo;h\u00f4pital de 60 lits, M. Bedoui a mis l&rsquo;accent sur l&rsquo;imp\u00e9ratif de le mettre en service en avril prochain, soulignant que la d\u00e9cision de cr\u00e9ation de ce type de structures ne constitue pas un handicap puisqu&rsquo;il est pris en charge de fa\u00e7on centralis\u00e9e. Par ailleurs, M. Bedoui a indiqu\u00e9 qu&rsquo;il avait donn\u00e9 des instructions aux walis pour la prise en charge de toutes les pr\u00e9occupations des encadreurs, des m\u00e9decins, des sp\u00e9cialistes et des sp\u00e9cialistes r\u00e9sidants notamment dans les wilayas de l&rsquo;int\u00e9rieur, des Hauts Plateaux et du Sud, mettant l&rsquo;accent, \u00e9galement, sur l&rsquo;imp\u00e9ratif de mobiliser tous les moyens afin de leur assurer les meilleures conditions et ce suite aux instructions du Pr\u00e9sident de la R\u00e9publique, Abdelaziz Bouteflika. \u00abFace \u00e0 la r\u00e9alisation de telles structures pour lesquelles plusieurs milliards sont d\u00e9pens\u00e9s, les responsables doivent leur fournir de meilleures conditions de travail\u00bb, a-t-il ajout\u00e9.<\/p>\n<p>Auteur: elmoudjahid<br \/>\n<a href=\"http:\/\/www.elmoudjahid.com\/fr\/actualites\/133981\">Cliquez ici pour lire l&rsquo;article depuis sa source.<\/a><\/p>\n","protected":false},"excerpt":{"rendered":"<p>Le ministre des Ressources en eau, Hocine Necib, a indiqu\u00e9, mardi \u00e0 Djelfa, que les communes de Birine, Messaad et Ain Oussara avaient b\u00e9n\u00e9fici\u00e9 de projets de r\u00e9alisation de stations d&rsquo;\u00e9puration des eaux us\u00e9es. \u00abLa r\u00e9alisation de ces acquis (les stations) sera lanc\u00e9e prochainement notamment que les \u00e9tudes y aff\u00e9rentes ont \u00e9t\u00e9 d\u00e9j\u00e0 finalis\u00e9es\u00bb, a [&hellip;]<\/p>\n","protected":false},"author":1744,"featured_media":0,"comment_status":"closed","ping_status":"closed","sticky":false,"template":"","format":"standard","meta":{"fifu_image_url":"","fifu_image_alt":"","footnotes":""},"categories":[73,53],"tags":[],"class_list":["post-16102","post","type-post","status-publish","format-standard","hentry","category-actualite","category-algerie"],"_links":{"self":[{"href":"https:\/\/linitiative.ca\/International\/wp-json\/wp\/v2\/posts\/16102","targetHints":{"allow":["GET"]}}],"collection":[{"href":"https:\/\/linitiative.ca\/International\/wp-json\/wp\/v2\/posts"}],"about":[{"href":"https:\/\/linitiative.ca\/International\/wp-json\/wp\/v2\/types\/post"}],"author":[{"embeddable":true,"href":"https:\/\/linitiative.ca\/International\/wp-json\/wp\/v2\/users\/1744"}],"replies":[{"embeddable":true,"href":"https:\/\/linitiative.ca\/International\/wp-json\/wp\/v2\/comments?post=16102"}],"version-history":[{"count":0,"href":"https:\/\/linitiative.ca\/International\/wp-json\/wp\/v2\/posts\/16102\/revisions"}],"wp:attachment":[{"href":"https:\/\/linitiative.ca\/International\/wp-json\/wp\/v2\/media?parent=16102"}],"wp:term":[{"taxonomy":"category","embeddable":true,"href":"https:\/\/linitiative.ca\/International\/wp-json\/wp\/v2\/categories?post=16102"},{"taxonomy":"post_tag","embeddable":true,"href":"https:\/\/linitiative.ca\/International\/wp-json\/wp\/v2\/tags?post=16102"}],"curies":[{"name":"wp","href":"https:\/\/api.w.org\/{rel}","templated":true}]}}