{"id":16103,"date":"2019-02-20T18:00:00","date_gmt":"2019-02-20T23:00:00","guid":{"rendered":"https:\/\/linitiative.ca\/International\/bidonville-zaria-vers-une-eradication-definitive\/"},"modified":"2019-02-20T18:00:00","modified_gmt":"2019-02-20T23:00:00","slug":"bidonville-zaria-vers-une-eradication-definitive","status":"publish","type":"post","link":"https:\/\/linitiative.ca\/International\/bidonville-zaria-vers-une-eradication-definitive\/","title":{"rendered":"Bidonville Zaria : Vers une \u00e9radication d\u00e9finitive"},"content":{"rendered":"<p>Le ministre de l&rsquo;Int\u00e9rieur a affirm\u00e9 qu&rsquo;\u00abil sera proc\u00e9d\u00e9 \u00e0 l&rsquo;\u00e9radication d\u00e9finitive du bidonville \u00abZaria\u00bb dans le cadre des lois de la R\u00e9publique\u00bb.<br \/>S&rsquo;exprimant en marge de l&rsquo;inauguration d&rsquo;importantes structures au niveau du p\u00f4le urbain Houari-Boumediene, M. Bedoui a fait savoir qu&rsquo;il avait \u00abdonn\u00e9 de fermes instructions aux autorit\u00e9s locales afin d&rsquo;\u00e9liminer de mani\u00e8re d\u00e9finitive ce bidonville qui a \u00e9t\u00e9 d\u00e9j\u00e0 \u00e9radiqu\u00e9 en 2012 avant d&rsquo;\u00e9merger \u00e0 nouveau et d&rsquo;\u00eatre exploit\u00e9 de mani\u00e8re ill\u00e9gale par certains. \u00abNous avons tous les moyens de contr\u00f4le qui nous permettent d&rsquo;\u00e9tudier la situation dans ce quartier en collaboration avec les vrais habitants\u00bb, a assur\u00e9 M. Bedoui qui a affirm\u00e9 qu&rsquo;il sera proc\u00e9d\u00e9 \u00e0 l&rsquo;\u00e9limination de ce bidonville avec la participation des concern\u00e9s. \u00abLes efforts se poursuivent pour introduire les autres quartiers dans les programmes existant\u00bb, a rassur\u00e9 le premier responsable du secteur.<br \/>Evoquant le dossier du logement social dont l&rsquo;\u00e9tude est assur\u00e9e par les commissions de daira, le ministre a soulign\u00e9 que les projets de logement achev\u00e9s et dot\u00e9s de toutes les structures n\u00e9cessaires \u00abdoivent \u00eatre distribu\u00e9s \u00e0 leurs destinataires\u00bb. M. Bedoui a proc\u00e9d\u00e9, ensuite, avec les ministres des Ressources en eaux, Hocine Necib, et des Travaux publics et des transports, Abdelghani Zaalane, \u00e0 la distribution de quelques d\u00e9cisions d&rsquo;octroi de terrain dans des lotissements sociaux. La d\u00e9l\u00e9gation minist\u00e9rielle a inspect\u00e9, en outre, le projet de r\u00e9alisation d&rsquo;un ch\u00e2teau d&rsquo;eau d&rsquo;une capacit\u00e9 de 10.000 m3 visant \u00e0 renforcer la distribution d&rsquo;eau potable au profit de la wilaya de Djelfa \u00e0 partir de la station Sdar \u00e0 20 km du sud de la wilaya. Il a \u00e9t\u00e9 proc\u00e9d\u00e9, aussi, \u00e0 l&rsquo;inauguration du service des urgences \u00e0 l&rsquo;h\u00f4pital du Moudjahid Boubakar Hathat \u2014mixte civil-militaire\u00ad\u2014 (chef lieu de la wilaya), un acquis qui renforce davantage les services sanitaires.<br \/>\u00a0<\/p>\n<p>Auteur: elmoudjahid<br \/>\n<a href=\"http:\/\/www.elmoudjahid.com\/fr\/actualites\/133982\">Cliquez ici pour lire l&rsquo;article depuis sa source.<\/a><\/p>\n","protected":false},"excerpt":{"rendered":"<p>Le ministre de l&rsquo;Int\u00e9rieur a affirm\u00e9 qu&rsquo;\u00abil sera proc\u00e9d\u00e9 \u00e0 l&rsquo;\u00e9radication d\u00e9finitive du bidonville \u00abZaria\u00bb dans le cadre des lois de la R\u00e9publique\u00bb.S&rsquo;exprimant en marge de l&rsquo;inauguration d&rsquo;importantes structures au niveau du p\u00f4le urbain Houari-Boumediene, M. Bedoui a fait savoir qu&rsquo;il avait \u00abdonn\u00e9 de fermes instructions aux autorit\u00e9s locales afin d&rsquo;\u00e9liminer de mani\u00e8re d\u00e9finitive ce [&hellip;]<\/p>\n","protected":false},"author":1744,"featured_media":0,"comment_status":"closed","ping_status":"closed","sticky":false,"template":"","format":"standard","meta":{"fifu_image_url":"","fifu_image_alt":"","footnotes":""},"categories":[73,53],"tags":[],"class_list":["post-16103","post","type-post","status-publish","format-standard","hentry","category-actualite","category-algerie"],"_links":{"self":[{"href":"https:\/\/linitiative.ca\/International\/wp-json\/wp\/v2\/posts\/16103","targetHints":{"allow":["GET"]}}],"collection":[{"href":"https:\/\/linitiative.ca\/International\/wp-json\/wp\/v2\/posts"}],"about":[{"href":"https:\/\/linitiative.ca\/International\/wp-json\/wp\/v2\/types\/post"}],"author":[{"embeddable":true,"href":"https:\/\/linitiative.ca\/International\/wp-json\/wp\/v2\/users\/1744"}],"replies":[{"embeddable":true,"href":"https:\/\/linitiative.ca\/International\/wp-json\/wp\/v2\/comments?post=16103"}],"version-history":[{"count":0,"href":"https:\/\/linitiative.ca\/International\/wp-json\/wp\/v2\/posts\/16103\/revisions"}],"wp:attachment":[{"href":"https:\/\/linitiative.ca\/International\/wp-json\/wp\/v2\/media?parent=16103"}],"wp:term":[{"taxonomy":"category","embeddable":true,"href":"https:\/\/linitiative.ca\/International\/wp-json\/wp\/v2\/categories?post=16103"},{"taxonomy":"post_tag","embeddable":true,"href":"https:\/\/linitiative.ca\/International\/wp-json\/wp\/v2\/tags?post=16103"}],"curies":[{"name":"wp","href":"https:\/\/api.w.org\/{rel}","templated":true}]}}