{"id":16104,"date":"2019-02-20T18:00:00","date_gmt":"2019-02-20T23:00:00","guid":{"rendered":"https:\/\/linitiative.ca\/International\/presidentielle-2019-effervescence\/"},"modified":"2019-02-20T18:00:00","modified_gmt":"2019-02-20T23:00:00","slug":"presidentielle-2019-effervescence","status":"publish","type":"post","link":"https:\/\/linitiative.ca\/International\/presidentielle-2019-effervescence\/","title":{"rendered":"Pr\u00e9sidentielle 2019 : Effervescence"},"content":{"rendered":"<p><strong>Apr\u00e8s plusieurs rencontres avec les organisations de masse, M. Abdelmalek Sellal, directeur de campagne\u00a0 du candidat M. Bouteflika pour la prochaine pr\u00e9sidentielle, s\u2019est concert\u00e9, mardi dernier, avec les dirigeants des quatre partis de l\u2019alliance pr\u00e9sidentielle (FLN, RND, TAJ et MPA).<\/strong><\/p>\n<p>Cette concertation est la premi\u00e8re du genre depuis la d\u00e9signation de M. Sellal \u00e0 la t\u00eate de la permanence \u00e9lectorale de M. Bouteflika. Sa rencontre avec les quatre responsables des partis, respectivement M. Mouad Bouchareb, coordonnateur de l\u2019instance dirigeante du FLN, M. Ahmed Ouyahia, secr\u00e9taire g\u00e9n\u00e9ral du RND, M. Amar\u00a0 Ghoul, pr\u00e9sident de TAJ et M. Amara Benyoun\u00e8s, pr\u00e9sident du MPA, a eu lieu au si\u00e8ge de ladite permanence \u00e9lectorale. Selon des sources cr\u00e9dibles, son ordre du jour a port\u00e9 essentiellement sur l\u2019\u00e9laboration d\u2019une strat\u00e9gie commune en pr\u00e9vision de la prochaine campagne \u00e9lectorale. A l\u2019\u00e9vidence, la part du lion de cette strat\u00e9gie \u00e9lectorale traitera du bilan des r\u00e9alisations multiples dont l\u2019Alg\u00e9rie a b\u00e9n\u00e9fici\u00e9 dans plusieurs domaines sous la gouvernance de Pr\u00e9sident de la R\u00e9publique depuis 1999. Chose que M. Sellal a d\u2019ailleurs publiquement annonc\u00e9, jeudi dernier, \u00e0 partir de si\u00e8ge de la Centrale syndicale o\u00f9 il a \u00e9t\u00e9 re\u00e7u le SG de l\u2019UGTA, M. Abdelmadjid Sidi Sa\u00efd, en pr\u00e9sence des responsables des f\u00e9d\u00e9rations affili\u00e9es.<br \/>\u00abNous sommes fiers du niveau de d\u00e9veloppement atteint par l\u2019Alg\u00e9rie dans tous les domaines et nous voulons permettre au Pr\u00e9sident de poursuivre son \u0153uvre\u00bb, a-t-il en effet soutenu dans son allocution prononc\u00e9e \u00e0 l\u2019occasion avant de s\u2019engager \u00e0 livrer dans les d\u00e9tails le bilan chiffr\u00e9 des actions men\u00e9es dans le cadre de la mise en application des programmes successifs initi\u00e9s par le Pr\u00e9sident de la R\u00e9publique et qui se traduisent par de multiples acquis et r\u00e9alisations. De leur c\u00f4t\u00e9, les partis de l\u2019Alliance pr\u00e9sidentielle sont d\u00e9termin\u00e9s, eux aussi, \u00e0 ne m\u00e9nager aucun effort pour faire aboutir, \u00e0 l\u2019occasion du prochain rendez-vous, le projet de la continuit\u00e9 de la gouvernance du Pr\u00e9sident de la R\u00e9publique. En atteste, \u00e0 juste titre, l\u2019effort conjugu\u00e9 qui anime ce regroupement politique dans le cadre des collectes de signatures en faveur de M. Bouteflika.<br \/>\u00a0\u00a0\u00a0\u00a0 Outre la coordination avec la permanence dirig\u00e9e par l\u2019ancien Premier ministre, les partis de l\u2019Alliance ont proc\u00e9d\u00e9 \u00e0 l\u2019installation de leurs instances internes charg\u00e9es de\u00a0 la pr\u00e9paration de la prochaine campagne \u00e9lectorale. C\u2019est le cas du FLN, dont la direction de campagne install\u00e9e tout r\u00e9cemment est pr\u00e9sid\u00e9e par M. Mouad\u00a0 Bouchareb. Idem pour ce qui est du parti TAJ, dont son pr\u00e9sident Amar Ghoul a d\u00e9j\u00e0 sillonn\u00e9 certaines r\u00e9gions du pays o\u00f9 il anim\u00e9e des manifestations de sensibilisation en faveur de la continuit\u00e9 de la gouvernance de M.\u2008Bouteflika.<\/p>\n<p><strong>M. Ouyahia\u00a0: \u00ab Appel \u00e0 la mobilisation. \u00bb<\/strong><br \/>\u00a0<br \/>Pour sa part, le SG du RND, M. Ahmed\u00a0 Ouyahia a adress\u00e9 hier un message, sur la page facebook du parti, aux militants de son parti les sollicitant \u00e0 se mobiliser pour soutenir la candidature du Pr\u00e9sident Bouteflika \u00e0 la pr\u00e9sidentielle du 18 avril.<br \/>\u00abNous devons mobiliser toutes les capacit\u00e9s et les \u00e9nergies du Rassemblement national d\u00e9mocratique pour soutenir le moudjahid Abdelaziz Bouteflika et contribuer \u00e0 sa r\u00e9\u00e9lection pour un nouveau mandat pr\u00e9sidentiel afin de garantir la continuit\u00e9 de processus de l\u2019\u00e9dification de l\u2019Alg\u00e9rie et de son d\u00e9veloppement\u00bb, \u00e9crit en effet M. Ouyahia dans un message adress\u00e9 aux militants \u00e0 l\u2019occasion de la c\u00e9l\u00e9bration du 22e anniversaire de la cr\u00e9ation de son parti, correspondant \u00e0 la date du 21 f\u00e9vrier.<br \/>Par la m\u00eame occasion, le SG du RND a aussi demand\u00e9 aux militants du parti de s\u2019impliquer dans la sensibilisation des citoyens au sujet des grands d\u00e9fis que le pays est tenu \u00e0 relever sur divers plans dans les ann\u00e9es \u00e0 venir. M. Ouyahia a aussi mis l\u2019accent dans son message sur l\u2019utilit\u00e9 de recourir aux nouvelles technologies et\u00a0 la\u00a0 n\u00e9cessit\u00e9 d\u2019investir les r\u00e9seaux sociaux pour mieux vulgariser les activit\u00e9s internes du parti. Mobilisation et sensibilisation sont en effet les ma\u00eetres-mots qui caract\u00e9risent les partisans de la continuit\u00e9 dans\u00a0 le cadre des pr\u00e9paratifs intenses en pr\u00e9vision de la prochaine campagne \u00e9lectorale.<br \/>Dans cette optique, nul ne doute que le directeur de campagne de M. Bouteflika a d\u00e9j\u00e0 inscrit sur son agenda d\u2019autres rencontres avec les organisations de la soci\u00e9t\u00e9 civile. Selon des sources concordantes, M. Sellal devra rencontrer aujourd\u2019hui les directeurs de wilayas charg\u00e9s de la campagne \u00e9lectorale au profit\u00a0 de M. Bouteflika.<br \/>\u00a0Karim Aoudia\u00a0\u00a0\u00a0 \u00a0<br \/>\u00a0<\/p>\n<p>Auteur: elmoudjahid<br \/>\n<a href=\"http:\/\/www.elmoudjahid.com\/fr\/actualites\/133983\">Cliquez ici pour lire l&rsquo;article depuis sa source.<\/a><\/p>\n","protected":false},"excerpt":{"rendered":"<p>Apr\u00e8s plusieurs rencontres avec les organisations de masse, M. Abdelmalek Sellal, directeur de campagne\u00a0 du candidat M. Bouteflika pour la prochaine pr\u00e9sidentielle, s\u2019est concert\u00e9, mardi dernier, avec les dirigeants des quatre partis de l\u2019alliance pr\u00e9sidentielle (FLN, RND, TAJ et MPA). Cette concertation est la premi\u00e8re du genre depuis la d\u00e9signation de M. Sellal \u00e0 la [&hellip;]<\/p>\n","protected":false},"author":1744,"featured_media":0,"comment_status":"closed","ping_status":"closed","sticky":false,"template":"","format":"standard","meta":{"fifu_image_url":"","fifu_image_alt":"","footnotes":""},"categories":[73,53],"tags":[],"class_list":["post-16104","post","type-post","status-publish","format-standard","hentry","category-actualite","category-algerie"],"_links":{"self":[{"href":"https:\/\/linitiative.ca\/International\/wp-json\/wp\/v2\/posts\/16104","targetHints":{"allow":["GET"]}}],"collection":[{"href":"https:\/\/linitiative.ca\/International\/wp-json\/wp\/v2\/posts"}],"about":[{"href":"https:\/\/linitiative.ca\/International\/wp-json\/wp\/v2\/types\/post"}],"author":[{"embeddable":true,"href":"https:\/\/linitiative.ca\/International\/wp-json\/wp\/v2\/users\/1744"}],"replies":[{"embeddable":true,"href":"https:\/\/linitiative.ca\/International\/wp-json\/wp\/v2\/comments?post=16104"}],"version-history":[{"count":0,"href":"https:\/\/linitiative.ca\/International\/wp-json\/wp\/v2\/posts\/16104\/revisions"}],"wp:attachment":[{"href":"https:\/\/linitiative.ca\/International\/wp-json\/wp\/v2\/media?parent=16104"}],"wp:term":[{"taxonomy":"category","embeddable":true,"href":"https:\/\/linitiative.ca\/International\/wp-json\/wp\/v2\/categories?post=16104"},{"taxonomy":"post_tag","embeddable":true,"href":"https:\/\/linitiative.ca\/International\/wp-json\/wp\/v2\/tags?post=16104"}],"curies":[{"name":"wp","href":"https:\/\/api.w.org\/{rel}","templated":true}]}}