{"id":16110,"date":"2019-02-20T18:00:00","date_gmt":"2019-02-20T23:00:00","guid":{"rendered":"https:\/\/linitiative.ca\/International\/algerie-cuba-ameliorer-la-qualite-des-services-de-sante\/"},"modified":"2019-02-20T18:00:00","modified_gmt":"2019-02-20T23:00:00","slug":"algerie-cuba-ameliorer-la-qualite-des-services-de-sante","status":"publish","type":"post","link":"https:\/\/linitiative.ca\/International\/algerie-cuba-ameliorer-la-qualite-des-services-de-sante\/","title":{"rendered":"Alg\u00e9rie &#8211; Cuba : Am\u00e9liorer la qualit\u00e9 des services de sant\u00e9"},"content":{"rendered":"<p><strong>Dans le cadre de la 22e session de la Commission mixte intergouvernementale de la coop\u00e9ration \u00e9conomique, commerciale, scientifique, technique\u00a0 et culturelle entre l&rsquo;Alg\u00e9rie et la R\u00e9publique de Cuba, une r\u00e9union au niveau des experts se tient, du 19 au 21 f\u00e9vrier, a indiqu\u00e9, hier, un communiqu\u00e9 du minist\u00e8re de la Sant\u00e9, de la Population et de la R\u00e9forme hospitali\u00e8re.<\/strong><\/p>\n<p>Cette r\u00e9union s&rsquo;est d\u00e9roul\u00e9e sous forme d&rsquo;ateliers, dont le premier a \u00e9t\u00e9 consacr\u00e9 aux discussions des deux parties sur les voies et moyens de d\u00e9velopper le cadre de coop\u00e9ration bilat\u00e9rale dans le domaine de la sant\u00e9, en vue d&rsquo;am\u00e9liorer la qualit\u00e9 des services de sant\u00e9 fournis par les \u00e9quipes m\u00e9dicales cubaines pr\u00e9sentes dans les Hauts Plateaux et le Sud du pays, a pr\u00e9cis\u00e9 le communiqu\u00e9. Les deux parties ont discut\u00e9 \u00e9galement de nouveaux domaines d&rsquo;int\u00e9r\u00eat commun pour la coop\u00e9ration en mati\u00e8re de sant\u00e9. Le deuxi\u00e8me atelier a \u00e9t\u00e9 d\u00e9di\u00e9, selon la m\u00eame source, \u00e0 la coop\u00e9ration de la partie cubaine avec les autres secteurs minist\u00e9riels, tels que la Jeunesse et les Sports, le Commerce, l&rsquo;Environnement, les Ressources en eau, les Finances, et l&rsquo;Agriculture, au cours duquel repr\u00e9sentants et experts des deux parties ont abord\u00e9 les domaines d&rsquo;int\u00e9r\u00eat commun, a ajout\u00e9 le communiqu\u00e9.<\/p>\n<p><strong>Approvisionnement en p\u00e9trole et produits d\u00e9riv\u00e9s<\/strong><\/p>\n<p>Le ministre de l\u2019Energie, Mustapha Guitouni, a re\u00e7u, hier, le ministre cubain du Commerce ext\u00e9rieur et de l\u2019Investissement \u00e9tranger, Rodrigo Malmierca Diaz, avec lequel il a \u00e9voqu\u00e9 les opportunit\u00e9s d&rsquo;investissement dans le domaine de l&rsquo;\u00e9nergie, a indiqu\u00e9 son d\u00e9partement minist\u00e9riel dans un communiqu\u00e9. Durant leur entretien, les deux ministres ont pass\u00e9 en revue l\u2019\u00e9tat des relations de coop\u00e9ration et de partenariat entre l\u2019Alg\u00e9rie et Cuba, notamment dans le secteur \u00e9nerg\u00e9tique, dont les hydrocarbures, ainsi que les perspectives de leur renforcement. Dans ce sens, ils se sont \u00e9galement dits \u00absatisfaits de la mise en \u0153uvre des contrats d\u2019approvisionnement de Cuba en p\u00e9trole brut et produits d\u00e9riv\u00e9s \u00e0 partir de l\u2019Alg\u00e9rie\u00bb, pr\u00e9cise le communiqu\u00e9. En outre, les deux parties ont confirm\u00e9 leur volont\u00e9 d\u2019\u00e9largir la coop\u00e9ration entre les deux pays \u00e0 d\u2019autres domaines, notamment les \u00e9nergies renouvelables et l\u2019efficacit\u00e9 \u00e9nerg\u00e9tique. Ils ont \u00e9galement relev\u00e9 les opportunit\u00e9s et possibilit\u00e9s d\u2019investissement et de partenariat et ont particuli\u00e8rement insist\u00e9 sur le volet li\u00e9 \u00e0 la formation des ressources humaines et \u00e0 l\u2019\u00e9change d\u2019expertise.<\/p>\n<p><strong>Chimie, pharmacie et mines au programme<\/strong><\/p>\n<p>Le ministre de l\u2019Industrie et des Mines, Youcef Yousfi, a lui aussi re\u00e7u le ministre cubain, avec lequel il a \u00e9voqu\u00e9 les perspectives du renforcement du partenariat industriel, a indiqu\u00e9 le minist\u00e8re dans un communiqu\u00e9. Soulignant l&rsquo;excellence des relations politiques entre l&rsquo;Alg\u00e9rie et Cuba, les deux ministres ont eu un \u00e9change de vue sur les possibilit\u00e9s de renforcement de la coop\u00e9ration bilat\u00e9rale dans de nombreux domaines industriels et miniers, a indiqu\u00e9 la m\u00eame source. A cette occasion, M. Yousfi a mis en exergue les avanc\u00e9es r\u00e9alis\u00e9es par l&rsquo;industrie alg\u00e9rienne, notamment dans les domaines de la sid\u00e9rurgie, les mat\u00e9riaux de construction, l&rsquo;\u00e9lectronique, l&rsquo;industrie pharmaceutique ou encore dans l&rsquo;industrie m\u00e9canique et automobile \u00abqui commence aujourd&rsquo;hui \u00e0 se d\u00e9velopper\u00bb. Affichant la disponibilit\u00e9 de l&rsquo;Alg\u00e9rie \u00e0 diversifier le partenariat industriel avec la Havane, le ministre a sugg\u00e9r\u00e9 \u00e0 la partie cubaine de d\u00e9velopper des partenariats dans divers domaines, notamment ceux de la chimie, de l&rsquo;industrie pharmaceutique et des mines. De son c\u00f4t\u00e9, le ministre cubain a exprim\u00e9 la volont\u00e9 de son pays \u00e0 diversifier ses partenaires \u00e9conomiques, appelant \u00e0 d\u00e9velopper des projets profitables et utiles pour les deux parties. Il a soulign\u00e9, dans ce sens, les nombreuses opportunit\u00e9s de coop\u00e9ration existantes entre les deux pays, notamment dans la fabrication du m\u00e9dicament et le transfert de technologie dans le domaine de l&rsquo;industrie pharmaceutique.<\/p>\n<p><strong>Ressources en eau : \u00e9change d\u2019exp\u00e9riences<\/strong><\/p>\n<p>Le ministre des Ressources en eau, Hocine Necib, a \u00e9galement re\u00e7u le ministre cubain. Au centre des discussions, \u00abla volont\u00e9 des deux parties de d\u00e9velopper la coop\u00e9ration bilat\u00e9rale dans le domaine des Ressources en eau, \u00e0 travers l\u2019assistance technique et l\u2019\u00e9change d\u2019exp\u00e9riences\u00bb. A cet effet, M. Necib a exprim\u00e9 son souhait de reconduire le m\u00e9morandum d\u2019entente qui lie les deux pays dans le domaine des ressources en eau, et qui arrive \u00e0 terme, et d\u2019\u00e9largir les axes de coop\u00e9ration pour faire b\u00e9n\u00e9ficier d\u2019autres \u00e9tablissements sous tutelle du minist\u00e8re des Ressources en eau de l\u2019expertise cubaine. Pour sa part, M. Malmierca Diaz a fait part de la disposition de son pays \u00e0 accompagner le d\u00e9veloppement du secteur en mettant \u00e0 sa disposition le savoir-faire, l\u2019exp\u00e9rience et l\u2019expertise dont dispose Cuba.<br \/>Pour rappel, le ministre cubain conduit une d\u00e9l\u00e9gation pour participer \u00e0 la 22e session de la Commission mixte.<\/p>\n<p>Auteur: elmoudjahid<br \/>\n<a href=\"http:\/\/www.elmoudjahid.com\/fr\/actualites\/133989\">Cliquez ici pour lire l&rsquo;article depuis sa source.<\/a><\/p>\n","protected":false},"excerpt":{"rendered":"<p>Dans le cadre de la 22e session de la Commission mixte intergouvernementale de la coop\u00e9ration \u00e9conomique, commerciale, scientifique, technique\u00a0 et culturelle entre l&rsquo;Alg\u00e9rie et la R\u00e9publique de Cuba, une r\u00e9union au niveau des experts se tient, du 19 au 21 f\u00e9vrier, a indiqu\u00e9, hier, un communiqu\u00e9 du minist\u00e8re de la Sant\u00e9, de la Population et [&hellip;]<\/p>\n","protected":false},"author":1744,"featured_media":0,"comment_status":"closed","ping_status":"closed","sticky":false,"template":"","format":"standard","meta":{"fifu_image_url":"","fifu_image_alt":"","footnotes":""},"categories":[73,53],"tags":[],"class_list":["post-16110","post","type-post","status-publish","format-standard","hentry","category-actualite","category-algerie"],"_links":{"self":[{"href":"https:\/\/linitiative.ca\/International\/wp-json\/wp\/v2\/posts\/16110","targetHints":{"allow":["GET"]}}],"collection":[{"href":"https:\/\/linitiative.ca\/International\/wp-json\/wp\/v2\/posts"}],"about":[{"href":"https:\/\/linitiative.ca\/International\/wp-json\/wp\/v2\/types\/post"}],"author":[{"embeddable":true,"href":"https:\/\/linitiative.ca\/International\/wp-json\/wp\/v2\/users\/1744"}],"replies":[{"embeddable":true,"href":"https:\/\/linitiative.ca\/International\/wp-json\/wp\/v2\/comments?post=16110"}],"version-history":[{"count":0,"href":"https:\/\/linitiative.ca\/International\/wp-json\/wp\/v2\/posts\/16110\/revisions"}],"wp:attachment":[{"href":"https:\/\/linitiative.ca\/International\/wp-json\/wp\/v2\/media?parent=16110"}],"wp:term":[{"taxonomy":"category","embeddable":true,"href":"https:\/\/linitiative.ca\/International\/wp-json\/wp\/v2\/categories?post=16110"},{"taxonomy":"post_tag","embeddable":true,"href":"https:\/\/linitiative.ca\/International\/wp-json\/wp\/v2\/tags?post=16110"}],"curies":[{"name":"wp","href":"https:\/\/api.w.org\/{rel}","templated":true}]}}