{"id":16111,"date":"2019-02-20T18:00:00","date_gmt":"2019-02-20T23:00:00","guid":{"rendered":"https:\/\/linitiative.ca\/International\/creation-dune-agence-nationale-chargee-de-la-qualite-une-necessite-vitale\/"},"modified":"2019-02-20T18:00:00","modified_gmt":"2019-02-20T23:00:00","slug":"creation-dune-agence-nationale-chargee-de-la-qualite-une-necessite-vitale","status":"publish","type":"post","link":"https:\/\/linitiative.ca\/International\/creation-dune-agence-nationale-chargee-de-la-qualite-une-necessite-vitale\/","title":{"rendered":"Cr\u00e9ation d\u2019une Agence nationale charg\u00e9e de la qualit\u00e9 :  Une n\u00e9cessit\u00e9 vitale"},"content":{"rendered":"<p>\u00abIl est urgent que l\u2019accr\u00e9ditation endosse son uniforme d\u2019obligation\u00bb. Prononc\u00e9s par le directeur g\u00e9n\u00e9ral d\u2019Algerac, ces mots, formul\u00e9s sous forme de cri de c\u0153ur, voient leur coefficient se multiplier. Dans un franc-parler qui lui est coutumier, Noureddine Boudissa appelle \u00e0 la \u00abcr\u00e9ation d\u2019une agence nationale charg\u00e9e de la qualit\u00e9, laquelle aura un caract\u00e8re autonome, souverain, qui lui permettra d\u2019imposer \u00e0 tous les acteurs une ligne de conduite\u00bb. Outre les moyens n\u00e9cessaires, explique notre vis-\u00e0-vis avec force arguments, \u00abil est primordial que cette entit\u00e9 dispose de pr\u00e9rogatives lui permettant d\u2019avoir un droit de regard sur tout ce qui se fait dans le domaine\u00bb. Une entit\u00e9 qui aura un \u00abint\u00e9r\u00eat strat\u00e9gique\u00bb pour le d\u00e9veloppement \u00e9conomique et, par ricochet, commercial du pays. Ce \u00abplan Marshall\u00bb, que M. Boudissa pr\u00e9conise, devra \u00abrepenser\u00bb, pour reprendre ses termes, l\u2019infrastructure qualit\u00e9 alg\u00e9rienne et permettre \u00e0 l\u2019\u00e9conomie nationale de se mettre aux standards internationaux. Dans cette optique, Algerac, soutient son premier responsable, apportera sa contribution et son capital exp\u00e9rience afin d\u2019aider tous les laboratoires publics et priv\u00e9s\u00a0 \u00e0 s\u2019inscrire dans cette in\u00e9luctable d\u00e9marche d\u2019accr\u00e9ditation. D\u2019autre part, M. Boudissa explique que repenser l\u2019infrastructure qualit\u00e9 ne signifie pas \u00abfreiner\u00bb, mais \u00abcontr\u00f4ler toutes les op\u00e9rations d\u2019importation afin d\u2019apporter les assurances n\u00e9cessaires au consommateur\u00bb. Encha\u00eenant, il pr\u00e9cise que l\u2019infrastructure qualit\u00e9 \u00abjouera son r\u00f4le de r\u00e9gulateur\u00bb. Pour ce faire, s\u2019imposent, aux yeux de notre interlocuteur, un \u00abtoilettage\u00bb et \u00abune mise \u00e0 niveau de la r\u00e9glementation en l\u2019adaptant aux nouveaux d\u00e9fis\u00bb. Une d\u00e9marche qui n\u00e9cessitera \u00e9galement d\u2019associer les op\u00e9rateurs \u00e9conomiques, les associations professionnelles et celles charg\u00e9es de la protection du consommateur. Et d\u2019ajouter : \u00abQue les \u00e9trangers aient confiance en le produit alg\u00e9rien. Ce dernier doit subir des tests avant de l\u2019envoyer \u00e0 l\u2019exportation, et cela \u00e9vitera\u00a0 pas mal de choses, dont le renvoi de nos produits par d\u2019autres pays.\u00bb Le d\u00e9veloppement de la qualit\u00e9, poursuit M. Boudissa, \u00abdoit rayonner sur toutes les activit\u00e9s porteuses et potentiellement exportables\u00bb, citant, \u00e0 titre illustratif, les produits agricoles, manufacturiers, \u00e9lectroniques ainsi que ceux de la pi\u00e8ce de rechange, entre autres\u2026 Bifurquant sur les activit\u00e9s d\u2019Algerac qui, rappelons-le, a obtenu la reconnaissance internationale de ses certificats et logos \u00e0 compter d\u2019octobre 2017, M. Boudissa annonce que l\u2019organisme qu\u2019il dirige est d\u00e9j\u00e0 sollicit\u00e9 par des pays comme le Maroc, la Mauritanie, le Burkina Faso. \u00abUne avanc\u00e9e significative\u00bb, commente, all\u00e8gre, le m\u00eame responsable, qui veut aussi une autonomie en termes de formation de la ressource humaine. Algerac, qui assure elle-m\u00eame la formation, dispose de 180 experts et \u00e9valuateurs. Ayant banni l\u2019impossible de son vocabulaire, M. Boudissa affirme que l\u2019objectif est d\u2019atteindre les 700. Une chose est s\u00fbre : Algerac a cumul\u00e9 des prouesses, mais ne veut pas s\u2019arr\u00eater en si bon chemin. Pour son premier responsable, l\u2019app\u00e9tit vient en travaillant. Et le travail, dit-il, doit imp\u00e9rativement rimer avec efficacit\u00e9.<br \/>Fouad Irnatene<br \/>\u00a0<\/p>\n<p>Auteur: elmoudjahid<br \/>\n<a href=\"http:\/\/www.elmoudjahid.com\/fr\/actualites\/133990\">Cliquez ici pour lire l&rsquo;article depuis sa source.<\/a><\/p>\n","protected":false},"excerpt":{"rendered":"<p>\u00abIl est urgent que l\u2019accr\u00e9ditation endosse son uniforme d\u2019obligation\u00bb. Prononc\u00e9s par le directeur g\u00e9n\u00e9ral d\u2019Algerac, ces mots, formul\u00e9s sous forme de cri de c\u0153ur, voient leur coefficient se multiplier. Dans un franc-parler qui lui est coutumier, Noureddine Boudissa appelle \u00e0 la \u00abcr\u00e9ation d\u2019une agence nationale charg\u00e9e de la qualit\u00e9, laquelle aura un caract\u00e8re autonome, souverain, [&hellip;]<\/p>\n","protected":false},"author":1744,"featured_media":0,"comment_status":"closed","ping_status":"closed","sticky":false,"template":"","format":"standard","meta":{"fifu_image_url":"","fifu_image_alt":"","footnotes":""},"categories":[73,53],"tags":[],"class_list":["post-16111","post","type-post","status-publish","format-standard","hentry","category-actualite","category-algerie"],"_links":{"self":[{"href":"https:\/\/linitiative.ca\/International\/wp-json\/wp\/v2\/posts\/16111","targetHints":{"allow":["GET"]}}],"collection":[{"href":"https:\/\/linitiative.ca\/International\/wp-json\/wp\/v2\/posts"}],"about":[{"href":"https:\/\/linitiative.ca\/International\/wp-json\/wp\/v2\/types\/post"}],"author":[{"embeddable":true,"href":"https:\/\/linitiative.ca\/International\/wp-json\/wp\/v2\/users\/1744"}],"replies":[{"embeddable":true,"href":"https:\/\/linitiative.ca\/International\/wp-json\/wp\/v2\/comments?post=16111"}],"version-history":[{"count":0,"href":"https:\/\/linitiative.ca\/International\/wp-json\/wp\/v2\/posts\/16111\/revisions"}],"wp:attachment":[{"href":"https:\/\/linitiative.ca\/International\/wp-json\/wp\/v2\/media?parent=16111"}],"wp:term":[{"taxonomy":"category","embeddable":true,"href":"https:\/\/linitiative.ca\/International\/wp-json\/wp\/v2\/categories?post=16111"},{"taxonomy":"post_tag","embeddable":true,"href":"https:\/\/linitiative.ca\/International\/wp-json\/wp\/v2\/tags?post=16111"}],"curies":[{"name":"wp","href":"https:\/\/api.w.org\/{rel}","templated":true}]}}