{"id":16184,"date":"2019-02-21T15:48:20","date_gmt":"2019-02-21T20:48:20","guid":{"rendered":"https:\/\/linitiative.ca\/International\/tunisie-le-comportement-deplorable-de-zied-laadhari-lors-de-sa-visite-officielle-a-paris\/"},"modified":"2019-02-21T15:48:20","modified_gmt":"2019-02-21T20:48:20","slug":"tunisie-le-comportement-deplorable-de-zied-laadhari-lors-de-sa-visite-officielle-a-paris","status":"publish","type":"post","link":"https:\/\/linitiative.ca\/International\/tunisie-le-comportement-deplorable-de-zied-laadhari-lors-de-sa-visite-officielle-a-paris\/","title":{"rendered":"Tunisie \u2013 Le comportement \u00ab\u00a0d\u00e9plorable\u00a0\u00bb de Zied La\u00e2dhari lors de sa visite officielle \u00e0 Paris"},"content":{"rendered":"<div class=\"feat-widget-wrap left relative\" readability=\"7\"><a href=\"https:\/\/www.tunisienumerique.com\/la-russie-confirme-que-daech-est-en-train-de-se-redeployer-aux-frontieres-de-la-tunisie\/\"\/><\/p>\n<div class=\"feat-widget-img left relative\"><img loading=\"lazy\" decoding=\"async\" width=\"300\" height=\"180\" src=\"https:\/\/www.tunisienumerique.com\/wp-content\/uploads\/2019\/02\/daech-300x180.jpg\" class=\"reg-img wp-post-image\" alt=\"\"\/><img loading=\"lazy\" decoding=\"async\" width=\"80\" height=\"80\" src=\"https:\/\/www.tunisienumerique.com\/wp-content\/uploads\/2019\/02\/daech-80x80.jpg\" class=\"mob-img wp-post-image\" alt=\"\"\/><\/p>\n<p><span class=\"feat-info-text\">6.5K<\/span><\/p>\n<\/div>\n<p><span class=\"side-list-cat\">\u00a0<\/span><\/p>\n<h2>La Russie confirme que Daech est en train de se red\u00e9ployer aux fronti\u00e8res de la Tunisie<\/h2>\n<\/p>\n<\/div>\n<div class=\"feat-widget-wrap left relative\" readability=\"9\"><a href=\"https:\/\/www.tunisienumerique.com\/tunisie-designation-de-imed-hammami-a-la-place-de-youssef-chahed-precisions-de-yamina-zoghlami\/\"\/><\/p>\n<div class=\"feat-widget-img left relative\"><img loading=\"lazy\" decoding=\"async\" width=\"300\" height=\"180\" src=\"https:\/\/www.tunisienumerique.com\/wp-content\/uploads\/2019\/02\/pince-300x180.jpg\" class=\"reg-img wp-post-image\" alt=\"\" srcset=\"https:\/\/www.tunisienumerique.com\/wp-content\/uploads\/2019\/02\/pince-300x180.jpg 300w, https:\/\/www.tunisienumerique.com\/wp-content\/uploads\/2019\/02\/pince-450x270.jpg 450w\" sizes=\"auto, (max-width: 300px) 100vw, 300px\"\/><img loading=\"lazy\" decoding=\"async\" width=\"80\" height=\"80\" src=\"https:\/\/www.tunisienumerique.com\/wp-content\/uploads\/2019\/02\/pince-80x80.jpg\" class=\"mob-img wp-post-image\" alt=\"\"\/><\/p>\n<p><span class=\"feat-info-text\">4.1K<\/span><\/p>\n<\/div>\n<p><span class=\"side-list-cat\">\u00a0<\/span><\/p>\n<h2>Tunisie: D\u00e9signation de Imed Hammami \u00e0 la place de Youssef Chahed, pr\u00e9cisions de Yamina Zoghlami<\/h2>\n<\/p>\n<\/div>\n<div class=\"feat-widget-wrap left relative\" readability=\"7\"><a href=\"https:\/\/www.tunisienumerique.com\/tunisie-marouane-abassi-sexplique-sur-la-hausse-du-taux-dinteret-directeur-de-la-bct\/\"\/><\/p>\n<div class=\"feat-widget-img left relative\"><img loading=\"lazy\" decoding=\"async\" width=\"300\" height=\"180\" src=\"https:\/\/www.tunisienumerique.com\/wp-content\/uploads\/2019\/02\/finkop-300x180.jpg\" class=\"reg-img wp-post-image\" alt=\"\" srcset=\"https:\/\/www.tunisienumerique.com\/wp-content\/uploads\/2019\/02\/finkop-300x180.jpg 300w, https:\/\/www.tunisienumerique.com\/wp-content\/uploads\/2019\/02\/finkop-450x270.jpg 450w\" sizes=\"auto, (max-width: 300px) 100vw, 300px\"\/><img loading=\"lazy\" decoding=\"async\" width=\"80\" height=\"80\" src=\"https:\/\/www.tunisienumerique.com\/wp-content\/uploads\/2019\/02\/finkop-80x80.jpg\" class=\"mob-img wp-post-image\" alt=\"\"\/><\/p>\n<p><span class=\"feat-info-text\">3.0K<\/span><\/p>\n<\/div>\n<p><span class=\"side-list-cat\">\u00a0<\/span><\/p>\n<h2>Tunisie: Marouane Abassi s\u2019explique sur la hausse du taux d\u2019int\u00e9r\u00eat directeur de la BCT<\/h2>\n<\/p>\n<\/div>\n<div class=\"feat-widget-wrap left relative\" readability=\"7\"><a href=\"https:\/\/www.tunisienumerique.com\/bruits-de-chaises-au-mi-pourquoi-et-surtout-pourquoi-maintenant\/\"\/><\/p>\n<div class=\"feat-widget-img left relative\"><img loading=\"lazy\" decoding=\"async\" width=\"300\" height=\"180\" src=\"https:\/\/www.tunisienumerique.com\/wp-content\/uploads\/2019\/02\/garde-nationale-300x180.jpg\" class=\"reg-img wp-post-image\" alt=\"\" srcset=\"https:\/\/www.tunisienumerique.com\/wp-content\/uploads\/2019\/02\/garde-nationale-300x180.jpg 300w, https:\/\/www.tunisienumerique.com\/wp-content\/uploads\/2019\/02\/garde-nationale-450x270.jpg 450w\" sizes=\"auto, (max-width: 300px) 100vw, 300px\"\/><img loading=\"lazy\" decoding=\"async\" width=\"80\" height=\"80\" src=\"https:\/\/www.tunisienumerique.com\/wp-content\/uploads\/2019\/02\/garde-nationale-80x80.jpg\" class=\"mob-img wp-post-image\" alt=\"\"\/><\/p>\n<p><span class=\"feat-info-text\">2.5K<\/span><\/p>\n<\/div>\n<p><span class=\"side-list-cat\">\u00a0<\/span><\/p>\n<h2>Bruits de chaises au Mi : Pourquoi et surtout pourquoi maintenant ?<\/h2>\n<\/p>\n<\/div>\n<div class=\"feat-widget-wrap left relative\" readability=\"8\"><a href=\"https:\/\/www.tunisienumerique.com\/tunisie-quatre-milliards-de-dinars-dans-le-commerce-parallele-selon-la-bct\/\"\/><\/p>\n<div class=\"feat-widget-img left relative\"><img loading=\"lazy\" decoding=\"async\" width=\"300\" height=\"180\" src=\"https:\/\/www.tunisienumerique.com\/wp-content\/uploads\/2019\/02\/fundo-300x180.jpg\" class=\"reg-img wp-post-image\" alt=\"\" srcset=\"https:\/\/www.tunisienumerique.com\/wp-content\/uploads\/2019\/02\/fundo-300x180.jpg 300w, https:\/\/www.tunisienumerique.com\/wp-content\/uploads\/2019\/02\/fundo-450x270.jpg 450w\" sizes=\"auto, (max-width: 300px) 100vw, 300px\"\/><img loading=\"lazy\" decoding=\"async\" width=\"80\" height=\"80\" src=\"https:\/\/www.tunisienumerique.com\/wp-content\/uploads\/2019\/02\/fundo-80x80.jpg\" class=\"mob-img wp-post-image\" alt=\"\"\/><\/p>\n<p><span class=\"feat-info-text\">2.3K<\/span><\/p>\n<\/div>\n<p><span class=\"side-list-cat\">Economie<\/span><\/p>\n<h2>Tunisie: Quatre milliards de dinars dans le commerce parall\u00e8le, selon la BCT<\/h2>\n<\/p>\n<\/div>\n<div class=\"feat-widget-wrap left relative\" readability=\"9\"><a href=\"https:\/\/www.tunisienumerique.com\/tunisie-chahed-est-il-devenu-trop-ou-assez-fort-pour-ennahdha\/\"\/><\/p>\n<div class=\"feat-widget-img left relative\"><img loading=\"lazy\" decoding=\"async\" width=\"300\" height=\"180\" src=\"https:\/\/www.tunisienumerique.com\/wp-content\/uploads\/2019\/02\/cah-300x180.jpg\" class=\"reg-img wp-post-image\" alt=\"\"\/><img loading=\"lazy\" decoding=\"async\" width=\"80\" height=\"80\" src=\"https:\/\/www.tunisienumerique.com\/wp-content\/uploads\/2019\/02\/cah-80x80.jpg\" class=\"mob-img wp-post-image\" alt=\"\"\/><\/p>\n<p><span class=\"feat-info-text\">2.2K<\/span><\/p>\n<\/div>\n<p><span class=\"side-list-cat\">\u00a0<\/span><\/p>\n<h2>Tunisie \u2013 Chahed est-il devenu trop, ou assez, fort pour Ennahdha\u00a0?<\/h2>\n<\/p>\n<\/div>\n<div class=\"feat-widget-wrap left relative\" readability=\"7\"><a href=\"https:\/\/www.tunisienumerique.com\/tunisie-hamza-balloumi-porte-plainte-contre-rached-khiari\/\"\/><\/p>\n<div class=\"feat-widget-img left relative\"><img loading=\"lazy\" decoding=\"async\" width=\"300\" height=\"180\" src=\"https:\/\/www.tunisienumerique.com\/wp-content\/uploads\/2019\/02\/hamza-300x180.jpg\" class=\"reg-img wp-post-image\" alt=\"\"\/><img loading=\"lazy\" decoding=\"async\" width=\"80\" height=\"80\" src=\"https:\/\/www.tunisienumerique.com\/wp-content\/uploads\/2019\/02\/hamza-80x80.jpg\" class=\"mob-img wp-post-image\" alt=\"\"\/><\/p>\n<p><span class=\"feat-info-text\">1.8K<\/span><\/p>\n<\/div>\n<p><span class=\"side-list-cat\">\u00a0<\/span><\/p>\n<h2>Tunisie \u2013 Hamza Balloumi porte plainte contre Rached Khiari<\/h2>\n<\/p>\n<\/div>\n<div class=\"feat-widget-wrap left relative\" readability=\"7\"><a href=\"https:\/\/www.tunisienumerique.com\/tunisie-un-don-de-830-mille-euros-pour-la-steg\/\"\/><\/p>\n<div class=\"feat-widget-img left relative\"><img loading=\"lazy\" decoding=\"async\" width=\"300\" height=\"180\" src=\"https:\/\/www.tunisienumerique.com\/wp-content\/uploads\/2019\/02\/Steg-Berd-300x180.jpg\" class=\"reg-img wp-post-image\" alt=\"\" srcset=\"https:\/\/www.tunisienumerique.com\/wp-content\/uploads\/2019\/02\/Steg-Berd-300x180.jpg 300w, https:\/\/www.tunisienumerique.com\/wp-content\/uploads\/2019\/02\/Steg-Berd-450x270.jpg 450w\" sizes=\"auto, (max-width: 300px) 100vw, 300px\"\/><img loading=\"lazy\" decoding=\"async\" width=\"80\" height=\"80\" src=\"https:\/\/www.tunisienumerique.com\/wp-content\/uploads\/2019\/02\/Steg-Berd-80x80.jpg\" class=\"mob-img wp-post-image\" alt=\"\"\/><\/p>\n<p><span class=\"feat-info-text\">1.8K<\/span><\/p>\n<\/div>\n<p><span class=\"side-list-cat\">\u00a0<\/span><\/p>\n<h2>Tunisie- Un don de 830 mille euros pour la STEG<\/h2>\n<\/p>\n<\/div>\n<div class=\"feat-widget-wrap left relative\" readability=\"8\"><a href=\"https:\/\/www.tunisienumerique.com\/tunisie-audio-nida-tounes-en-train-de-recruter-des-personnalites-politiques-qui-constitueront-une-surprise\/\"\/><\/p>\n<div class=\"feat-widget-img left relative\"><img loading=\"lazy\" decoding=\"async\" width=\"300\" height=\"180\" src=\"https:\/\/www.tunisienumerique.com\/wp-content\/uploads\/2019\/02\/kham-300x180.jpg\" class=\"reg-img wp-post-image\" alt=\"\"\/><img loading=\"lazy\" decoding=\"async\" width=\"80\" height=\"80\" src=\"https:\/\/www.tunisienumerique.com\/wp-content\/uploads\/2019\/02\/kham-80x80.jpg\" class=\"mob-img wp-post-image\" alt=\"\"\/><\/p>\n<p><span class=\"feat-info-text\">1.8K<\/span><\/p>\n<\/div>\n<p><span class=\"side-list-cat\">\u00a0<\/span><\/p>\n<h2>Tunisie \u2013 AUDIO\u00a0: Nida Tounes en train de \u00ab\u00a0recruter\u00a0\u00bb des personnalit\u00e9s politiques qui constitueront une surprise<\/h2>\n<\/p>\n<\/div>\n<div class=\"feat-widget-wrap left relative\" readability=\"8\"><a href=\"https:\/\/www.tunisienumerique.com\/tunisie-mabrouk-korchid-jai-fait-le-bon-choix-en-choisissant-beji-caied-sebsi-et-je-navais-pas-tort\/\"\/><\/p>\n<div class=\"feat-widget-img left relative\"><img loading=\"lazy\" decoding=\"async\" width=\"300\" height=\"180\" src=\"https:\/\/www.tunisienumerique.com\/wp-content\/uploads\/2019\/02\/52319788_305070190200842_4961821922879864832_n-300x180.jpg\" class=\"reg-img wp-post-image\" alt=\"\" srcset=\"https:\/\/www.tunisienumerique.com\/wp-content\/uploads\/2019\/02\/52319788_305070190200842_4961821922879864832_n-300x180.jpg 300w, https:\/\/www.tunisienumerique.com\/wp-content\/uploads\/2019\/02\/52319788_305070190200842_4961821922879864832_n-1000x600.jpg 1000w, https:\/\/www.tunisienumerique.com\/wp-content\/uploads\/2019\/02\/52319788_305070190200842_4961821922879864832_n-450x270.jpg 450w\" sizes=\"auto, (max-width: 300px) 100vw, 300px\"\/><img loading=\"lazy\" decoding=\"async\" width=\"80\" height=\"80\" src=\"https:\/\/www.tunisienumerique.com\/wp-content\/uploads\/2019\/02\/52319788_305070190200842_4961821922879864832_n-80x80.jpg\" class=\"mob-img wp-post-image\" alt=\"\"\/><\/p>\n<p><span class=\"feat-info-text\">1.7K<\/span><\/p>\n<\/div>\n<p><span class=\"side-list-cat\">Politique<\/span><\/p>\n<h2>Tunisie- Mabrouk Korchid : \u201cJ\u2019ai fait le bon choix en choisissant Beji Ca\u00efed Sebsi et je n\u2019avais pas tort\u201d<\/h2>\n<\/p>\n<\/div>\n<p>Auteur: Ramsis<br \/>\n<a href=\"https:\/\/www.tunisienumerique.com\">Cliquez ici pour lire l&rsquo;article depuis sa source.<\/a><\/p>\n","protected":false},"excerpt":{"rendered":"<p>6.5K \u00a0 La Russie confirme que Daech est en train de se red\u00e9ployer aux fronti\u00e8res de la Tunisie 4.1K \u00a0 Tunisie: D\u00e9signation de Imed Hammami \u00e0 la place de Youssef Chahed, pr\u00e9cisions de Yamina Zoghlami 3.0K \u00a0 Tunisie: Marouane Abassi s\u2019explique sur la hausse du taux d\u2019int\u00e9r\u00eat directeur de la BCT 2.5K \u00a0 Bruits de [&hellip;]<\/p>\n","protected":false},"author":1789,"featured_media":16185,"comment_status":"closed","ping_status":"closed","sticky":false,"template":"","format":"standard","meta":{"fifu_image_url":"","fifu_image_alt":"","footnotes":""},"categories":[73,55],"tags":[],"class_list":["post-16184","post","type-post","status-publish","format-standard","has-post-thumbnail","hentry","category-actualite","category-tunisie"],"_links":{"self":[{"href":"https:\/\/linitiative.ca\/International\/wp-json\/wp\/v2\/posts\/16184","targetHints":{"allow":["GET"]}}],"collection":[{"href":"https:\/\/linitiative.ca\/International\/wp-json\/wp\/v2\/posts"}],"about":[{"href":"https:\/\/linitiative.ca\/International\/wp-json\/wp\/v2\/types\/post"}],"author":[{"embeddable":true,"href":"https:\/\/linitiative.ca\/International\/wp-json\/wp\/v2\/users\/1789"}],"replies":[{"embeddable":true,"href":"https:\/\/linitiative.ca\/International\/wp-json\/wp\/v2\/comments?post=16184"}],"version-history":[{"count":0,"href":"https:\/\/linitiative.ca\/International\/wp-json\/wp\/v2\/posts\/16184\/revisions"}],"wp:featuredmedia":[{"embeddable":true,"href":"https:\/\/linitiative.ca\/International\/wp-json\/"}],"wp:attachment":[{"href":"https:\/\/linitiative.ca\/International\/wp-json\/wp\/v2\/media?parent=16184"}],"wp:term":[{"taxonomy":"category","embeddable":true,"href":"https:\/\/linitiative.ca\/International\/wp-json\/wp\/v2\/categories?post=16184"},{"taxonomy":"post_tag","embeddable":true,"href":"https:\/\/linitiative.ca\/International\/wp-json\/wp\/v2\/tags?post=16184"}],"curies":[{"name":"wp","href":"https:\/\/api.w.org\/{rel}","templated":true}]}}