{"id":16186,"date":"2019-02-21T15:18:52","date_gmt":"2019-02-21T20:18:52","guid":{"rendered":"https:\/\/linitiative.ca\/International\/presidentielle-senegalaise\/"},"modified":"2019-02-21T15:18:52","modified_gmt":"2019-02-21T20:18:52","slug":"presidentielle-senegalaise","status":"publish","type":"post","link":"https:\/\/linitiative.ca\/International\/presidentielle-senegalaise\/","title":{"rendered":"PRESIDENTIELLE SENEGALAISE"},"content":{"rendered":"<p><img decoding=\"async\" class=\"post_layout_5_img\" src=\"http:\/\/lepays.bf\/wp-content\/uploads\/2019\/02\/politiques.jpg\" alt=\"PRESIDENTIELLE SENEGALAISE\"\/><\/p>\n<p><strong>\u00a0Quel candidat dansera le <em>Mbalax<\/em>* le soir du scrutin\u00a0?<\/strong><\/p>\n<p>Les S\u00e9n\u00e9galais et les S\u00e9n\u00e9galaises\u00a0 choisiront dans les urnes, le 24 f\u00e9vrier prochain, leur pr\u00e9sident. Le filtrage de la Cour constitutionnelle a retenu 5 candidats pour la comp\u00e9tition dont le pr\u00e9sident sortant, Macky Sall. En plus de ce dernier, l\u2019on peut se permettre de citer l\u2019ancien Premier ministre, Idrissa Seck et le candidat antisyst\u00e8me c\u2019est-\u00e0-dire, le jeune Ousmane Sonko. Apr\u00e8s le r\u00e8gne sans partage du chantre de la N\u00e9gritude, c\u2019est-\u00e0-dire L\u00e9opold S\u00e9dar Senghor, le jeu politique s\u2019est ouvert avec l\u2019av\u00e8nement de Abdou Diouf, au point que ce dernier a \u00e9t\u00e9 battu en 2000 par le leader de l\u2019opposition de l\u2019\u00e9poque, Abdoulaye Wade. Apr\u00e8s deux mandats, le champion du <em>Sopi<\/em> a \u00e9t\u00e9 battu \u00e0 son tour par un de ses lieutenants qui avait pris ses distances avec le parti de <em>Gorgui<\/em> pour cr\u00e9er sa propre formation politique. Cette succession d\u2019alternances politiques pacifiques, peut-on dire, a install\u00e9 le S\u00e9n\u00e9gal pratiquement \u00e0 la t\u00eate du peloton des pays d\u00e9mocratiques de l\u2019Afrique francophone. Ce label semble \u00a0 d\u00e9fendu\u00a0 avec passion et fiert\u00e9 au pays de Senghor. C\u2019est ce qui explique que les campagnes \u00e9lectorales y sont g\u00e9n\u00e9ralement l\u2019occasion d\u2019une expression vivante de la d\u00e9mocratie. Celle de 2019 certes, a \u00e9t\u00e9 entach\u00e9e de violences mais on esp\u00e8re que cette parenth\u00e8se sanglante a \u00e9t\u00e9 vite referm\u00e9e. Car, si donc dans bien des pays d\u2019Afrique,\u00a0la violence en politique est la norme, au S\u00e9n\u00e9gal, elle est l\u2019exception. L\u2019autre caract\u00e9ristique du S\u00e9n\u00e9gal et dont on peut se r\u00e9jouir, est li\u00e9e au fait que les vigies de la d\u00e9mocratie et de la bonne gouvernance sont une foultitude. A ce sujet, l\u2019on peut se permettre de citer la presse et les associations de la soci\u00e9t\u00e9 civile. Et c\u2019est gr\u00e2ce \u00e0 leur vigilance citoyenne que les \u00e9lections de ce pays riment avec transparence et \u00e9quit\u00e9. De ce point de vue, l\u2019on peut s\u2019attendre \u00e0 ce que la pr\u00e9sidentielle de ce dimanche 24 f\u00e9vrier, ne vienne pas ternir cette belle image du pays. L\u2019on peut \u00e9galement s\u2019attendre \u00e0 un fort taux de participation, car les S\u00e9n\u00e9galais de toutes les conditions, <em>Talib\u00e9<\/em>, \u00e9tudiants, planteurs de cacahu\u00e8tes tout comme les marchands ambulants, s\u2019int\u00e9ressent \u00e0 la chose politique.<\/p>\n<p><strong>La probabilit\u00e9 est grande que Macky Sall se succ\u00e8de \u00e0 lui- m\u00eame<\/strong><\/p>\n<p>Et c\u2019est l\u00e0 un des charmes de la d\u00e9mocratie s\u00e9n\u00e9galaise. Le seul petit point noir de cette d\u00e9mocratie, si l\u2019on peut s\u2019exprimer ainsi, c\u2019est le fameux <em>Ndigu\u00ebl<\/em> ou consigne de vote des confr\u00e9ries religieuses. Ce scrutin de dimanche prochain a la particularit\u00e9 qu\u2019aucun <em>Ndigu\u00ebl<\/em> n\u2019a \u00e9t\u00e9 formul\u00e9 officiellement par les grandes familles religieuses. Et c\u2019est tant mieux pour la d\u00e9mocratie. En effet, l\u2019interf\u00e9rence du religieux dans les affaires politiques peut avoir des effets pervers. Les S\u00e9n\u00e9galais, de plus en plus semblent l\u2019avoir compris en s\u2019\u00e9mancipant des <em>Ndigu\u00ebl<\/em> de leurs leaders spirituels. Cela dit, la grande question que l\u2019on peut se poser est la suivante\u00a0: lequel des cinq candidats va danser le <em>Mbalax<\/em> le soir du scrutin\u00a0? Il est tr\u00e8s difficile de r\u00e9pondre sans risque de se tromper \u00e0 cette question. Ce d\u2019autant plus que le S\u00e9n\u00e9gal a d\u00e9j\u00e0 connu dans son histoire, plusieurs alternances politiques. Toutefois, l\u2019on peut s\u2019attirer les foudres de l\u2019opposition en pronostiquant en faveur de Macky Sall. En effet, le mandat de ce dernier a \u00e9t\u00e9 marqu\u00e9 par de grandes r\u00e9alisations en mati\u00e8re d\u2019infrastructures notamment. Il est vrai que certaines n\u2019ont pas \u00e9t\u00e9 initi\u00e9es par lui, mais il a eu le m\u00e9rite de les avoir concr\u00e9tis\u00e9es. A cela, il faut ajouter le fait que Macky Sall a su jusqu\u2019ici, soustraire son pays\u00a0 du p\u00e9ril terroriste qui agite bien des pays de l\u2019Afrique au Sud du Sahara. Et l\u2019on n\u2019oublie pas tous les efforts qu\u2019il a faits pour ramener la r\u00e9bellion casaman\u00e7aise\u00a0 \u00e0 de meilleurs sentiments. En partant donc du postulat qu\u2019on ne change pas une \u00e9quipe qui gagne, la probabilit\u00e9 est grande que Macky Sall se succ\u00e8de \u00e0 lui- m\u00eame. Et la probabilit\u00e9 est \u00e9galement grande que cela se fasse d\u00e8s le premier tour. Sinon, Macky peut dire adieu au deuxi\u00e8me mandat. Car il sera victime de l\u2019union sacr\u00e9e des teigneux de l\u2019opposition. Mais le champion de <em>Benno Bokk Yakaar<\/em> (BBY) a mis tout dans la balance pour s\u2019assurer qu\u2019il dansera au rythme du <em>M\u2019balax<\/em> d\u00e8s la fin du scrutin. Mais\u00a0 sait-on jamais\u00a0!<\/p>\n<p><strong>Pousdem PICKOU<\/strong><\/p>\n<p><strong><em>* Danse populaire s\u00e9n\u00e9galaise<\/em><\/strong><\/p>\n<p>Auteur: Le Pays<br \/>\n<a href=\"http:\/\/lepays.bf\/presidentielle-senegalaise\/\">Cliquez ici pour lire l&rsquo;article depuis sa source.<\/a><\/p>\n","protected":false},"excerpt":{"rendered":"<p>\u00a0Quel candidat dansera le Mbalax* le soir du scrutin\u00a0? Les S\u00e9n\u00e9galais et les S\u00e9n\u00e9galaises\u00a0 choisiront dans les urnes, le 24 f\u00e9vrier prochain, leur pr\u00e9sident. Le filtrage de la Cour constitutionnelle a retenu 5 candidats pour la comp\u00e9tition dont le pr\u00e9sident sortant, Macky Sall. En plus de ce dernier, l\u2019on peut se permettre de citer l\u2019ancien [&hellip;]<\/p>\n","protected":false},"author":1813,"featured_media":16187,"comment_status":"closed","ping_status":"closed","sticky":false,"template":"","format":"standard","meta":{"fifu_image_url":"","fifu_image_alt":"","footnotes":""},"categories":[73,81],"tags":[],"class_list":["post-16186","post","type-post","status-publish","format-standard","has-post-thumbnail","hentry","category-actualite","category-burkina-faso"],"_links":{"self":[{"href":"https:\/\/linitiative.ca\/International\/wp-json\/wp\/v2\/posts\/16186","targetHints":{"allow":["GET"]}}],"collection":[{"href":"https:\/\/linitiative.ca\/International\/wp-json\/wp\/v2\/posts"}],"about":[{"href":"https:\/\/linitiative.ca\/International\/wp-json\/wp\/v2\/types\/post"}],"author":[{"embeddable":true,"href":"https:\/\/linitiative.ca\/International\/wp-json\/wp\/v2\/users\/1813"}],"replies":[{"embeddable":true,"href":"https:\/\/linitiative.ca\/International\/wp-json\/wp\/v2\/comments?post=16186"}],"version-history":[{"count":0,"href":"https:\/\/linitiative.ca\/International\/wp-json\/wp\/v2\/posts\/16186\/revisions"}],"wp:featuredmedia":[{"embeddable":true,"href":"https:\/\/linitiative.ca\/International\/wp-json\/"}],"wp:attachment":[{"href":"https:\/\/linitiative.ca\/International\/wp-json\/wp\/v2\/media?parent=16186"}],"wp:term":[{"taxonomy":"category","embeddable":true,"href":"https:\/\/linitiative.ca\/International\/wp-json\/wp\/v2\/categories?post=16186"},{"taxonomy":"post_tag","embeddable":true,"href":"https:\/\/linitiative.ca\/International\/wp-json\/wp\/v2\/tags?post=16186"}],"curies":[{"name":"wp","href":"https:\/\/api.w.org\/{rel}","templated":true}]}}