{"id":16196,"date":"2019-02-21T17:18:03","date_gmt":"2019-02-21T22:18:03","guid":{"rendered":"https:\/\/linitiative.ca\/International\/cameroun-la-cdc-na-pas-exporte-de-banane-depuis-septembre-2018-association\/"},"modified":"2019-02-21T17:18:03","modified_gmt":"2019-02-21T22:18:03","slug":"cameroun-la-cdc-na-pas-exporte-de-banane-depuis-septembre-2018-association","status":"publish","type":"post","link":"https:\/\/linitiative.ca\/International\/cameroun-la-cdc-na-pas-exporte-de-banane-depuis-septembre-2018-association\/","title":{"rendered":"Cameroun : la CDC n\u2019a pas export\u00e9 de banane depuis septembre 2018 (association)"},"content":{"rendered":"<div readability=\"32\">\n<p>Publi\u00e9 le 21.02.2019 \u00e0 23h18 par APA News<\/p>\n<\/div>\n<div readability=\"82\">\n<p>La Cameroon Development Corporation (CDC), dont les plantations sont situ\u00e9es dans les r\u00e9gions anglophones du nord-ouest et du sud-ouest, n\u2019a export\u00e9 aucune banane depuis septembre 2018, selon les derni\u00e8res donn\u00e9es de l\u2019Association banani\u00e8re du Cameroun (Assobacam) re\u00e7ues jeudi \u00e0 APA.Cette situation est due au conflit entre l\u2019Etat central et les ind\u00e9pendantistes s\u00e9cessionnistes dans les zones de production de l\u2019entreprise. En fin novembre 2018, la plus grande entreprise agro-industrielle nationale qui est aussi le plus gros employeur du pays apr\u00e8s l\u2019\u00c9tat, tirait la sonnette d\u2019alarme par rapport aux pertes subies. En effet, seuls 4 domaines en caoutchouc sur 11 fonctionnaient avec environ 50 % de leurs capacit\u00e9s et 2 domaines de palmier \u00e0 huile sur 7 restent en activit\u00e9.<\/p>\n<p>Les heurts dans la partie anglophone du pays n\u2019ont pas \u00e9pargn\u00e9 la Cameroon Development Corporation puisque que les s\u00e9paratistes ont enti\u00e8rement d\u00e9truit 600 hectares de plantations dans le sud-ouest. \u00ab Il est urgent de r\u00e9tablir la s\u00e9curit\u00e9 dans les plantations afin d\u2019emp\u00eacher toute d\u00e9t\u00e9rioration suppl\u00e9mentaire, susceptible d\u2019entra\u00eener des destructions irr\u00e9versibles \u00e0 grande \u00e9chelle \u00bb, avait pr\u00e9conis\u00e9 un rapport de la CDC.<\/p>\n<p>Dans le m\u00eame document, la Cameroon Development Corporation (CDC) indique que \u00ab la somme de 15 milliards F CFA est n\u00e9cessaire pour r\u00e9habiliter les plantations de banane r\u00e9cup\u00e9rables de 2005 et pour replanter 500 hectares. Pour les secteurs de l\u2019h\u00e9v\u00e9a et du palmier, 7,7 milliards FCFA seront n\u00e9cessaires pour la r\u00e9habilitation des plantations \u00bb.<\/p>\n<p>L\u2019ann\u00e9e derni\u00e8re, le gouvernement camerounais a inject\u00e9 une avance de subvention de 1,7 milliard FCFA \u00e0 la CDC mais sa restructuration est \u00e9valu\u00e9e \u00e0 90 milliards F CFA a sign\u00e9. Elle a ainsi sign\u00e9 avec le fran\u00e7ais Thyllium SAS, l\u2019\u00e9gyptien Timac Agro et le canadien Innovation Trailer Design, des conventions destin\u00e9es au rajeunissement des plantations, \u00e0 l\u2019acquisition des \u00e9quipements, \u00e0 la construction d\u2019usines cl\u00e9 en main et \u00e0 la fertilisation des bananeraies.<\/p>\n<p><ins data-revive-zoneid=\"9\" data-revive-id=\"10111e19d28d19d031742ee3b0b33eb0\"\/> <\/p>\n<p>A cause de ses pertes financi\u00e8res r\u00e9sultant de l\u2019ins\u00e9curit\u00e9 dans le nord-ouest et le sud-ouest, \u00bb, l\u2019agro-industriel estime que les emplois de 90% de son personnel, \u00ab sont aujourd\u2019hui menac\u00e9s \u00e0 cause de la violence\u00bb. Et pourtant, la masse salariale mensuelle de la Cameroon Development Corporation s\u2019\u00e9l\u00e8ve \u00e0 plus de 2 milliards F CFA.<\/p>\n<p>La paralysie du mastodonte a caus\u00e9 une baisse des exportations de banane de l\u2019ordre de 23 536 tonnes par rapport \u00e0 la m\u00eame p\u00e9riode en 2018. Les rescap\u00e9s de la fili\u00e8re que sont la soci\u00e9t\u00e9 des Plantations du haut Penja (PHP) et Boh Plantations (BPL) ont respectivement vendu \u00e0 l\u2019\u00e9tranger 19 730 tonnes et 1767 tonnes, soit au total 21 497 tonnes en janvier 2019. La banane est le 3\u00e8me produit d\u2019exportation du Cameroun derri\u00e8re le p\u00e9trole et le bois en grume ou sci\u00e9.<\/p>\n<\/div>\n<p>Auteur: APA News<br \/>\n<a href=\"https:\/\/www.journalducameroun.com\/cameroun-la-cdc-na-pas-exporte-de-banane-depuis-septembre-2018-association\/\">Cliquez ici pour lire l&rsquo;article depuis sa source.<\/a><\/p>\n","protected":false},"excerpt":{"rendered":"<p>Publi\u00e9 le 21.02.2019 \u00e0 23h18 par APA News La Cameroon Development Corporation (CDC), dont les plantations sont situ\u00e9es dans les r\u00e9gions anglophones du nord-ouest et du sud-ouest, n\u2019a export\u00e9 aucune banane depuis septembre 2018, selon les derni\u00e8res donn\u00e9es de l\u2019Association banani\u00e8re du Cameroun (Assobacam) re\u00e7ues jeudi \u00e0 APA.Cette situation est due au conflit entre l\u2019Etat [&hellip;]<\/p>\n","protected":false},"author":1965,"featured_media":0,"comment_status":"closed","ping_status":"closed","sticky":false,"template":"","format":"standard","meta":{"fifu_image_url":"","fifu_image_alt":"","footnotes":""},"categories":[73,82],"tags":[],"class_list":["post-16196","post","type-post","status-publish","format-standard","hentry","category-actualite","category-cameroun"],"_links":{"self":[{"href":"https:\/\/linitiative.ca\/International\/wp-json\/wp\/v2\/posts\/16196","targetHints":{"allow":["GET"]}}],"collection":[{"href":"https:\/\/linitiative.ca\/International\/wp-json\/wp\/v2\/posts"}],"about":[{"href":"https:\/\/linitiative.ca\/International\/wp-json\/wp\/v2\/types\/post"}],"author":[{"embeddable":true,"href":"https:\/\/linitiative.ca\/International\/wp-json\/wp\/v2\/users\/1965"}],"replies":[{"embeddable":true,"href":"https:\/\/linitiative.ca\/International\/wp-json\/wp\/v2\/comments?post=16196"}],"version-history":[{"count":0,"href":"https:\/\/linitiative.ca\/International\/wp-json\/wp\/v2\/posts\/16196\/revisions"}],"wp:attachment":[{"href":"https:\/\/linitiative.ca\/International\/wp-json\/wp\/v2\/media?parent=16196"}],"wp:term":[{"taxonomy":"category","embeddable":true,"href":"https:\/\/linitiative.ca\/International\/wp-json\/wp\/v2\/categories?post=16196"},{"taxonomy":"post_tag","embeddable":true,"href":"https:\/\/linitiative.ca\/International\/wp-json\/wp\/v2\/tags?post=16196"}],"curies":[{"name":"wp","href":"https:\/\/api.w.org\/{rel}","templated":true}]}}