{"id":16197,"date":"2019-02-21T17:50:02","date_gmt":"2019-02-21T22:50:02","guid":{"rendered":"https:\/\/linitiative.ca\/International\/lonu-exhorte-les-haitiens-a-sexprimer-de-maniere-pacifique\/"},"modified":"2019-02-21T17:50:02","modified_gmt":"2019-02-21T22:50:02","slug":"lonu-exhorte-les-haitiens-a-sexprimer-de-maniere-pacifique","status":"publish","type":"post","link":"https:\/\/linitiative.ca\/International\/lonu-exhorte-les-haitiens-a-sexprimer-de-maniere-pacifique\/","title":{"rendered":"L\u2019ONU exhorte les Ha\u00eftiens \u00e0 s\u2019exprimer \u00ab\u00a0de mani\u00e8re pacifique\u00a0\u00bb"},"content":{"rendered":"<div readability=\"32\">\n<p>Publi\u00e9 le 21.02.2019 \u00e0 23h50 par AFP<\/p>\n<\/div>\n<div readability=\"67\">\n<p>Le Conseil de s\u00e9curit\u00e9 de l\u2019ONU a exhort\u00e9 jeudi les Ha\u00eftiens \u00e0 s\u2019exprimer \u00ab\u00a0de mani\u00e8re pacifique\u00a0\u00bb, en faisant part de sa \u00ab\u00a0pr\u00e9occupation\u00a0\u00bb apr\u00e8s la mort d\u2019au moins sept personnes ces derni\u00e8res semaines lors de manifestations violentes.<\/p>\n<p>A la veille d\u2019un nouveau rassemblement vendredi, les membres du Conseil \u00ab\u00a0soulignent l\u2019importance pour tous les acteurs de montrer leur volont\u00e9 \u00e0 s\u2019engager de bonne foi dans les efforts men\u00e9s pour r\u00e9gler les probl\u00e8mes politiques et socio-\u00e9conomiques de Ha\u00efti\u00a0\u00bb.<\/p>\n<p>Cette d\u00e9claration unanime des 15 membres du Conseil a \u00e9t\u00e9 publi\u00e9e \u00e0 l\u2019issue d\u2019une r\u00e9union \u00e0 huis clos du Conseil demand\u00e9e par les Etats-Unis, la France et l\u2019Allemagne.<\/p>\n<p>Selon des sources diplomatiques, plusieurs pays ont salu\u00e9 le r\u00f4le de la mission de l\u2019ONU Minujusth, forte d\u2019un millier de policiers internationaux et qui est charg\u00e9e de conseiller et former la police ha\u00eftienne.<\/p>\n<p><ins data-revive-zoneid=\"9\" data-revive-id=\"10111e19d28d19d031742ee3b0b33eb0\"\/> <\/p>\n<p>Par rapport \u00e0 il y a quelques ann\u00e9es, la police ha\u00eftienne a fait \u00ab\u00a0un saut qualitatif\u00a0\u00bb, a estim\u00e9 une de ces sources sous couvert d\u2019anonymat.<\/p>\n<p>Depuis le 7 f\u00e9vrier, les manifestations se sont multipli\u00e9es \u00e0 travers les principales villes du pays, qui ont subi d\u2019importants d\u00e9g\u00e2ts mat\u00e9riels. Issus en majorit\u00e9 des quartiers les plus pauvres, les contestataires ont r\u00e9clam\u00e9 la d\u00e9mission du pr\u00e9sident Jovenel Mo\u00efse et de meilleures conditions de vie.<\/p>\n<p>Le gouvernement a annonc\u00e9 r\u00e9cemment des mesures \u00e9conomiques d\u2019urgence, favorisant la rigueur dans les administrations et accentuant la lutte contre la contrebande et la corruption.<\/p>\n<\/div>\n<p>Auteur: AFP<br \/>\n<a href=\"https:\/\/www.journalducameroun.com\/lonu-exhorte-les-haitiens-a-sexprimer-de-maniere-pacifique\/\">Cliquez ici pour lire l&rsquo;article depuis sa source.<\/a><\/p>\n","protected":false},"excerpt":{"rendered":"<p>Publi\u00e9 le 21.02.2019 \u00e0 23h50 par AFP Le Conseil de s\u00e9curit\u00e9 de l\u2019ONU a exhort\u00e9 jeudi les Ha\u00eftiens \u00e0 s\u2019exprimer \u00ab\u00a0de mani\u00e8re pacifique\u00a0\u00bb, en faisant part de sa \u00ab\u00a0pr\u00e9occupation\u00a0\u00bb apr\u00e8s la mort d\u2019au moins sept personnes ces derni\u00e8res semaines lors de manifestations violentes. A la veille d\u2019un nouveau rassemblement vendredi, les membres du Conseil \u00ab\u00a0soulignent [&hellip;]<\/p>\n","protected":false},"author":1965,"featured_media":0,"comment_status":"closed","ping_status":"closed","sticky":false,"template":"","format":"standard","meta":{"fifu_image_url":"","fifu_image_alt":"","footnotes":""},"categories":[73,82],"tags":[],"class_list":["post-16197","post","type-post","status-publish","format-standard","hentry","category-actualite","category-cameroun"],"_links":{"self":[{"href":"https:\/\/linitiative.ca\/International\/wp-json\/wp\/v2\/posts\/16197","targetHints":{"allow":["GET"]}}],"collection":[{"href":"https:\/\/linitiative.ca\/International\/wp-json\/wp\/v2\/posts"}],"about":[{"href":"https:\/\/linitiative.ca\/International\/wp-json\/wp\/v2\/types\/post"}],"author":[{"embeddable":true,"href":"https:\/\/linitiative.ca\/International\/wp-json\/wp\/v2\/users\/1965"}],"replies":[{"embeddable":true,"href":"https:\/\/linitiative.ca\/International\/wp-json\/wp\/v2\/comments?post=16197"}],"version-history":[{"count":0,"href":"https:\/\/linitiative.ca\/International\/wp-json\/wp\/v2\/posts\/16197\/revisions"}],"wp:attachment":[{"href":"https:\/\/linitiative.ca\/International\/wp-json\/wp\/v2\/media?parent=16197"}],"wp:term":[{"taxonomy":"category","embeddable":true,"href":"https:\/\/linitiative.ca\/International\/wp-json\/wp\/v2\/categories?post=16197"},{"taxonomy":"post_tag","embeddable":true,"href":"https:\/\/linitiative.ca\/International\/wp-json\/wp\/v2\/tags?post=16197"}],"curies":[{"name":"wp","href":"https:\/\/api.w.org\/{rel}","templated":true}]}}