{"id":16198,"date":"2019-02-21T17:50:03","date_gmt":"2019-02-21T22:50:03","guid":{"rendered":"https:\/\/linitiative.ca\/International\/italie-la-defense-de-battisti-demande-de-ramener-sa-peine-a-30-ans-de-reclusion\/"},"modified":"2019-02-21T17:50:03","modified_gmt":"2019-02-21T22:50:03","slug":"italie-la-defense-de-battisti-demande-de-ramener-sa-peine-a-30-ans-de-reclusion","status":"publish","type":"post","link":"https:\/\/linitiative.ca\/International\/italie-la-defense-de-battisti-demande-de-ramener-sa-peine-a-30-ans-de-reclusion\/","title":{"rendered":"Italie: la d\u00e9fense de Battisti demande de ramener sa peine \u00e0 30 ans de r\u00e9clusion"},"content":{"rendered":"<div readability=\"32\">\n<p>Publi\u00e9 le 21.02.2019 \u00e0 23h50 par AFP<\/p>\n<\/div>\n<div readability=\"94\">\n<p>La d\u00e9fense de Cesare Battisti, ex-activiste italien d\u2019extr\u00eame gauche condamn\u00e9 en Italie pour quatre meurtres et incarc\u00e9r\u00e9 pour purger une peine de perp\u00e9tuit\u00e9, a demand\u00e9 \u00e0 ce que sa peine soit ramen\u00e9e \u00e0 30 ans de r\u00e9clusion, a rapport\u00e9 jeudi l\u2019agence AGI.<\/p>\n<p>Selon l\u2019agence, son avocat, Davide Steccanella, a d\u00e9pos\u00e9 trois m\u00e9moires ces derniers jours \u00e0 la Cour d\u2019assises de Milan pour r\u00e9clamer un jugement en appel ramenant la peine de son client, \u00e2g\u00e9 de 64 ans, \u00e0 30 ans de r\u00e9clusion.<\/p>\n<p>L\u2019avocat a d\u00e9plor\u00e9 \u00ab\u00a0l\u2019exposition m\u00e9diatique particuli\u00e8re\u00a0\u00bb que son client a subie et a d\u00e9nonc\u00e9 \u00ab\u00a0des d\u00e9clarations publiques de ministres\u00a0\u00bb qui se sont exprim\u00e9s avec une certitude absolue sur la peine de Cesare Battisti, selon AGI.<\/p>\n<p>Le ministre italien de l\u2019Int\u00e9rieur, Matteo Salvini, \u00e9galement chef de la Ligue (extr\u00eame droite), avait ainsi promis \u00e0 l\u2019ex-terroriste de \u00ab\u00a0moisir en prison\u00a0\u00bb. Son coll\u00e8gue \u00e0 la Justice, Alfonso Bonafede, membre du Mouvement 5 Etoiles (M5S, antisyst\u00e8me), a fait diffuser une vid\u00e9o sur le retour de Battisti en Italie o\u00f9 \u00ab\u00a0il est expos\u00e9 comme un troph\u00e9e de chasse\u00a0\u00bb, selon une association d\u2019avocats p\u00e9nalistes.<\/p>\n<p>Cesare Battisti a \u00e9t\u00e9 captur\u00e9 \u00e0 la mi-janvier en Bolivie apr\u00e8s 40 ans de cavale et expuls\u00e9 vers l\u2019Italie. Apr\u00e8s son arriv\u00e9e \u00e0 Rome il a \u00e9t\u00e9 transf\u00e9r\u00e9 dans une prison de haute s\u00e9curit\u00e9 en Sardaigne o\u00f9 il devra purger sa peine.<\/p>\n<p><ins data-revive-zoneid=\"9\" data-revive-id=\"10111e19d28d19d031742ee3b0b33eb0\"\/> <\/p>\n<p>L\u2019avocat a par la suite d\u00e9taill\u00e9 les raisons de sa requ\u00eate de ramener la peine de r\u00e9clusion de son client \u00e0 30 ans.<\/p>\n<p>La loi br\u00e9silienne ne pr\u00e9voit pas de peine de r\u00e9clusion \u00e0 perp\u00e9tuit\u00e9, le maximum \u00e9tant de 30 ans. Or Cesare Battisti aurait d\u00fb \u00eatre renvoy\u00e9 dans ce pays apr\u00e8s sa capture en Bolivie et pas directement en Italie, estime Me Steccanella.<\/p>\n<p>La Bolivie a commis deux fautes proc\u00e9durales, selon l\u2019avocat italien : elle n\u2019a pas attendu l\u2019expiration du d\u00e9lai de trois jours pr\u00e9vu par la loi bolivienne pour permettre de d\u00e9poser un \u00e9ventuel recours et elle n\u2019a pas renvoy\u00e9 Battisti dans le \u00ab\u00a0pays d\u2019origine\u00a0\u00bb, qui \u00e9tait dans ce cas le Br\u00e9sil, d\u2019o\u00f9 \u00e9tait arriv\u00e9 l\u2019ex-terroriste qui fuyait les justices br\u00e9silienne et italienne.<\/p>\n<p>La th\u00e8se de l\u2019avocat est que si la Bolivie avait renvoy\u00e9 Cesare Battisti au Br\u00e9sil, le Br\u00e9sil n\u2019aurait pas extrad\u00e9 ce dernier en Italie tant qu\u2019il n\u2019aurait pas eu la certitude que l\u2019ex-terroriste serait condamn\u00e9 \u00e0 un maximum de 30 ans de r\u00e9clusion, conform\u00e9ment \u00e0 sa loi, et non \u00e0 la perp\u00e9tuit\u00e9, comme le pr\u00e9voit la loi italienne.<\/p>\n<\/div>\n<p>Auteur: AFP<br \/>\n<a href=\"https:\/\/www.journalducameroun.com\/italie-la-defense-de-battisti-demande-de-ramener-sa-peine-a-30-ans-de-reclusion\/\">Cliquez ici pour lire l&rsquo;article depuis sa source.<\/a><\/p>\n","protected":false},"excerpt":{"rendered":"<p>Publi\u00e9 le 21.02.2019 \u00e0 23h50 par AFP La d\u00e9fense de Cesare Battisti, ex-activiste italien d\u2019extr\u00eame gauche condamn\u00e9 en Italie pour quatre meurtres et incarc\u00e9r\u00e9 pour purger une peine de perp\u00e9tuit\u00e9, a demand\u00e9 \u00e0 ce que sa peine soit ramen\u00e9e \u00e0 30 ans de r\u00e9clusion, a rapport\u00e9 jeudi l\u2019agence AGI. Selon l\u2019agence, son avocat, Davide Steccanella, [&hellip;]<\/p>\n","protected":false},"author":1965,"featured_media":0,"comment_status":"closed","ping_status":"closed","sticky":false,"template":"","format":"standard","meta":{"fifu_image_url":"","fifu_image_alt":"","footnotes":""},"categories":[73,82],"tags":[],"class_list":["post-16198","post","type-post","status-publish","format-standard","hentry","category-actualite","category-cameroun"],"_links":{"self":[{"href":"https:\/\/linitiative.ca\/International\/wp-json\/wp\/v2\/posts\/16198","targetHints":{"allow":["GET"]}}],"collection":[{"href":"https:\/\/linitiative.ca\/International\/wp-json\/wp\/v2\/posts"}],"about":[{"href":"https:\/\/linitiative.ca\/International\/wp-json\/wp\/v2\/types\/post"}],"author":[{"embeddable":true,"href":"https:\/\/linitiative.ca\/International\/wp-json\/wp\/v2\/users\/1965"}],"replies":[{"embeddable":true,"href":"https:\/\/linitiative.ca\/International\/wp-json\/wp\/v2\/comments?post=16198"}],"version-history":[{"count":0,"href":"https:\/\/linitiative.ca\/International\/wp-json\/wp\/v2\/posts\/16198\/revisions"}],"wp:attachment":[{"href":"https:\/\/linitiative.ca\/International\/wp-json\/wp\/v2\/media?parent=16198"}],"wp:term":[{"taxonomy":"category","embeddable":true,"href":"https:\/\/linitiative.ca\/International\/wp-json\/wp\/v2\/categories?post=16198"},{"taxonomy":"post_tag","embeddable":true,"href":"https:\/\/linitiative.ca\/International\/wp-json\/wp\/v2\/tags?post=16198"}],"curies":[{"name":"wp","href":"https:\/\/api.w.org\/{rel}","templated":true}]}}