{"id":16200,"date":"2019-02-21T17:50:06","date_gmt":"2019-02-21T22:50:06","guid":{"rendered":"https:\/\/linitiative.ca\/International\/mozambique-attaque-dun-convoi-du-groupe-petrolier-americain-anadarko\/"},"modified":"2019-02-21T17:50:06","modified_gmt":"2019-02-21T22:50:06","slug":"mozambique-attaque-dun-convoi-du-groupe-petrolier-americain-anadarko","status":"publish","type":"post","link":"https:\/\/linitiative.ca\/International\/mozambique-attaque-dun-convoi-du-groupe-petrolier-americain-anadarko\/","title":{"rendered":"Mozambique: attaque d\u2019un convoi du groupe p\u00e9trolier am\u00e9ricain Anadarko"},"content":{"rendered":"<div readability=\"32\">\n<p>Publi\u00e9 le 21.02.2019 \u00e0 23h50 par AFP<\/p>\n<\/div>\n<div readability=\"66\">\n<p>Un convoi du groupe p\u00e9trolier am\u00e9ricain Anadarko a \u00e9t\u00e9 attaqu\u00e9 jeudi dans le nord du Mozambique, o\u00f9 s\u00e9vissent des groupes arm\u00e9s jihadistes, selon des sources au sein de la compagnie.<\/p>\n<p>Ces sources, qui n\u2019ont pas souhait\u00e9 \u00eatre nomm\u00e9es, ont indiqu\u00e9 que le convoi de v\u00e9hicules avait \u00e9t\u00e9 ataqu\u00e9 vers 15H00 GMT, et qu\u2019aucun employ\u00e9 n\u2019avait \u00e9t\u00e9 bless\u00e9.<\/p>\n<p>L\u2019attaque a eu lieu sur une route reliant Mocimboa da Praia \u00e0 Palma, le centre n\u00e9vralgique de l\u2019industrie gazi\u00e8re qui s\u2019est d\u00e9velopp\u00e9e au Mozambique apr\u00e8s la d\u00e9couverte de gigantesques r\u00e9serves de gaz.<\/p>\n<p>Des hommes arm\u00e9s ont bloqu\u00e9 la route et attaqu\u00e9 le convoi avec des armes \u00e0 feu, ont indiqu\u00e9 ces sources \u00e0 l\u2019AFP.<\/p>\n<p>La direction du groupe, sollicit\u00e9e, n\u2019a pas souhait\u00e9 commenter ces informations.<\/p>\n<p><ins data-revive-zoneid=\"9\" data-revive-id=\"10111e19d28d19d031742ee3b0b33eb0\"\/> <\/p>\n<p>Anadarko a pr\u00e9vu d\u2019investir des milliards de dollars dans l\u2019exploitation des r\u00e9serves de gaz d\u00e9couvertes au large de la c\u00f4te nord-est du Mozambique.<\/p>\n<p>Outre celles accord\u00e9es \u00e0 l\u2019Am\u00e9ricain, des concessions ont \u00e9galement \u00e9t\u00e9 accord\u00e9es dans la r\u00e9gion \u00e0 l\u2019Italien ENI, au Chinois CNPC ou au Portugais Galp.<\/p>\n<p>Ce m\u00e9gaprojet est menac\u00e9 par l\u2019insurrection islamiste qui s\u2019est d\u00e9clar\u00e9e il y a un an dans le Cabo Delgado, qui a d\u00e9j\u00e0 fait plus d\u2019une centaine de victimes civiles.<\/p>\n<\/div>\n<p>Auteur: AFP<br \/>\n<a href=\"https:\/\/www.journalducameroun.com\/mozambique-attaque-dun-convoi-du-groupe-petrolier-americain-anadarko\/\">Cliquez ici pour lire l&rsquo;article depuis sa source.<\/a><\/p>\n","protected":false},"excerpt":{"rendered":"<p>Publi\u00e9 le 21.02.2019 \u00e0 23h50 par AFP Un convoi du groupe p\u00e9trolier am\u00e9ricain Anadarko a \u00e9t\u00e9 attaqu\u00e9 jeudi dans le nord du Mozambique, o\u00f9 s\u00e9vissent des groupes arm\u00e9s jihadistes, selon des sources au sein de la compagnie. Ces sources, qui n\u2019ont pas souhait\u00e9 \u00eatre nomm\u00e9es, ont indiqu\u00e9 que le convoi de v\u00e9hicules avait \u00e9t\u00e9 ataqu\u00e9 [&hellip;]<\/p>\n","protected":false},"author":1965,"featured_media":0,"comment_status":"closed","ping_status":"closed","sticky":false,"template":"","format":"standard","meta":{"fifu_image_url":"","fifu_image_alt":"","footnotes":""},"categories":[73,82],"tags":[],"class_list":["post-16200","post","type-post","status-publish","format-standard","hentry","category-actualite","category-cameroun"],"_links":{"self":[{"href":"https:\/\/linitiative.ca\/International\/wp-json\/wp\/v2\/posts\/16200","targetHints":{"allow":["GET"]}}],"collection":[{"href":"https:\/\/linitiative.ca\/International\/wp-json\/wp\/v2\/posts"}],"about":[{"href":"https:\/\/linitiative.ca\/International\/wp-json\/wp\/v2\/types\/post"}],"author":[{"embeddable":true,"href":"https:\/\/linitiative.ca\/International\/wp-json\/wp\/v2\/users\/1965"}],"replies":[{"embeddable":true,"href":"https:\/\/linitiative.ca\/International\/wp-json\/wp\/v2\/comments?post=16200"}],"version-history":[{"count":0,"href":"https:\/\/linitiative.ca\/International\/wp-json\/wp\/v2\/posts\/16200\/revisions"}],"wp:attachment":[{"href":"https:\/\/linitiative.ca\/International\/wp-json\/wp\/v2\/media?parent=16200"}],"wp:term":[{"taxonomy":"category","embeddable":true,"href":"https:\/\/linitiative.ca\/International\/wp-json\/wp\/v2\/categories?post=16200"},{"taxonomy":"post_tag","embeddable":true,"href":"https:\/\/linitiative.ca\/International\/wp-json\/wp\/v2\/tags?post=16200"}],"curies":[{"name":"wp","href":"https:\/\/api.w.org\/{rel}","templated":true}]}}