{"id":16241,"date":"2019-02-21T20:32:36","date_gmt":"2019-02-22T01:32:36","guid":{"rendered":"https:\/\/linitiative.ca\/International\/lutte-contre-linsecurite-le-ministre-invite-les-acteurs-a-redoubler-dardeur\/"},"modified":"2019-02-21T20:32:36","modified_gmt":"2019-02-22T01:32:36","slug":"lutte-contre-linsecurite-le-ministre-invite-les-acteurs-a-redoubler-dardeur","status":"publish","type":"post","link":"https:\/\/linitiative.ca\/International\/lutte-contre-linsecurite-le-ministre-invite-les-acteurs-a-redoubler-dardeur\/","title":{"rendered":"Lutte contre l\u2019ins\u00e9curit\u00e9: le ministre invite les acteurs  \u00e0 redoubler d\u2019ardeur"},"content":{"rendered":"<div class=\"td-post-featured-image\"><a href=\"https:\/\/i1.wp.com\/www.sidwaya.info\/wp-content\/uploads\/2019\/02\/ministresc.jpg?fit=787%2C525&#038;ssl=1\" data-caption=\"\"><img loading=\"lazy\" decoding=\"async\" width=\"696\" height=\"464\" class=\"entry-thumb td-modal-image\" src=\"https:\/\/i1.wp.com\/www.sidwaya.info\/wp-content\/uploads\/2019\/02\/ministresc.jpg?resize=696%2C464&#038;ssl=1\" srcset=\"https:\/\/i1.wp.com\/www.sidwaya.info\/wp-content\/uploads\/2019\/02\/ministresc.jpg?w=787&#038;ssl=1 787w, https:\/\/i1.wp.com\/www.sidwaya.info\/wp-content\/uploads\/2019\/02\/ministresc.jpg?resize=300%2C200&#038;ssl=1 300w, https:\/\/i1.wp.com\/www.sidwaya.info\/wp-content\/uploads\/2019\/02\/ministresc.jpg?resize=768%2C512&#038;ssl=1 768w, https:\/\/i1.wp.com\/www.sidwaya.info\/wp-content\/uploads\/2019\/02\/ministresc.jpg?resize=696%2C464&#038;ssl=1 696w, https:\/\/i1.wp.com\/www.sidwaya.info\/wp-content\/uploads\/2019\/02\/ministresc.jpg?resize=630%2C420&#038;ssl=1 630w\" sizes=\"auto, (max-width: 696px) 100vw, 696px\" alt=\"\" title=\"ministresc\"\/><\/a><\/div>\n<div class=\"td-a-rec td-a-rec-id-content_top td_uid_24_5c6fe0ff14cb6_rand td_block_template_1\"><img loading=\"lazy\" decoding=\"async\" class=\"aligncenter size-full wp-image-4463\" src=\"https:\/\/www.sidwaya.info\/wp-content\/uploads\/2019\/02\/FESPACO-TOUR-2019-Bannie%CC%80re-728x90-1.jpg\" alt=\"\" width=\"728\" height=\"90\"\/><\/div>\n<p><strong>Le minist\u00e8re de la S\u00e9curit\u00e9 a tenu son premier Conseil d\u2019administration du secteur minist\u00e9riel de l\u2019ann\u00e9e, le jeudi 21 f\u00e9vrier 2019 \u00e0 Ouagadougou, sous le th\u00e8me : \u00ab Enjeux de la collaboration entre populations et forces de d\u00e9fense et de s\u00e9curit\u00e9 dans un contexte de terrorisme \u00bb.<\/strong><\/p>\n<p>Le minist\u00e8re de la S\u00e9curit\u00e9 est d\u00e9termin\u00e9 \u00e0 remonter la pente dans la lutte contre le terrorisme. Pour y arriver, le d\u00e9partement compte sur la collaboration entre les populations et les Forces de d\u00e9fense et de s\u00e9curit\u00e9 (FDS). A cet effet, le minist\u00e8re a men\u00e9 une r\u00e9flexion sur la probl\u00e9matique au cours de son premier Conseil d\u2019administration du secteur minist\u00e9riel (CASEM) tenu, le jeudi 21 f\u00e9vrier 2019 dans la capitale burkinab\u00e8.<\/p>\n<p>Pour le ministre de la S\u00e9curit\u00e9, Ouss\u00e9ni Compaor\u00e9, cette collaboration est un imp\u00e9ratif pour les deux parties de travailler ensemble dans un esprit de compr\u00e9hension et d\u2019assistance mutuelle. Cette coop\u00e9ration se fait souvent sans que les actions ne suivent, toute chose qui cultive la crainte des citoyens qui s\u2019abstiennent de d\u00e9noncer. Le ministre se dit conscient de la situation, d\u2019o\u00f9 la pr\u00e9sente rencontre dont le but est de d\u00e9gager des pistes de solutions d\u2019am\u00e9lioration des relations de collaboration entre populations et FDS. \u00ab Il est l\u00e9gitime que les populations se sentent en ins\u00e9curit\u00e9, car vivant parfois avec les forces du mal qui suivent leurs mouvements.<\/p>\n<p>Ces malfaiteurs consid\u00e8rent que dire bonjour \u00e0 un policier est synonyme de donner forcement une information sur leurs activit\u00e9s \u00bb, a reconnu M. Compaor\u00e9. C\u2019est pourquoi, il a pr\u00e9cis\u00e9 que le plus important pour l\u2019heure n\u2019est pas la d\u00e9nonciation, mais la recherche d\u2019une vie en symbiose. \u00ab Lorsque nous vivons en harmonie, le policier ou le gendarme comprend automatiquement le souci du citoyen qu\u2019il rencontre tous les jours \u00bb, a fait remarquer le ministre.<\/p>\n<p>Le CASEM a \u00e9t\u00e9 aussi l\u2019occasion de faire le bilan de l\u2019ann\u00e9e 2018. Le chef du d\u00e9partement de la s\u00e9curit\u00e9 a f\u00e9licit\u00e9 ses collaborateurs pour le taux de r\u00e9alisation du programme d\u2019activit\u00e9s de 86,61 %. En termes d\u2019activit\u00e9s phares, Ouss\u00e9ni Compaor\u00e9 a cit\u00e9 les constructions des infrastructures de s\u00e9curit\u00e9, le taux de maillage du territoire national en service de s\u00e9curit\u00e9 pass\u00e9 de 61,14% en d\u00e9cembre 2017 \u00e0 65,81% en d\u00e9cembre 2018 et l\u2019acquisition des moyens roulant et mat\u00e9riels sp\u00e9cifiques d\u2019une valeur de plus de 4 milliards 381 millions francs CFA. Le ministre a, en outre, appel\u00e9 son \u00e9quipe \u00e0 plus d\u2019ardeur pour relever les d\u00e9fis de l\u2019ann\u00e9e en cours.<\/p>\n<p>Abdoulaye BALBONE<\/p>\n<div class=\"td-a-rec td-a-rec-id-content_bottom td_uid_25_5c6fe0ff14e0c_rand td_block_template_1\"><img loading=\"lazy\" decoding=\"async\" class=\"alignright size-full wp-image-1724\" src=\"https:\/\/www.sidwaya.info\/wp-content\/uploads\/2018\/12\/sidwaya-pub.jpg\" alt=\"\" width=\"720\" height=\"90\"\/><\/div>\n<p>Auteur: BM. Sidwaya<br \/>\n<a href=\"https:\/\/www.sidwaya.info\/blog\/2019\/02\/22\/lutte-contre-linsecurite-le-ministre-invite-les-acteurs-a-redoubler-dardeur\/\">Cliquez ici pour lire l&rsquo;article depuis sa source.<\/a><\/p>\n","protected":false},"excerpt":{"rendered":"<p>Le minist\u00e8re de la S\u00e9curit\u00e9 a tenu son premier Conseil d\u2019administration du secteur minist\u00e9riel de l\u2019ann\u00e9e, le jeudi 21 f\u00e9vrier 2019 \u00e0 Ouagadougou, sous le th\u00e8me : \u00ab Enjeux de la collaboration entre populations et forces de d\u00e9fense et de s\u00e9curit\u00e9 dans un contexte de terrorisme \u00bb. Le minist\u00e8re de la S\u00e9curit\u00e9 est d\u00e9termin\u00e9 \u00e0 [&hellip;]<\/p>\n","protected":false},"author":1816,"featured_media":0,"comment_status":"closed","ping_status":"closed","sticky":false,"template":"","format":"standard","meta":{"fifu_image_url":"","fifu_image_alt":"","footnotes":""},"categories":[73,81],"tags":[],"class_list":["post-16241","post","type-post","status-publish","format-standard","hentry","category-actualite","category-burkina-faso"],"_links":{"self":[{"href":"https:\/\/linitiative.ca\/International\/wp-json\/wp\/v2\/posts\/16241","targetHints":{"allow":["GET"]}}],"collection":[{"href":"https:\/\/linitiative.ca\/International\/wp-json\/wp\/v2\/posts"}],"about":[{"href":"https:\/\/linitiative.ca\/International\/wp-json\/wp\/v2\/types\/post"}],"author":[{"embeddable":true,"href":"https:\/\/linitiative.ca\/International\/wp-json\/wp\/v2\/users\/1816"}],"replies":[{"embeddable":true,"href":"https:\/\/linitiative.ca\/International\/wp-json\/wp\/v2\/comments?post=16241"}],"version-history":[{"count":0,"href":"https:\/\/linitiative.ca\/International\/wp-json\/wp\/v2\/posts\/16241\/revisions"}],"wp:attachment":[{"href":"https:\/\/linitiative.ca\/International\/wp-json\/wp\/v2\/media?parent=16241"}],"wp:term":[{"taxonomy":"category","embeddable":true,"href":"https:\/\/linitiative.ca\/International\/wp-json\/wp\/v2\/categories?post=16241"},{"taxonomy":"post_tag","embeddable":true,"href":"https:\/\/linitiative.ca\/International\/wp-json\/wp\/v2\/tags?post=16241"}],"curies":[{"name":"wp","href":"https:\/\/api.w.org\/{rel}","templated":true}]}}