{"id":16249,"date":"2019-02-21T20:34:13","date_gmt":"2019-02-22T01:34:13","guid":{"rendered":"https:\/\/linitiative.ca\/International\/les-reseaux-sociaux-a-but-asocial\/"},"modified":"2019-02-21T20:34:13","modified_gmt":"2019-02-22T01:34:13","slug":"les-reseaux-sociaux-a-but-asocial","status":"publish","type":"post","link":"https:\/\/linitiative.ca\/International\/les-reseaux-sociaux-a-but-asocial\/","title":{"rendered":"Les r\u00e9seaux sociaux \u00e0 but asocial"},"content":{"rendered":"<div class=\"td-a-rec td-a-rec-id-content_top td_uid_24_5c6fe1062b477_rand td_block_template_1\"><img loading=\"lazy\" decoding=\"async\" class=\"aligncenter size-full wp-image-4463\" src=\"https:\/\/www.sidwaya.info\/wp-content\/uploads\/2019\/02\/FESPACO-TOUR-2019-Bannie%CC%80re-728x90-1.jpg\" alt=\"\" width=\"728\" height=\"90\"\/><\/div>\n<p>Je me demande souvent quel temps un citoyen normal peut-il avoir \u00e0 se pavaner sur les r\u00e9seaux sociaux entre commentaires et d\u00e9bats parfois st\u00e9riles. Je me demande quel temps ils ont \u00e0 surfer sur Facebook pendant que la nation a besoin de leur force de travail. Les r\u00e9seaux sociaux ne sont plus des r\u00e9seaux ou des liens entre les hommes ; ce sont plut\u00f4t des isoloirs asociaux qui effritent le tissu social au profit d\u2019un individualisme chronique. On ne peut plus se parler et se tapoter ; on pr\u00e9f\u00e8re papoter sur la toile sur des sujets parfois futiles que pu\u00e9riles ; on ne peut plus discuter de questions s\u00e9rieuses ; on \u00e9tale ses carences avec une suffisance qui frise la nuisance.<\/p>\n<p>Si seulement ces immatures internautes savaient que leurs b\u00eatises font l\u2019objet d\u2019\u00e9tudes minutieuses, d\u2019enqu\u00eates et de recherches. Parfois, je tombe des nues en voyant un quidam \u00e0 la tronche hideuse se faire des selfies dans un avion, calfeutr\u00e9 au hublot avec la mention : \u00ab en partance pour la France\u2026 toujours entre deux avions\u2026 l\u2019aventure continue\u2026 hier \u00e0 terre, aujourd\u2019hui dans les airs, etc. \u00bb. Prenez cet autre rustre qui immortalise son infantilisme au volant d\u2019un tacot avec la mention : \u00ab la r\u00e9ussite, ah la r\u00e9ussite ! \u00bb J\u2019ai de la peine \u00e0 \u00e9voquer ce pauvre ignare des temps modernes qui nous publie le corps de son d\u00e9funt p\u00e8re et qui se laisse d\u00e9verser des tas de \u00ab j\u2019aime \u00bb de la part de ses impolis amis. Et que dire de ce fougueux \u00ab animal social \u00bb qui expose sa vie priv\u00e9e en plusieurs tomes et albums sur la poubelle du net ? Si la fascination pour les technologies de l\u2019information et de la communication doit nous \u00e9loigner de nous-m\u00eame et de la soci\u00e9t\u00e9, alors, que l\u2019on nous coupe tout ce c\u00e2blage qui nous \u00e9touffe. Si \u00eatre connect\u00e9 signifie se d\u00e9connecter de la r\u00e9alit\u00e9, du bon sens et de la morale, alors, repartons \u00e0 l\u2019\u00e9tat de nature.<\/p>\n<p>En ce temps d\u2019ins\u00e9curit\u00e9, il y a des gens qui tiennent des propos tendancieux et mal \u00e0-propos sur les r\u00e9seaux sociaux. Il y en a m\u00eame qui, par leur exub\u00e9rance, finissent par donner les positions de nos vaillants d\u00e9fenseurs. N\u2019oublions pas ces incultes \u00ab experts \u00bb colporteurs de sensationnel et de rumeurs. Sans formation ni initiation au journalisme, ils jouent les connaisseurs sur un terrain glissant o\u00f9 ils n\u2019ont aucun rudiment pour se faire respecter. Sans la moindre b\u00e9quille, on balance n\u2019importe quoi n\u2019importe comment comme si les r\u00e9seaux sociaux \u00e9taient d\u00e9volus \u00e0 n\u2019importe qui. J\u2019en veux aussi au soldat qui nous \u00e9clabousse d\u2019images atroces du terrain comme pour dire que les gars ont bien fait leur boulot. Je ne suis pas tendre envers l\u2019autorit\u00e9 et son entourage qui laissent parfois filer l\u2019information strat\u00e9gique pour l\u00e9gitimer ses efforts et engranger de potentielles voix. Il y a des fois o\u00f9 il faut faire un blackout sur certaines informations. Il y a des fois o\u00f9 il faut dire aux renifleurs et fouineurs de primeurs d\u2019 \u00ab aller voir ailleurs \u00bb ; parfois m\u00eame, il faut tout couper pour d\u00e9jouer la tactique de l\u2019autre. Malheureusement, entre la communication politique parfois \u00e9thylique et soporifique et la \u00ab r\u00e9al militaire \u00bb, il y a un grand foss\u00e9 que seule la raison peut combler.<\/p>\n<p>Les r\u00e9seaux sociaux ne sont pas que des poubelles sociales. Il y a encore des \u00eatres lucides qui en usent \u00e0 bon escient \u00e0 travers des le\u00e7ons, des conseils et des avis r\u00e9fl\u00e9chis. C\u2019est pour ces grands esprits, que je m\u2019y aventure souvent en enjambant les menus fretins en \u00e9tat de putr\u00e9faction. C\u2019est pour ces b\u00e2tisseurs de l\u2019ombre que j\u2019ose pointer le nez dans la \u00ab merde \u00bb en volant plus haut que le vers de terre qui s\u2019englue en merdoyant dans son propre merdique merdier. Apr\u00e8s tout, le monde est ainsi fait : il y a ceux qui vivent inutilement sur terre et ceux qui se battent nuit et jour pour se tailler une place dans l\u2019histoire. La meilleure fa\u00e7on d\u2019exister ne consiste pas \u00e0 se bomber le torse nu sur Facebook ou \u00e0 y prof\u00e9rer des insanit\u00e9s dignes de mioche. La meilleure fa\u00e7on de marquer son existence, c\u2019est d\u2019\u00eatre pond\u00e9r\u00e9 et mod\u00e9r\u00e9 dans la vie. Parce qu\u2019avant qu\u2019Internet ne nous prenne la t\u00eate nous n\u2019\u00e9tions pas moins nets. Dr\u00f4les de r\u00e9seaux sociaux pour cas sociaux ! Haro aux r\u00e9seaux sociaux \u00e0 but asocial !<\/p>\n<p>Cl\u00e9ment ZONGO<br \/>clmentzongo@yahoo.fr<\/p>\n<div class=\"td-a-rec td-a-rec-id-content_bottom td_uid_25_5c6fe1062b5cd_rand td_block_template_1\"><img loading=\"lazy\" decoding=\"async\" class=\"alignright size-full wp-image-1724\" src=\"https:\/\/www.sidwaya.info\/wp-content\/uploads\/2018\/12\/sidwaya-pub.jpg\" alt=\"\" width=\"720\" height=\"90\"\/><\/div>\n<p>Auteur: BM. Sidwaya<br \/>\n<a href=\"https:\/\/www.sidwaya.info\/blog\/2019\/02\/22\/les-reseaux-sociaux-a-but-asocial\/\">Cliquez ici pour lire l&rsquo;article depuis sa source.<\/a><\/p>\n","protected":false},"excerpt":{"rendered":"<p>Je me demande souvent quel temps un citoyen normal peut-il avoir \u00e0 se pavaner sur les r\u00e9seaux sociaux entre commentaires et d\u00e9bats parfois st\u00e9riles. Je me demande quel temps ils ont \u00e0 surfer sur Facebook pendant que la nation a besoin de leur force de travail. Les r\u00e9seaux sociaux ne sont plus des r\u00e9seaux ou [&hellip;]<\/p>\n","protected":false},"author":1816,"featured_media":16251,"comment_status":"closed","ping_status":"closed","sticky":false,"template":"","format":"standard","meta":{"fifu_image_url":"","fifu_image_alt":"","footnotes":""},"categories":[73,81],"tags":[],"class_list":["post-16249","post","type-post","status-publish","format-standard","has-post-thumbnail","hentry","category-actualite","category-burkina-faso"],"_links":{"self":[{"href":"https:\/\/linitiative.ca\/International\/wp-json\/wp\/v2\/posts\/16249","targetHints":{"allow":["GET"]}}],"collection":[{"href":"https:\/\/linitiative.ca\/International\/wp-json\/wp\/v2\/posts"}],"about":[{"href":"https:\/\/linitiative.ca\/International\/wp-json\/wp\/v2\/types\/post"}],"author":[{"embeddable":true,"href":"https:\/\/linitiative.ca\/International\/wp-json\/wp\/v2\/users\/1816"}],"replies":[{"embeddable":true,"href":"https:\/\/linitiative.ca\/International\/wp-json\/wp\/v2\/comments?post=16249"}],"version-history":[{"count":0,"href":"https:\/\/linitiative.ca\/International\/wp-json\/wp\/v2\/posts\/16249\/revisions"}],"wp:featuredmedia":[{"embeddable":true,"href":"https:\/\/linitiative.ca\/International\/wp-json\/"}],"wp:attachment":[{"href":"https:\/\/linitiative.ca\/International\/wp-json\/wp\/v2\/media?parent=16249"}],"wp:term":[{"taxonomy":"category","embeddable":true,"href":"https:\/\/linitiative.ca\/International\/wp-json\/wp\/v2\/categories?post=16249"},{"taxonomy":"post_tag","embeddable":true,"href":"https:\/\/linitiative.ca\/International\/wp-json\/wp\/v2\/tags?post=16249"}],"curies":[{"name":"wp","href":"https:\/\/api.w.org\/{rel}","templated":true}]}}