{"id":16253,"date":"2019-02-21T14:55:39","date_gmt":"2019-02-21T19:55:39","guid":{"rendered":"https:\/\/linitiative.ca\/International\/aeroport-nador-al-aroui-le-trafic-passagers-en-progression-de-pres-de-5-en-janvier\/"},"modified":"2019-02-21T14:55:39","modified_gmt":"2019-02-21T19:55:39","slug":"aeroport-nador-al-aroui-le-trafic-passagers-en-progression-de-pres-de-5-en-janvier","status":"publish","type":"post","link":"https:\/\/linitiative.ca\/International\/aeroport-nador-al-aroui-le-trafic-passagers-en-progression-de-pres-de-5-en-janvier\/","title":{"rendered":"A\u00e9roport Nador-Al Aroui: Le trafic passagers en progression de pr\u00e8s de 5% en janvier"},"content":{"rendered":"<div class=\"single-featured\"><img alt=\"A\u00e9roport Nador-Al Aroui\" data-src=\"http:\/\/www.mapoujda.ma\/map\/uploads\/2019\/01\/Nador_Aeroport.jpg\"\/><\/div>\n<div class=\"single-post-excerpt post-excerpt-bc\" readability=\"34\">\n<p>L\u2019a\u00e9roport Nador-Al Aroui a enregistr\u00e9 durant le mois de janvier dernier une hausse de 4,96% en termes de trafic passagers par rapport \u00e0 la m\u00eame p\u00e9riode de l\u2019ann\u00e9e 2018.<\/p>\n<\/div>\n<div class=\"entry-content clearfix single-post-content\" readability=\"59\">\n<p>Selon les donn\u00e9es de l\u2019Office national des a\u00e9roports (ONDA), le nombre des passagers ayant transit\u00e9 via cet a\u00e9roport durant le premier mois de cette ann\u00e9e a atteint 52.979, contre 50.474 en janvier 2018.<\/p>\n<p>L\u2019a\u00e9roport Nador-Al Aroui s\u2019est accapar\u00e9 2,85% du volume de trafic enregistr\u00e9 au niveau des diff\u00e9rents a\u00e9roports du Royaume en janvier 2019, se pla\u00e7ant ainsi \u00e0 la 7\u00e8me place \u00e0 l\u2019\u00e9chelon national et en p\u00f4le position sur le plan r\u00e9gional devant l\u2019a\u00e9roport d\u2019Oujda-Angad (8\u00e8me).<\/p>\n<p>La ville de Nador est desservie \u00e0 partir de plusieurs a\u00e9roports notamment Bruxelles et Charleroi (Belgique), Amsterdam (Pays-Bas), Paris, Marseille et Montpellier (France), Madrid, Barcelone, Majorque et G\u00e9rone (Espagne), Frankfurt, Cologne et Dusseldorf (Allemagne).<\/p>\n<p>Le nombre de passagers qui ont utilis\u00e9 cette plateforme a\u00e9roportuaire durant l\u2019ann\u00e9e \u00e9coul\u00e9e a atteint 710.559, soit une l\u00e9g\u00e8re progression de 0,51% par rapport \u00e0 l\u2019ann\u00e9e 2017.<\/p>\n<\/div>\n<p>Auteur: Soufiane ELAHMAR<br \/>\n<a href=\"http:\/\/www.mapoujda.ma\/fr\/aeroport-nador-al-aroui-le-trafic-passagers-en-progression-de-pres-de-5-en-janvier\/\">Cliquez ici pour lire l&rsquo;article depuis sa source.<\/a><\/p>\n","protected":false},"excerpt":{"rendered":"<p>L\u2019a\u00e9roport Nador-Al Aroui a enregistr\u00e9 durant le mois de janvier dernier une hausse de 4,96% en termes de trafic passagers par rapport \u00e0 la m\u00eame p\u00e9riode de l\u2019ann\u00e9e 2018. Selon les donn\u00e9es de l\u2019Office national des a\u00e9roports (ONDA), le nombre des passagers ayant transit\u00e9 via cet a\u00e9roport durant le premier mois de cette ann\u00e9e a [&hellip;]<\/p>\n","protected":false},"author":1788,"featured_media":16262,"comment_status":"closed","ping_status":"closed","sticky":false,"template":"","format":"standard","meta":{"fifu_image_url":"","fifu_image_alt":"","footnotes":""},"categories":[54,76],"tags":[],"class_list":["post-16253","post","type-post","status-publish","format-standard","has-post-thumbnail","hentry","category-maroc","category-regions"],"_links":{"self":[{"href":"https:\/\/linitiative.ca\/International\/wp-json\/wp\/v2\/posts\/16253","targetHints":{"allow":["GET"]}}],"collection":[{"href":"https:\/\/linitiative.ca\/International\/wp-json\/wp\/v2\/posts"}],"about":[{"href":"https:\/\/linitiative.ca\/International\/wp-json\/wp\/v2\/types\/post"}],"author":[{"embeddable":true,"href":"https:\/\/linitiative.ca\/International\/wp-json\/wp\/v2\/users\/1788"}],"replies":[{"embeddable":true,"href":"https:\/\/linitiative.ca\/International\/wp-json\/wp\/v2\/comments?post=16253"}],"version-history":[{"count":0,"href":"https:\/\/linitiative.ca\/International\/wp-json\/wp\/v2\/posts\/16253\/revisions"}],"wp:featuredmedia":[{"embeddable":true,"href":"https:\/\/linitiative.ca\/International\/wp-json\/"}],"wp:attachment":[{"href":"https:\/\/linitiative.ca\/International\/wp-json\/wp\/v2\/media?parent=16253"}],"wp:term":[{"taxonomy":"category","embeddable":true,"href":"https:\/\/linitiative.ca\/International\/wp-json\/wp\/v2\/categories?post=16253"},{"taxonomy":"post_tag","embeddable":true,"href":"https:\/\/linitiative.ca\/International\/wp-json\/wp\/v2\/tags?post=16253"}],"curies":[{"name":"wp","href":"https:\/\/api.w.org\/{rel}","templated":true}]}}