{"id":16254,"date":"2019-02-21T15:52:15","date_gmt":"2019-02-21T20:52:15","guid":{"rendered":"https:\/\/linitiative.ca\/International\/algerie-le-candidat-bouteflika-se-rendra-a-geneve-pour-un-sejour-medical\/"},"modified":"2019-02-21T15:52:15","modified_gmt":"2019-02-21T20:52:15","slug":"algerie-le-candidat-bouteflika-se-rendra-a-geneve-pour-un-sejour-medical","status":"publish","type":"post","link":"https:\/\/linitiative.ca\/International\/algerie-le-candidat-bouteflika-se-rendra-a-geneve-pour-un-sejour-medical\/","title":{"rendered":"Alg\u00e9rie : Le candidat Bouteflika se rendra \u00e0 Gen\u00e8ve pour un s\u00e9jour m\u00e9dical"},"content":{"rendered":"<div class=\"wpsso-schema-image-for-pinterest c4\"><img loading=\"lazy\" decoding=\"async\" src=\"http:\/\/lobservateur.info\/wp-content\/uploads\/2019\/02\/boutef.jpg\" width=\"0\" height=\"0\" class=\"c3\" data-pin-description=\"Le Pr\u00e9sident alg\u00e9rien Abdelaziz Bouteflika se rendra, dimanche 24 f\u00e9vrier 2019, \u00e0 Gen\u00e8ve en Suisse pour des \"contr\u00f4les m\u00e9dicaux p\u00e9riodiques\", a annonc\u00e9 jeudi la Pr\u00e9sidence alg\u00e9rienne, cit\u00e9e par l'agence de presse officielle. Ce d\u00e9placement sera...\" alt=\"\"\/><\/div>\n<p><img loading=\"lazy\" decoding=\"async\" class=\"alignnone wp-image-57924 size-large\" src=\"http:\/\/lobservateur.info\/wp-content\/uploads\/2019\/02\/boutef-550x275.jpg\" alt=\"\" width=\"550\" height=\"275\" data-wp-pid=\"57924\"\/><\/p>\n<p>Le Pr\u00e9sident alg\u00e9rien Abdelaziz Bouteflika se rendra, dimanche 24 f\u00e9vrier 2019, \u00e0 Gen\u00e8ve en Suisse pour des \u00ab\u00a0contr\u00f4les m\u00e9dicaux p\u00e9riodiques\u00a0\u00bb, a annonc\u00e9 jeudi la Pr\u00e9sidence alg\u00e9rienne, cit\u00e9e par l\u2019agence de presse officielle.<\/p>\n<p>Ce d\u00e9placement sera de courte dur\u00e9e, a pr\u00e9cis\u00e9 la m\u00eame source dans un bref communiqu\u00e9 sans donner plus de d\u00e9tails. Le Pr\u00e9sident alg\u00e9rien Abdelaziz Bouteflika, qui avait annonc\u00e9 le 10 f\u00e9vrier dans un message sa candidature officielle pour un cinqui\u00e8me mandat pr\u00e9sidentiel, avait reconnu qu\u2019il n\u2019a \u00ab\u00a0plus les m\u00eames forces physiques qu\u2019avant\u00a0\u00bb.<\/p>\n<p>Tout en relevant que son pays fait face \u00e0 de multiples contraintes, notamment celles li\u00e9es \u00e0 la croissance de la population, \u00e0 la multiplication des besoins \u00e0 satisfaire, \u00e0 l\u2019\u00e9rosion des ressources financi\u00e8res ext\u00e9rieures, aux incertitudes de l\u2019\u00e9conomie mondiale, aux troubles r\u00e9gionaux et internationaux, mais \u00e9galement \u00e0 l\u2019apparition dans la soci\u00e9t\u00e9 alg\u00e9rienne de comportements contraires aux principes d\u2019int\u00e9grit\u00e9 et au valeurs morales de respect du travail et du sens de l\u2019effort, le chef de l\u2019Etat, au pouvoir depuis 1999, a assur\u00e9 que s\u2019il est \u00e9lu, il mettra sur pied une \u00ab\u00a0conf\u00e9rence nationale inclusive\u00a0\u00bb dont l\u2019objectif sera l\u2019\u00e9laboration d\u2019une \u00ab\u00a0plateforme politique, \u00e9conomique et sociale\u00a0\u00bb.<\/p>\n<p>Depuis l\u2019annonce officielle de cette candidature controvers\u00e9e, plusieurs manifestations ont \u00e9t\u00e9 organis\u00e9es \u00e0 travers toute l\u2019Alg\u00e9rie contre le cinqui\u00e8me mandat. Le mouvement a fait boule de neige \u00e0 Chlef et \u00e0 Alger, d\u2019abord, \u00e0 Bordj Bou-Arr\u00e9ridj, ensuite, avant de se propager dans d\u2019autres contr\u00e9es de l\u2019Alg\u00e9rie profonde \u00e0 l\u2019image d\u2019Oran, d\u2019Annaba, de Biskra, de Tizi Ouzou, de Batna, d\u2019Oum El-Bouaghi, d\u2019El-Tarf et de B\u00e9ja\u00efa.<\/p>\n<p>Auteur: L&rsquo;observateur<br \/>\n<a href=\"http:\/\/lobservateur.info\/monde\/maghreb\/algerie-le-candidat-bouteflika-se-rendra-a-geneve-pour-un-sejour-medical\/\">Cliquez ici pour lire l&rsquo;article depuis sa source.<\/a><\/p>\n","protected":false},"excerpt":{"rendered":"<p>Le Pr\u00e9sident alg\u00e9rien Abdelaziz Bouteflika se rendra, dimanche 24 f\u00e9vrier 2019, \u00e0 Gen\u00e8ve en Suisse pour des \u00ab\u00a0contr\u00f4les m\u00e9dicaux p\u00e9riodiques\u00a0\u00bb, a annonc\u00e9 jeudi la Pr\u00e9sidence alg\u00e9rienne, cit\u00e9e par l\u2019agence de presse officielle. Ce d\u00e9placement sera de courte dur\u00e9e, a pr\u00e9cis\u00e9 la m\u00eame source dans un bref communiqu\u00e9 sans donner plus de d\u00e9tails. Le Pr\u00e9sident alg\u00e9rien [&hellip;]<\/p>\n","protected":false},"author":1762,"featured_media":16258,"comment_status":"closed","ping_status":"closed","sticky":false,"template":"","format":"standard","meta":{"fifu_image_url":"","fifu_image_alt":"","footnotes":""},"categories":[73,54],"tags":[],"class_list":["post-16254","post","type-post","status-publish","format-standard","has-post-thumbnail","hentry","category-actualite","category-maroc"],"_links":{"self":[{"href":"https:\/\/linitiative.ca\/International\/wp-json\/wp\/v2\/posts\/16254","targetHints":{"allow":["GET"]}}],"collection":[{"href":"https:\/\/linitiative.ca\/International\/wp-json\/wp\/v2\/posts"}],"about":[{"href":"https:\/\/linitiative.ca\/International\/wp-json\/wp\/v2\/types\/post"}],"author":[{"embeddable":true,"href":"https:\/\/linitiative.ca\/International\/wp-json\/wp\/v2\/users\/1762"}],"replies":[{"embeddable":true,"href":"https:\/\/linitiative.ca\/International\/wp-json\/wp\/v2\/comments?post=16254"}],"version-history":[{"count":0,"href":"https:\/\/linitiative.ca\/International\/wp-json\/wp\/v2\/posts\/16254\/revisions"}],"wp:featuredmedia":[{"embeddable":true,"href":"https:\/\/linitiative.ca\/International\/wp-json\/"}],"wp:attachment":[{"href":"https:\/\/linitiative.ca\/International\/wp-json\/wp\/v2\/media?parent=16254"}],"wp:term":[{"taxonomy":"category","embeddable":true,"href":"https:\/\/linitiative.ca\/International\/wp-json\/wp\/v2\/categories?post=16254"},{"taxonomy":"post_tag","embeddable":true,"href":"https:\/\/linitiative.ca\/International\/wp-json\/wp\/v2\/tags?post=16254"}],"curies":[{"name":"wp","href":"https:\/\/api.w.org\/{rel}","templated":true}]}}